{"id":10407,"date":"2026-06-03T23:19:13","date_gmt":"2026-06-03T20:19:13","guid":{"rendered":"https:\/\/imgist.ru\/dzho-dzhonas-zayavil-chto-on-blagodaren-za-vozmozhnost-sovmestno-vospityvat-rebenka-s-sofi-terner\/"},"modified":"2026-06-03T23:19:13","modified_gmt":"2026-06-03T20:19:13","slug":"joe-jonas-sagte-er-sei-dankbar-fur-die-moglichkeit-sich-die-erziehung-seiner-tochter-mit-sofie-turner-zu-teilen","status":"publish","type":"post","link":"https:\/\/imgist.ru\/de\/dzho-dzhonas-zayavil-chto-on-blagodaren-za-vozmozhnost-sovmestno-vospityvat-rebenka-s-sofi-terner\/","title":{"rendered":"Joe Jonas sagte, er sei \u00abdankbar\u00bb daf\u00fcr, sich die Erziehung seiner Tochter Sophie Turner mit ihr zu teilen."},"content":{"rendered":"<p>Joe Jonas spricht \u00fcber das Vatersein in einer entspannteren Atmosph\u00e4re als jene, die seine Trennung von Sophie Turner begleitete.<\/p>\n<p> W\u00e4hrend einer Folge des iHeartRadio-Podcasts <em>Hey Jonas!<\/em> Am 2. Juni, den er zusammen mit seinen Br\u00fcdern Nick und Kevin Jonas moderiert, teilte der Jonas-Brothers-S\u00e4nger seltene Neuigkeiten \u00fcber das gemeinsame Sorgerecht mit Turner mit. Us Weekly berichtete, dass Jonas sich selbst als alleinerziehenden Vater bezeichnete und seine Dankbarkeit f\u00fcr die M\u00f6glichkeit zum Ausdruck brachte, die elterliche Verantwortung mit seiner Ex-Frau zu teilen.<\/p>\n<p> Jonas und Turner haben zwei T\u00f6chter, Willa (5) und Delphine (3). Das ehemalige Paar lie\u00df sich 2024 nach einer \u00f6ffentlichen Trennung und einem Sorgerechtsstreit endg\u00fcltig scheiden.<\/p>\n<h2> Jonas sagte, seine T\u00f6chter h\u00e4tten ihm einen Sinn im Leben gegeben.<\/h2>\n<p> \u00abIch bin alleinerziehender Vater und ziehe meine Kinder zusammen mit der Mutter meiner Kinder gro\u00df\u00bb, sagte Jonas laut Us Weekly in dem Podcast. \u00abIch glaube, meine Kinder haben mir einen neuen Sinn im Leben gegeben.\u00bb.<\/p>\n<p> Entertainment Weekly berichtete, dass Jonas sagte, seine T\u00f6chter seien der Grund, warum er das tut, was er tut. Er erkl\u00e4rte, dass er hart arbeitet, wenn er nicht bei ihnen ist, um die Zeit mit ihnen genie\u00dfen zu k\u00f6nnen.<\/p>\n<p> Jonas sagte au\u00dferdem, dass Umarmungen seiner T\u00f6chter selbst die traurigsten Momente seines Lebens ver\u00e4ndern k\u00f6nnen. Er sah die Vaterschaft nicht als Grund, \u00fcber Scheidung zu sprechen. Er beschrieb sie als den Teil seines Lebens, der ihm Halt gibt.<\/p>\n<h2> Er sagte, er sei Turner dankbar, dass dieser sein Co-Elternteil sei.<\/h2>\n<p> Der bemerkenswerteste Moment des Updates war, als Jonas \u00fcber die gemeinsame Kindererziehung mit Turner sprach.<\/p>\n<p> Laut Us Weekly sagte Jonas, er sei dankbar f\u00fcr seine Co-Elternpartnerin, die ihm auch in schwierigen Zeiten zur Seite stehe. Er lobte au\u00dferdem das soziale Netz, das ihm nach seiner Scheidung geholfen habe, sich in der Vaterrolle zurechtzufinden.<\/p>\n<p> Entertainment Weekly merkte an, dass Jonas Turner bereits zuvor f\u00fcr ihre Erziehungsf\u00e4higkeiten gelobt habe und sagte, ihre Kinder h\u00e4tten eine \u00abwunderbare Mutter\u00bb und er habe das Gl\u00fcck, seine T\u00f6chter mit jemandem gro\u00dfzuziehen, der auch ihre Interessen an erste Stelle setze.<\/p>\n<h2> Die Scheidung begann mit einem Streit um das Sorgerecht f\u00fcr die Kinder.<\/h2>\n<p> Jonas reichte im September 2023 nach vier Jahren Ehe die Scheidung von Turner ein.<\/p>\n<p> Die Ex-Eheleute ver\u00f6ffentlichten damals eine gemeinsame Erkl\u00e4rung, in der sie ihre einvernehmliche Trennung bekannt gaben und um Privatsph\u00e4re f\u00fcr sich und ihre Kinder baten. Die Scheidung wurde jedoch bald kompliziert, als Sorgerechts- und Reiseangelegenheiten f\u00fcr ihre T\u00f6chter \u00f6ffentlich wurden.<\/p>\n<p> Wie bereits berichtet, reichte Turner 2023 eine Klage ein, in der sie die R\u00fcckf\u00fchrung ihrer Kinder nach England forderte, da Jonas angeblich deren P\u00e4sse einbehalten hatte. Jonas wies die Vorw\u00fcrfe durch seinen Vertreter zur\u00fcck.<\/p>\n<p> Der Streit r\u00fcckte anschlie\u00dfend einer L\u00f6sung n\u00e4her. Laut People erzielten Jonas und Turner im Oktober 2023 eine vorl\u00e4ufige Sorgerechtsvereinbarung, und Turner zog ihre Anspr\u00fcche im Januar 2024 zur\u00fcck.<\/p>\n<h2> Sp\u00e4ter fanden sie einen friedlicheren Weg der gemeinsamen Elternschaft.<\/h2>\n<p> Im September 2024 berichtete People, dass Jonas und Turner ihre Scheidung abgeschlossen h\u00e4tten und sich nun darauf konzentrierten, ihre T\u00f6chter gemeinsam gro\u00dfzuziehen.<\/p>\n<p> Eine Quelle teilte der Zeitung damals mit, dass das Ex-Paar nach dem vorangegangenen Sorgerechtsstreit \u00abdie Dinge zum Guten gewendet\u00bb habe und sich nun darauf konzentriere, was das Beste f\u00fcr Willa und Delphine sei.<\/p>\n<p> Turner hat sich auch hinsichtlich der Kindererziehung mit Jonas vorsichtig ge\u00e4u\u00dfert. In einem Interview mit der britischen Vogue aus dem Jahr 2024, das von Entertainment Weekly zitiert wurde, sagte sie, Jonas sei ein wundervoller Vater und sie t\u00e4ten ihr Bestes.<\/p>\n<p> Jonas&#039; j\u00fcngste \u00c4u\u00dferungen im Podcast passen zu dieser Herangehensweise. Er ging nicht n\u00e4her auf das Gerichtsverfahren ein. Er sprach dar\u00fcber, wie er arbeitet, w\u00e4hrend seine T\u00f6chter nicht da sind, wie wichtig es ihm ist, die Zeit mit ihnen zu genie\u00dfen, und dass er schwierige Zeiten nicht allein durchstehen muss.<\/p>","protected":false},"excerpt":{"rendered":"<p>Joe Jonas spricht in einer deutlich entspannteren Atmosph\u00e4re \u00fcber das Vatersein als rund um seine Trennung von Sophie Turner. In einer Folge des iHeartRadio-Podcasts \u201eHey Jonas!\u201c\u2026<\/p>","protected":false},"author":1,"featured_media":10408,"comment_status":"open","ping_status":"closed","sticky":false,"template":"","format":"standard","meta":{"footnotes":""},"categories":[5],"tags":[],"class_list":["post-10407","post","type-post","status-publish","format-standard","has-post-thumbnail","hentry","category-selebriti","hvn-theme-has-thumbnail"],"_links":{"self":[{"href":"https:\/\/imgist.ru\/de\/wp-json\/wp\/v2\/posts\/10407","targetHints":{"allow":["GET"]}}],"collection":[{"href":"https:\/\/imgist.ru\/de\/wp-json\/wp\/v2\/posts"}],"about":[{"href":"https:\/\/imgist.ru\/de\/wp-json\/wp\/v2\/types\/post"}],"author":[{"embeddable":true,"href":"https:\/\/imgist.ru\/de\/wp-json\/wp\/v2\/users\/1"}],"replies":[{"embeddable":true,"href":"https:\/\/imgist.ru\/de\/wp-json\/wp\/v2\/comments?post=10407"}],"version-history":[{"count":0,"href":"https:\/\/imgist.ru\/de\/wp-json\/wp\/v2\/posts\/10407\/revisions"}],"wp:featuredmedia":[{"embeddable":true,"href":"https:\/\/imgist.ru\/de\/wp-json\/wp\/v2\/media\/10408"}],"wp:attachment":[{"href":"https:\/\/imgist.ru\/de\/wp-json\/wp\/v2\/media?parent=10407"}],"wp:term":[{"taxonomy":"category","embeddable":true,"href":"https:\/\/imgist.ru\/de\/wp-json\/wp\/v2\/categories?post=10407"},{"taxonomy":"post_tag","embeddable":true,"href":"https:\/\/imgist.ru\/de\/wp-json\/wp\/v2\/tags?post=10407"}],"curies":[{"name":"wp","href":"https:\/\/api.w.org\/{rel}","templated":true}]}}