{"id":10792,"date":"2026-06-04T02:20:02","date_gmt":"2026-06-03T23:20:02","guid":{"rendered":"http:\/\/imgist.ru\/po-soobshheniyam-kamila-kabello-i-genri-dzhunior-chalhub-rasstalis-posle-bolee-chem-goda-otnoshenij\/"},"modified":"2026-06-04T02:20:02","modified_gmt":"2026-06-03T23:20:02","slug":"camila-cabello-und-henry-junior-chalhub-haben-sich-nach-uber-einem-jahr-beziehung-getrennt","status":"publish","type":"post","link":"https:\/\/imgist.ru\/de\/po-soobshheniyam-kamila-kabello-i-genri-dzhunior-chalhub-rasstalis-posle-bolee-chem-goda-otnoshenij\/","title":{"rendered":"Camila Cabello und Henry Junior Chalhoub haben sich nach mehr als einem Jahr Beziehung getrennt."},"content":{"rendered":"<p>Camila Cabello und Henry Junior Chalhoub haben sich nach mehr als einem Jahr Beziehung getrennt.<\/p>\n<p> Laut TMZ haben sich die S\u00e4ngerin, bekannt durch ihren Hit \u00abHavana\u00bb, und der libanesische Gesch\u00e4ftsmann k\u00fcrzlich getrennt. Das Portal berichtet, ihr letzter gemeinsamer \u00f6ffentlicher Auftritt sei im April beim Coachella-Festival gewesen, und die Gr\u00fcnde f\u00fcr die Trennung seien unklar.<\/p>\n<p> Ihre Beziehung blieb weitgehend privat, obwohl Cabello und Shalhoub w\u00e4hrend ihrer gemeinsamen Zeit an mehreren ber\u00fchmten Orten zusammen fotografiert wurden.<\/p>\n<h2> Die Trennung scheint erst vor Kurzem stattgefunden zu haben.<\/h2>\n<p> Laut TMZ wurden Cabello und Shalhoub auch in diesem Fr\u00fchjahr noch gemeinsam in der \u00d6ffentlichkeit gesehen, ihr letzter bekannter gemeinsamer Auftritt als Paar fand im April auf dem Coachella-Festival statt.<\/p>\n<p> Die Zeitung \u00abThe Sun\u00bb berichtete ebenfalls \u00fcber die Trennung und berief sich dabei auf eine Quelle, die sagte, das Paar habe sich \u201eauseinandergelebt\u201c und einvernehmlich beschlossen, die Beziehung zu beenden.<\/p>\n<p> Weder Cabello noch Shalhoub haben sich \u00f6ffentlich zu den Berichten \u00fcber ihre Trennung ge\u00e4u\u00dfert.<\/p>\n<h2> Ihre Beziehung wurde erstmals nach einer Veranstaltung von Elie Saab bekannt.<\/h2>\n<p> Die Romanze zwischen Cabello und Shalhoub wurde erstmals Ende 2024 bekannt, nachdem sie gemeinsam an einer Party von Elie Saab in Saudi-Arabien teilgenommen hatten.<\/p>\n<p> Chalhoub geh\u00f6rt der Familie hinter der Chalhoub Group, einem bedeutenden Luxuseinzelhandels- und Vertriebsunternehmen mit Sitz im Nahen Osten. Das Unternehmen gibt an, mit \u00fcber 450 internationalen Marken aus den Bereichen Luxus, Kosmetik, Mode und Lifestyle zusammenzuarbeiten.<\/p>\n<h2> Romantische Beziehungen traten bei Begegnungen im Urlaub deutlicher zutage.<\/h2>\n<p> Die Beziehung erlangte im Januar 2025 mehr Aufmerksamkeit, als Cabello und Shalhoub zusammen in St. Barth\u00e9lemy fotografiert wurden.<\/p>\n<p> Sp\u00e4ter wurden sie bei der Pariser Fashion Week und im Urlaub auf Ibiza gesichtet. Im Juli 2025 berichtete People, dass Cabello nach ihrer Reise nach Ibiza auf Instagram gepostet hatte, sie habe sich \u00abverliebt\u00bb.<\/p>\n<p> Der Post lieferte den Fans einen der deutlichsten \u00f6ffentlichen Hinweise auf eine Romanze, doch Cabello und Shalhoub machten ihre Beziehung nie zu einer dauerhaften \u00f6ffentlichen Angelegenheit.<\/p>\n<h2> Cabello h\u00e4lt Teile ihres Privatlebens geheim.<\/h2>\n<p> Cabellos fr\u00fchere Beziehung mit Shawn Mendes ist zu einem festen Bestandteil der Popkultur geworden, aber sie hat auch schon zuvor ge\u00e4u\u00dfert, dass sie bestimmte Aspekte ihres Privatlebens sch\u00fctzen m\u00f6chte.<\/p>\n<p> In diesem Fall kommt es auf den Kontext an. Cabello und Shalhoub wurden zwar oft genug zusammen fotografiert, um ihre Beziehung \u00f6ffentlich zu machen, aber sie gaben keine h\u00e4ufigen gemeinsamen Erkl\u00e4rungen ab und pflegten kein \u00f6ffentliches Image als Paar.<\/p>\n<h2> Die Trennung stand in keinem Zusammenhang mit einem \u00f6ffentlichen Skandal.<\/h2>\n<p> Bisherige Berichte \u00fcber die Trennung deuten weder auf einen Skandal noch auf eine Fehde oder eine \u00f6ffentliche Konfrontation hin.<\/p>\n<p> TMZ berichtete, dass die Gr\u00fcnde f\u00fcr die Trennung unklar seien. Eine Quelle der Zeitung \u201eThe Sun\u201c beschrieb die Trennung als einvernehmliche Entscheidung, die nach einer Verschlechterung der Beziehung des Paares getroffen wurde.<\/p>\n<p> Die Kurzfassung ist einfach: Cabello und Shalhoub waren \u00fcber ein Jahr lang zusammen, traten gemeinsam in der \u00d6ffentlichkeit auf, unter anderem in St. Barts, auf der Pariser Modewoche, in Ibiza und beim Coachella-Festival, und haben sich nun Berichten zufolge getrennt.<\/p>","protected":false},"excerpt":{"rendered":"<p>Camila Cabello und Henry Junior Chalhoub haben sich nach \u00fcber einem Jahr Beziehung getrennt. Laut TMZ sollen die \u00abHavana\u00bb-S\u00e4ngerin und der libanesische Gesch\u00e4ftsmann\u2026<\/p>","protected":false},"author":1,"featured_media":10793,"comment_status":"open","ping_status":"closed","sticky":false,"template":"","format":"standard","meta":{"footnotes":""},"categories":[5],"tags":[],"class_list":["post-10792","post","type-post","status-publish","format-standard","has-post-thumbnail","hentry","category-selebriti","hvn-theme-has-thumbnail"],"_links":{"self":[{"href":"https:\/\/imgist.ru\/de\/wp-json\/wp\/v2\/posts\/10792","targetHints":{"allow":["GET"]}}],"collection":[{"href":"https:\/\/imgist.ru\/de\/wp-json\/wp\/v2\/posts"}],"about":[{"href":"https:\/\/imgist.ru\/de\/wp-json\/wp\/v2\/types\/post"}],"author":[{"embeddable":true,"href":"https:\/\/imgist.ru\/de\/wp-json\/wp\/v2\/users\/1"}],"replies":[{"embeddable":true,"href":"https:\/\/imgist.ru\/de\/wp-json\/wp\/v2\/comments?post=10792"}],"version-history":[{"count":0,"href":"https:\/\/imgist.ru\/de\/wp-json\/wp\/v2\/posts\/10792\/revisions"}],"wp:featuredmedia":[{"embeddable":true,"href":"https:\/\/imgist.ru\/de\/wp-json\/wp\/v2\/media\/10793"}],"wp:attachment":[{"href":"https:\/\/imgist.ru\/de\/wp-json\/wp\/v2\/media?parent=10792"}],"wp:term":[{"taxonomy":"category","embeddable":true,"href":"https:\/\/imgist.ru\/de\/wp-json\/wp\/v2\/categories?post=10792"},{"taxonomy":"post_tag","embeddable":true,"href":"https:\/\/imgist.ru\/de\/wp-json\/wp\/v2\/tags?post=10792"}],"curies":[{"name":"wp","href":"https:\/\/api.w.org\/{rel}","templated":true}]}}