{"id":10802,"date":"2026-06-04T02:20:59","date_gmt":"2026-06-03T23:20:59","guid":{"rendered":"http:\/\/imgist.ru\/kamila-mendes-nazvala-svoj-lyubimyj-obraz-na-krasnoj-dorozhke-i-tot-ot-kotorogo-ej-do-sih-por-nelovko\/"},"modified":"2026-06-04T02:20:59","modified_gmt":"2026-06-03T23:20:59","slug":"camila-mendes-verriet-ihren-lieblingslook-auf-dem-roten-teppich-und-den-bei-dem-sie-sich-immer-noch-unwohl-fuhlt","status":"publish","type":"post","link":"https:\/\/imgist.ru\/de\/kamila-mendes-nazvala-svoj-lyubimyj-obraz-na-krasnoj-dorozhke-i-tot-ot-kotorogo-ej-do-sih-por-nelovko\/","title":{"rendered":"Camila Mendes hat ihren Lieblings-Red-Carpet-Look verraten und den, bei dem sie sich immer noch unwohl f\u00fchlt."},"content":{"rendered":"<p>Camila Mendes blickt auf ihre Auftritte auf dem roten Teppich zur\u00fcck und w\u00e4hlt dabei \u00fcberlegt aus, welche Looks sie noch immer liebt und welche sie lieber vergessen w\u00fcrde.<\/p>\n<p> 31-j\u00e4hriger Star <em>Fernsehserie &quot;Riverdale&quot;<\/em> \u00bbMendes teilte ihre besten und schlechtesten Red-Carpet-Momente in einem \u00abWahrheit oder Flucht\u00bb-Spiel von Who What Wear. Laut People nannte Mendes zwar nicht den konkreten Anlass, bei dem sie ihren \u00abl\u00e4cherlichsten\u00bb Look trug, merkte aber an, dass das Outfit besonders auffiel, weil es \u00abnicht zu mir passte\u00bb.<\/p>\n<h2> Ihr Lieblingslook war ein Kleid von Tamara Ralph.<\/h2>\n<p> Auf die Frage nach ihrem Lieblings-Red-Carpet-Look gab Mendes eine klare Antwort.<\/p>\n<p> Sie deutete auf das Kleid von Tamara Ralph, das sie auf der Vanity Fair Oscar-Party 2024 trug. Laut People beschrieb Mendes den Look als einen skulpturalen goldenen BH mit einem schwarzen Samtrock.<\/p>\n<p> Ein Kleid aus der Tamara Ralph Haute Couture Kollektion Fr\u00fchjahr 2024. Bei den Red Carpet Fashion Awards wurde es als schwarzes Samt-Meerjungfrauenkleid mit einem reich verzierten Oberteil aus goldenen Kristallrosen beschrieben.<\/p>\n<h2> Sie hat dem Outfit keinen Namen gegeben, was sie bedauert.<\/h2>\n<p> Mendes nannte keinen Grund, warum ihr ihr Aussehen am wenigsten gefiel.<\/p>\n<p> Sie soll es als ein \u00abwichtiges Ereignis\u00bb bezeichnet und gesagt haben, das Outfit sei nicht unbedingt h\u00e4sslich gewesen. Ihr Problem war eher pers\u00f6nlicher Natur: Sie fand, es entspr\u00e4che nicht ihrem Stil.<\/p>\n<p> Das ist der Nutzen des Zitats. Mendes kritisierte weder die Designerin noch nannte sie das schlimmste Modebeispiel. Sie beschrieb, wie es ist, etwas zu tragen, das auf Fotos zwar gut aussieht, aber der Tr\u00e4gerin nicht steht.<\/p>\n<h2> Die \u00c4u\u00dferung erfolgte w\u00e4hrend ihrer Pressekonferenz vor der Verleihung ihres Master-Abschlusses.<\/h2>\n<p> Mendes wirbt derzeit f\u00fcr <em>Film &quot;Masters of the Universe&quot;\u00ab<\/em> , wo sie Teela spielt und Nicholas Galitzine Prinz Adam und He-Man spielt.<\/p>\n<p> Who What Wear bezeichnete den Film als Mendes&#039; ambitioniertestes Werk seit ihrer Durchbruchrolle als Veronica Lodge. <em>die Fernsehserie &quot;Riverdale&quot;\u00ab<\/em> .<\/p>\n<p> Die Rolle brachte Mendes auch wieder ins Rampenlicht des roten Teppichs, wobei ihre Looks bei der Premiere und ihr Styling auf der Pressetour zus\u00e4tzliche Aufmerksamkeit erregten.<\/p>\n<h2> Nach Riverdale hatte sie das Gef\u00fchl, die Kontrolle wiedererlangt zu haben.<\/h2>\n<p> Nach <em>Fernsehserie &quot;Riverdale&quot;\u00ab<\/em> Mendes war an mehreren Projekten beteiligt, darunter <em>\u00abRache \u00fcben\u00bb<\/em> , <em>\u00abVerbessert<\/em> \u00bb&quot; Und <em>\u00abMusik\u00bb<\/em> .<\/p>\n<p> Gemeinsam mit Rachel Matthews gr\u00fcndete sie au\u00dferdem die Produktionsfirma Honor Role. In ihrem Titelinterview f\u00fcr Who What Wear erkl\u00e4rte Mendes, dass ihr das Unternehmen geholfen habe, ihre Unabh\u00e4ngigkeit zur\u00fcckzugewinnen und ihr eine weitere M\u00f6glichkeit bot, Projekte zu realisieren, als sie in der Branche keine passenden Rollen fand.<\/p>\n<p> Dieser Kontext macht ihre Reaktion auf dem roten Teppich treffender. Mendes w\u00e4hlt ihre Rollen nicht nur anders aus, sondern versteht auch besser, ob das damit verbundene Image mit ihrer eigenen Pers\u00f6nlichkeit \u00fcbereinstimmt.<\/p>\n<p> Ihr Lieblingslook vermittelte ihr dieses Gef\u00fchl. Das namenlose Outfit hingegen nicht.<\/p>","protected":false},"excerpt":{"rendered":"<p>Camila Mendes blickt auf ihre Karriere auf dem roten Teppich zur\u00fcck und w\u00e4hlt mit Bedacht den Look aus, den sie noch immer liebt und der sie ber\u00fchmt gemacht hat...<\/p>","protected":false},"author":1,"featured_media":0,"comment_status":"open","ping_status":"closed","sticky":false,"template":"","format":"standard","meta":{"footnotes":""},"categories":[5],"tags":[],"class_list":["post-10802","post","type-post","status-publish","format-standard","hentry","category-selebriti"],"_links":{"self":[{"href":"https:\/\/imgist.ru\/de\/wp-json\/wp\/v2\/posts\/10802","targetHints":{"allow":["GET"]}}],"collection":[{"href":"https:\/\/imgist.ru\/de\/wp-json\/wp\/v2\/posts"}],"about":[{"href":"https:\/\/imgist.ru\/de\/wp-json\/wp\/v2\/types\/post"}],"author":[{"embeddable":true,"href":"https:\/\/imgist.ru\/de\/wp-json\/wp\/v2\/users\/1"}],"replies":[{"embeddable":true,"href":"https:\/\/imgist.ru\/de\/wp-json\/wp\/v2\/comments?post=10802"}],"version-history":[{"count":0,"href":"https:\/\/imgist.ru\/de\/wp-json\/wp\/v2\/posts\/10802\/revisions"}],"wp:attachment":[{"href":"https:\/\/imgist.ru\/de\/wp-json\/wp\/v2\/media?parent=10802"}],"wp:term":[{"taxonomy":"category","embeddable":true,"href":"https:\/\/imgist.ru\/de\/wp-json\/wp\/v2\/categories?post=10802"},{"taxonomy":"post_tag","embeddable":true,"href":"https:\/\/imgist.ru\/de\/wp-json\/wp\/v2\/tags?post=10802"}],"curies":[{"name":"wp","href":"https:\/\/api.w.org\/{rel}","templated":true}]}}