{"id":11124,"date":"2026-06-04T07:21:09","date_gmt":"2026-06-04T04:21:09","guid":{"rendered":"https:\/\/imgist.ru\/resheno-kamila-mendes-schitaet-chto-eto-eyo-luchshij-obraz-na-krasnoj-dorozhke-za-vsyu-kareru\/"},"modified":"2026-08-29T12:06:20","modified_gmt":"2026-08-29T09:06:20","slug":"camila-mendes-sagt-dies-sei-ihr-bisher-bester-red-carpet-look","status":"publish","type":"post","link":"https:\/\/imgist.ru\/de\/resheno-kamila-mendes-schitaet-chto-eto-eyo-luchshij-obraz-na-krasnoj-dorozhke-za-vsyu-kareru\/","title":{"rendered":"Beschlossen: Camila Mendes findet, das sei ihr bester Red-Carpet-Look ihrer Karriere."},"content":{"rendered":"<p>Wenn Sie \u00fcber Links in unseren Artikeln einen Kauf t\u00e4tigen, erhalten Future und seine Vertriebspartner m\u00f6glicherweise eine Provision. <\/p>\n<p> Foto: Gleason Paulino<\/p>\n<p> Seit seinem Durchbruch in <em>die Fernsehserie &quot;Riverdale&quot;\u00ab<\/em> Im Jahr 2017 besuchte Camila Mendes, Coverstar von Who What Wear, zahlreiche Red-Carpet-Events, darunter die Met Gala, die Comic-Con, die Filmfestspiele von Venedig sowie zahlreiche Filmpremieren und Preisverleihungen. <em>ziemlich viel<\/em> Stundenlanges Tragen von High Heels und luxuri\u00f6sen Kleidern.<\/p>\n<p> Auf die Frage nach ihrem Lieblingslook auf dem roten Teppich erinnerte sie sich \u00fcberraschend schnell an all ihre Outfits: \u00abDas Tamara-Ralph-Kleid, das ich auf der Party trug.\u201c <em>Vanity Fair<\/em> \u00bbIch trug einen skulpturalen goldenen BH und einen wundersch\u00f6nen schwarzen Samtrock\u00ab, erz\u00e4hlte Mendes dem Magazin \u00bbWho What Wear\u00ab mit Blick auf die allj\u00e4hrliche Oscar-After-Party 2024. \u201eIch fand den Look wirklich umwerfend. Ich habe stundenlang beim Juwelier den Metall-BH anprobiert. Sie haben eine kleine Markierung gemacht, ihn dann angeschwei\u00dft und mir zur\u00fcckgebracht, und ich habe ihn wieder anprobiert. Ich habe dort die Nacht vor der Party verbracht.\u201c <em>Vanity Fair,<\/em> \u00abWir haben den Oscars den perfekten Look gewidmet. Er passte mir wie angegossen. Es war einfach unglaublich.\u00bb Scrollen Sie nach unten, um in Erinnerungen an den Look zu schwelgen und unser vollst\u00e4ndiges Interview mit Mendes auf YouTube anzusehen. <\/p>\n<p> Quelle: Getty Images<\/p>\n<p> <strong>\u00dcber Camila Mendes:<\/strong> Kleid von Tamara Ralph. <\/p>\n<p> Quelle: Getty Images<\/p>","protected":false},"excerpt":{"rendered":"<p>Wenn Sie \u00fcber Links in unseren Artikeln etwas kaufen, erhalten Future und seine Vertriebspartner m\u00f6glicherweise eine Provision. Foto: Gleason Paulino. Seit seiner Gr\u00fcndung\u2026<\/p>","protected":false},"author":1,"featured_media":11125,"comment_status":"open","ping_status":"closed","sticky":false,"template":"","format":"standard","meta":{"footnotes":""},"categories":[5],"tags":[],"class_list":["post-11124","post","type-post","status-publish","format-standard","has-post-thumbnail","hentry","category-selebriti","hvn-theme-has-thumbnail"],"_links":{"self":[{"href":"https:\/\/imgist.ru\/de\/wp-json\/wp\/v2\/posts\/11124","targetHints":{"allow":["GET"]}}],"collection":[{"href":"https:\/\/imgist.ru\/de\/wp-json\/wp\/v2\/posts"}],"about":[{"href":"https:\/\/imgist.ru\/de\/wp-json\/wp\/v2\/types\/post"}],"author":[{"embeddable":true,"href":"https:\/\/imgist.ru\/de\/wp-json\/wp\/v2\/users\/1"}],"replies":[{"embeddable":true,"href":"https:\/\/imgist.ru\/de\/wp-json\/wp\/v2\/comments?post=11124"}],"version-history":[{"count":4,"href":"https:\/\/imgist.ru\/de\/wp-json\/wp\/v2\/posts\/11124\/revisions"}],"predecessor-version":[{"id":154846,"href":"https:\/\/imgist.ru\/de\/wp-json\/wp\/v2\/posts\/11124\/revisions\/154846"}],"wp:featuredmedia":[{"embeddable":true,"href":"https:\/\/imgist.ru\/de\/wp-json\/wp\/v2\/media\/11125"}],"wp:attachment":[{"href":"https:\/\/imgist.ru\/de\/wp-json\/wp\/v2\/media?parent=11124"}],"wp:term":[{"taxonomy":"category","embeddable":true,"href":"https:\/\/imgist.ru\/de\/wp-json\/wp\/v2\/categories?post=11124"},{"taxonomy":"post_tag","embeddable":true,"href":"https:\/\/imgist.ru\/de\/wp-json\/wp\/v2\/tags?post=11124"}],"curies":[{"name":"wp","href":"https:\/\/api.w.org\/{rel}","templated":true}]}}