{"id":11186,"date":"2026-06-04T08:20:03","date_gmt":"2026-06-04T05:20:03","guid":{"rendered":"http:\/\/imgist.ru\/dzhennifer-garner-podrobno-rasskazala-o-sereznyh-trudnostyah-v-svoej-karere-posle-rasstavaniya-s-benom-afflekom\/"},"modified":"2026-06-04T08:20:03","modified_gmt":"2026-06-04T05:20:03","slug":"jennifer-garner-hat-uber-die-ernsten-herausforderungen-gesprochen-denen-sie-sich-nach-der-trennung-von-ben-affleck-in-ihrer-karriere-gegenubersah","status":"publish","type":"post","link":"https:\/\/imgist.ru\/de\/dzhennifer-garner-podrobno-rasskazala-o-sereznyh-trudnostyah-v-svoej-karere-posle-rasstavaniya-s-benom-afflekom\/","title":{"rendered":"Jennifer Garner hat ausf\u00fchrlich \u00fcber die gravierenden Schwierigkeiten in ihrer Karriere nach der Trennung von Ben Affleck gesprochen."},"content":{"rendered":"<p><strong>Jennifer Garner<\/strong> Sie sprach offen \u00fcber die Umw\u00e4lzungen in ihrem Familienleben nach der Trennung von Ben Affleck im Jahr 2015. Zun\u00e4chst schilderte sie ihre Eindr\u00fccke von Schwangerschaft und Genesung, dann erkl\u00e4rte sie, wie sie ihre Karriere vor\u00fcbergehend unterbrach, um sich ganz der Kindererziehung zu widmen. Jetzt, da sie wieder schauspielert, gab sie zu, dass sie bei der Auswahl ihrer Hollywood-Projekte weiterhin w\u00e4hlerisch ist.<\/p>\n<h2> Jennifer Garner hat sich dar\u00fcber ge\u00e4u\u00dfert, wie sich ihre Scheidung von Ben Affleck auf ihre Karriere ausgewirkt hat.<\/h2>\n<p> In einem Gespr\u00e4ch mit InStyle sprach Garner zun\u00e4chst \u00fcber ihre Schwangerschaft und erl\u00e4uterte anschlie\u00dfend, wie sich die Trennung nicht nur auf ihr Privatleben, sondern auch auf ihr Berufsleben auswirkte. Sie sagte: \u00abWenn man in einem Bereich arbeitet, der Schauspielerei erfordert, verliert man durch die Schwangerschaft, die Geburt und die Erholung ein bis anderthalb Jahre.\u00bb.<\/p>\n<p> Sie erz\u00e4hlte, dass sie, als ihre Kinder klein waren, die meiste Zeit mit deren Erziehung verbrachte und nur wenig arbeitete. \u00abAls meine Kinder klein waren, habe ich kaum gearbeitet, und dann durchlebte unsere Familie so gro\u00dfe Umbr\u00fcche, dass ich lange Zeit fast gar nicht gearbeitet habe\u00bb, erkl\u00e4rte sie. Jetzt, zur\u00fcck in Hollywood, erw\u00e4hnte sie, dass sie bei der Auswahl ihrer Projekte w\u00e4hlerisch sei und haupts\u00e4chlich solche annehme, die mit Los Angeles zu tun haben. Denn sie m\u00f6chte nicht lange von ihrer Familie getrennt sein.<\/p>\n<p> Sie reflektierte auch dar\u00fcber, wie \u00abegoistisch\u00bb die Schauspielerei sei, und erkl\u00e4rte, dass es dabei nicht um die famili\u00e4ren Pflichten, sondern um den hektischen Zeitplan gehe. Sie f\u00fcgte hinzu, dass sie sich bei ihren Kindern f\u00fcr ihre Karriere nicht entschuldige und dankbar f\u00fcr deren anhaltende \u00abFreundlichkeit\u00bb und Verst\u00e4ndnis sei. \u00abAber das geh\u00f6rt zum Leben dazu. Harte Arbeit geh\u00f6rt zum Leben, und Fehler geh\u00f6ren zum Leben dazu. Stolpern und Hinfallen \u2013 das ist alles Teil davon\u00bb, erkl\u00e4rte sie. Affleck und Garner heirateten 2005. Sie haben drei Kinder: Violet, Finn und Samuel, die sie nach ihrer Scheidung 2018 gemeinsam erziehen.<\/p>\n<p> <em>Der Originalartikel wurde von Shazmin Navranj ver\u00f6ffentlicht am<\/em> <em>auf der Website ComingSoon.net<\/em> <em>.<\/em><\/p>\n<p> Der Artikel \u00abJennifer Garner schildert ernsthafte berufliche Herausforderungen nach der Trennung von Ben Affleck\u00bb erschien zuerst auf Mandatory.<\/p>","protected":false},"excerpt":{"rendered":"<p>Jennifer Garner sprach offen \u00fcber die Turbulenzen in ihrem Familienleben nach der Trennung von Ben Affleck im Jahr 2015. Zun\u00e4chst schilderte sie ihre Eindr\u00fccke von Schwangerschaft und Genesung\u2026<\/p>","protected":false},"author":1,"featured_media":11187,"comment_status":"open","ping_status":"closed","sticky":false,"template":"","format":"standard","meta":{"footnotes":""},"categories":[5],"tags":[],"class_list":["post-11186","post","type-post","status-publish","format-standard","has-post-thumbnail","hentry","category-selebriti","hvn-theme-has-thumbnail"],"_links":{"self":[{"href":"https:\/\/imgist.ru\/de\/wp-json\/wp\/v2\/posts\/11186","targetHints":{"allow":["GET"]}}],"collection":[{"href":"https:\/\/imgist.ru\/de\/wp-json\/wp\/v2\/posts"}],"about":[{"href":"https:\/\/imgist.ru\/de\/wp-json\/wp\/v2\/types\/post"}],"author":[{"embeddable":true,"href":"https:\/\/imgist.ru\/de\/wp-json\/wp\/v2\/users\/1"}],"replies":[{"embeddable":true,"href":"https:\/\/imgist.ru\/de\/wp-json\/wp\/v2\/comments?post=11186"}],"version-history":[{"count":0,"href":"https:\/\/imgist.ru\/de\/wp-json\/wp\/v2\/posts\/11186\/revisions"}],"wp:featuredmedia":[{"embeddable":true,"href":"https:\/\/imgist.ru\/de\/wp-json\/wp\/v2\/media\/11187"}],"wp:attachment":[{"href":"https:\/\/imgist.ru\/de\/wp-json\/wp\/v2\/media?parent=11186"}],"wp:term":[{"taxonomy":"category","embeddable":true,"href":"https:\/\/imgist.ru\/de\/wp-json\/wp\/v2\/categories?post=11186"},{"taxonomy":"post_tag","embeddable":true,"href":"https:\/\/imgist.ru\/de\/wp-json\/wp\/v2\/tags?post=11186"}],"curies":[{"name":"wp","href":"https:\/\/api.w.org\/{rel}","templated":true}]}}