{"id":11605,"date":"2026-06-04T15:19:28","date_gmt":"2026-06-04T12:19:28","guid":{"rendered":"https:\/\/imgist.ru\/lakejt-stenfild-byl-odet-v-dior-na-pokaze-filma-ya-lyublyu-bustera-v-nyu-jorke\/"},"modified":"2026-08-29T12:07:22","modified_gmt":"2026-08-29T09:07:22","slug":"lakejt-stanfield-trug-dior-bei-der-vorfuhrung-des-films-i-love-buster-in-new-york","status":"publish","type":"post","link":"https:\/\/imgist.ru\/de\/lakejt-stenfild-byl-odet-v-dior-na-pokaze-filma-ya-lyublyu-bustera-v-nyu-jorke\/","title":{"rendered":"LaKeith Stanfield trug Dior bei der Vorf\u00fchrung von I Love Booster in New York City."},"content":{"rendered":"<p>LaKeith Stanfield besuchte die Filmvorf\u00fchrung. <em>\u00abIch liebe Booster<\/em> New York&quot;, das in den Williamsburg Cinemas stattfand. <\/p>\n<p> Adela Loconte\/Variety via Getty Images<\/p>\n<p> Ich wei\u00df, einige von euch sch\u00fctteln jetzt schon den Kopf \u00fcber diese \u00fcbergro\u00dfen Lammfellmanschetten, aber genau deshalb funktioniert dieser Look. Sie wollen nicht unauff\u00e4llig sein. Und genau darum geht es.<\/p>\n<p> W\u00e4hrend der ersten Arbeitsmonate <strong>Jonathan Anderson<\/strong> \u0432 <strong>Dior<\/strong> Eines wurde deutlich: Diese Kleidung brauchte Pers\u00f6nlichkeit. Sie brauchte Selbstbewusstsein. Sie brauchte jemanden, der sich voll und ganz hinter der Idee verstand und sie nicht nur trug. Lakeith hatte diese Eigenschaft schon immer besessen, daher wirkte seine Beteiligung naheliegend.<\/p>\n<p> Beigefarbener Wollmantel aus der Herrenkollektion <strong>Dior Herbst 2026<\/strong> Urspr\u00fcnglich sollte es das zentrale Element des Looks sein. Die markanten Lammfellb\u00fcndchen verleihen ihm einen leicht exzentrischen Touch, weshalb LaKeith sich f\u00fcr einen schlichten und unaufdringlichen Stil entschied: Wei\u00dfes T-Shirt, helle Jeans, G\u00fcrtel. <strong>Dior<\/strong> Medaillon, Sonnenbrille und seine charakteristische Kappe <strong>Dior<\/strong> lie\u00df den Mantel im Mittelpunkt der Aufmerksamkeit stehen.<\/p>\n<p> Es ist diese Zur\u00fcckhaltung, die den Look so gelungen macht. Mehr Lagen, Accessoires oder unterschiedliche Texturen h\u00e4tten schnell \u00fcbertrieben wirken k\u00f6nnen. Stattdessen verlieh das Styling dem Mantel Raum zur Entfaltung.<\/p>\n<p> Vielleicht erinnern Sie sich an Anya Taylor-Joy, die diesen Mantel im Januar bei der Dior Haute Couture Show trug und den Laufsteg-Look mit einem kunstvoll \u00fcber die Schultern drapierten Schal perfekt erg\u00e4nzte. W\u00e4hrend diese Version durchaus beeindruckend war, lenkt LaKeiths Interpretation die Aufmerksamkeit genau dorthin, wo sie hingeh\u00f6rt: auf die herrlich extravaganten \u00c4rmel.<\/p>\n<p> Genau dieses Bild erinnert uns daran, warum Botschafter so wichtig sind. Wenn die richtige Pers\u00f6nlichkeit mit dem passenden Kleidungsst\u00fcck kombiniert wird, ergibt das Outfit pl\u00f6tzlich vollkommen Sinn.<\/p>\n<p> <em>Stylist: Jason Bolden.<\/em> <\/p>\n<p> Dior Herbst 2026<\/p>","protected":false},"excerpt":{"rendered":"<p>LaKeith Stanfield besuchte die Vorf\u00fchrung von \u00abI Love Boosters New York\u00bb in den Williamsburg Cinemas. Adela Loconte\/Variety via Getty Images. Ich kenne einige von\u2026<\/p>","protected":false},"author":1,"featured_media":11606,"comment_status":"open","ping_status":"closed","sticky":false,"template":"","format":"standard","meta":{"footnotes":""},"categories":[5],"tags":[],"class_list":["post-11605","post","type-post","status-publish","format-standard","has-post-thumbnail","hentry","category-selebriti","hvn-theme-has-thumbnail"],"_links":{"self":[{"href":"https:\/\/imgist.ru\/de\/wp-json\/wp\/v2\/posts\/11605","targetHints":{"allow":["GET"]}}],"collection":[{"href":"https:\/\/imgist.ru\/de\/wp-json\/wp\/v2\/posts"}],"about":[{"href":"https:\/\/imgist.ru\/de\/wp-json\/wp\/v2\/types\/post"}],"author":[{"embeddable":true,"href":"https:\/\/imgist.ru\/de\/wp-json\/wp\/v2\/users\/1"}],"replies":[{"embeddable":true,"href":"https:\/\/imgist.ru\/de\/wp-json\/wp\/v2\/comments?post=11605"}],"version-history":[{"count":4,"href":"https:\/\/imgist.ru\/de\/wp-json\/wp\/v2\/posts\/11605\/revisions"}],"predecessor-version":[{"id":155224,"href":"https:\/\/imgist.ru\/de\/wp-json\/wp\/v2\/posts\/11605\/revisions\/155224"}],"wp:featuredmedia":[{"embeddable":true,"href":"https:\/\/imgist.ru\/de\/wp-json\/wp\/v2\/media\/11606"}],"wp:attachment":[{"href":"https:\/\/imgist.ru\/de\/wp-json\/wp\/v2\/media?parent=11605"}],"wp:term":[{"taxonomy":"category","embeddable":true,"href":"https:\/\/imgist.ru\/de\/wp-json\/wp\/v2\/categories?post=11605"},{"taxonomy":"post_tag","embeddable":true,"href":"https:\/\/imgist.ru\/de\/wp-json\/wp\/v2\/tags?post=11605"}],"curies":[{"name":"wp","href":"https:\/\/api.w.org\/{rel}","templated":true}]}}