{"id":12585,"date":"2026-06-04T22:19:27","date_gmt":"2026-06-04T19:19:27","guid":{"rendered":"https:\/\/imgist.ru\/princz-garri-i-megan-markl-schitayut-chto-remont-kottedzha-frogmor-otmenyayut-iz-vrednosti\/"},"modified":"2026-06-04T22:19:27","modified_gmt":"2026-06-04T19:19:27","slug":"prinz-harry-und-meghan-markle-glauben-dass-die-renovierung-von-frogmore-cottage-aus-boshaftigkeit-abgebrochen-wird","status":"publish","type":"post","link":"https:\/\/imgist.ru\/de\/princz-garri-i-megan-markl-schitayut-chto-remont-kottedzha-frogmor-otmenyayut-iz-vrednosti\/","title":{"rendered":"Prinz Harry und Meghan Markle \u00abglauben\u00bb, dass die Renovierung von Frogmore Cottage \u00abaus Bosheit\u00bb abgesagt wird."},"content":{"rendered":"<p>Wie berichtet von <em>Ver\u00f6ffentlichung des Examiners<\/em> Laut einer mit der Situation vertrauten Quelle kursieren Ger\u00fcchte, dass Mitglieder der k\u00f6niglichen Familie beabsichtigen, die letzten Spuren ihrer Anwesenheit zu beseitigen. <strong>Prinz Harry<\/strong> \u0438 <strong>Meghan Markle<\/strong> Das Frogmore Cottage ist bei seinen ehemaligen Mietern nicht beliebt.<\/p>\n<p> Am Mittwoch, dem 27. Mai, <em>Die Sun-Zeitung<\/em> Laut der Zeitung gibt es Pl\u00e4ne, die millionenschweren Renovierungsarbeiten, die der Herzog und die Herzogin von Sussex an ihrem ehemaligen Ehewohnsitz durchgef\u00fchrt haben, r\u00fcckg\u00e4ngig zu machen und die M\u00f6glichkeit zu pr\u00fcfen, das Geb\u00e4ude wieder in zwei Doppelhaush\u00e4lften umzuwandeln.<\/p>\n<p> \u00abDas ist ein schwerer Schlag f\u00fcr Harry\u00bb, sagt eine Quelle aus seinem Umfeld. \u00abEr investiert all seine Energie, um die Voraussetzungen daf\u00fcr zu schaffen, dass er sich sicher f\u00fchlt, seine Frau und seine Kinder nach England zur\u00fcckzubringen, und gerade als er glaubt, Fortschritte zu machen \u2026 werden all die wunderbaren Neuigkeiten zunichtegemacht. Wie sollen sie das nicht pers\u00f6nlich nehmen?\u00bb<\/p>\n<p> <strong>K\u00f6nigin Elizabeth II.<\/strong> Harry (41) und Meghan (44) erhielten Frogmore Cottage 2018 als Hochzeitsgeschenk, aber laut einer Quelle <em>Die Sonne<\/em> , Es steht leer, seit sie sich mit ihren beiden kleinen Kindern in Montecito, Kalifornien, niedergelassen haben., <strong>Prinz Archie<\/strong> , 7 Jahre alt, <strong>Prinzessin Lilibet<\/strong> , 5 Jahre.<\/p>\n<p> \u00abEr versteht, dass das Haus ihnen nicht geh\u00f6rt, aber gleichzeitig empfindet er eine tiefe Verbundenheit und Zuneigung dazu\u00bb, best\u00e4tigt eine Quelle aus seinem Umfeld. \u00abEr und Meghan haben ihr ganzes Herzblut in die Gestaltung dieses wundervollen Zuhauses gesteckt.\u00bb. <\/p>\n<p>&lt;img","protected":false},"excerpt":{"rendered":"<p>Eine mit der Situation vertraute Quelle teilte dem Examiner mit, dass Ger\u00fcchte kursieren, wonach Mitglieder der k\u00f6niglichen Familie beabsichtigen, die letzten Spuren von Prinz Harry und Meghan Markle zu beseitigen\u2026<\/p>","protected":false},"author":1,"featured_media":12586,"comment_status":"open","ping_status":"closed","sticky":false,"template":"","format":"standard","meta":{"footnotes":""},"categories":[5],"tags":[],"class_list":["post-12585","post","type-post","status-publish","format-standard","has-post-thumbnail","hentry","category-selebriti","hvn-theme-has-thumbnail"],"_links":{"self":[{"href":"https:\/\/imgist.ru\/de\/wp-json\/wp\/v2\/posts\/12585","targetHints":{"allow":["GET"]}}],"collection":[{"href":"https:\/\/imgist.ru\/de\/wp-json\/wp\/v2\/posts"}],"about":[{"href":"https:\/\/imgist.ru\/de\/wp-json\/wp\/v2\/types\/post"}],"author":[{"embeddable":true,"href":"https:\/\/imgist.ru\/de\/wp-json\/wp\/v2\/users\/1"}],"replies":[{"embeddable":true,"href":"https:\/\/imgist.ru\/de\/wp-json\/wp\/v2\/comments?post=12585"}],"version-history":[{"count":0,"href":"https:\/\/imgist.ru\/de\/wp-json\/wp\/v2\/posts\/12585\/revisions"}],"wp:featuredmedia":[{"embeddable":true,"href":"https:\/\/imgist.ru\/de\/wp-json\/wp\/v2\/media\/12586"}],"wp:attachment":[{"href":"https:\/\/imgist.ru\/de\/wp-json\/wp\/v2\/media?parent=12585"}],"wp:term":[{"taxonomy":"category","embeddable":true,"href":"https:\/\/imgist.ru\/de\/wp-json\/wp\/v2\/categories?post=12585"},{"taxonomy":"post_tag","embeddable":true,"href":"https:\/\/imgist.ru\/de\/wp-json\/wp\/v2\/tags?post=12585"}],"curies":[{"name":"wp","href":"https:\/\/api.w.org\/{rel}","templated":true}]}}