{"id":13231,"date":"2026-06-05T05:03:47","date_gmt":"2026-06-05T02:03:47","guid":{"rendered":"https:\/\/imgist.ru\/oliviya-rodrigo-sluchajno-obnaruzhila-chto-propaganda-trampa-ispolzuet-eyo-muzyku-samym-vozmutitelnym-obrazom\/"},"modified":"2026-08-29T12:11:36","modified_gmt":"2026-08-29T09:11:36","slug":"olivia-rodrigo-entdeckte-zufallig-dass-trumps-propagandakampagne-ihre-musik-auf-die-ungeheuerlichste-weise-nutzte","status":"publish","type":"post","link":"https:\/\/imgist.ru\/de\/oliviya-rodrigo-sluchajno-obnaruzhila-chto-propaganda-trampa-ispolzuet-eyo-muzyku-samym-vozmutitelnym-obrazom\/","title":{"rendered":"Olivia Rodrigo entdeckte zuf\u00e4llig, dass Trumps Propaganda ihre Musik auf die ungeheuerlichste Weise nutzt."},"content":{"rendered":"<p>Die beliebte Pop-S\u00e4ngerin Olivia Rodrigo war emp\u00f6rt \u00fcber die \u00abPropaganda\u00bb, die die Abschiebungsagenda der Trump-Regierung f\u00f6rderte, noch bevor sie erfuhr, dass ihre Musik in einem ihrer Social-Media-Beitr\u00e4ge verwendet wurde.<\/p>\n<p> Die S\u00e4ngerin von \u00abDeja Vu\u00bb erz\u00e4hlte dem Magazin Dazed, sie sei zun\u00e4chst fassungslos und dann w\u00fctend gewesen, als sie durch ihren Handy-Feed scrollte und sah, dass das US-Heimatschutzministerium ihren Song \u00abAll-american *****\u00bb in einer \u00f6ffentlichen Bekanntmachung verwendet hatte, in der Einwanderer zur \u00abSelbstabschiebung\u00bb aufgefordert wurden.<\/p>\n<p> <strong>Buzz: Jimmy Kimmel reagierte scharf auf Trumps j\u00fcngsten Angriff auf die Late-Night-Show.<\/strong><\/p>\n<p> Rodrigo sagte, das Video, in dem Agenten Menschen verfolgen, festnehmen und verhaften, f\u00fchle sich f\u00fcr ihn wie ein doppelter Schlag an.<\/p>\n<p> \u00abAls ich diese Propaganda sah, war ich zutiefst emp\u00f6rt, und die Tatsache, dass mein Lied darin vorkam, machte mich noch w\u00fctender\u00bb, sagte sie.<\/p>\n<p> Als der Beitrag im vergangenen November erstmals erschien, wandte sich die Grammy-pr\u00e4mierte S\u00e4ngerin umgehend in der Kommentarspalte an die Internet-Trolle des US-Heimatschutzministeriums: \u00abBenutzt niemals meine Lieder, um eure rassistische, hasserf\u00fcllte Propaganda zu verbreiten.\u00bb.<\/p>\n<p> <em>Hat Ihnen dieser Artikel gefallen? Unterst\u00fctzen Sie unabh\u00e4ngigen Journalismus. Unterst\u00fctzen Sie HuffPost.<\/em> <\/p>\n<p> Olivia Rodrigo, hier bei einer Gala im Academy Museum im vergangenen Oktober, war schockiert, als sie im November entdeckte, dass eines ihrer Lieder in einem Video zur Unterst\u00fctzung von Abschiebungen verwendet wurde. Foto: John Shearer, Getty Images.<\/p>\n<p> Das Video ist zwar noch auf dem Instagram-Account des US-Heimatschutzministeriums verf\u00fcgbar, hat aber keinen Ton. Beim Antippen des Tonsymbols erscheint die Warnung: \u00abDieses Lied kann nicht abgespielt werden, da es momentan nicht verf\u00fcgbar ist.\u00bb.<\/p>\n<p> Rodrigo sagte, sie sch\u00e4me sich, an einem Ort zu leben, an dem solche unmenschlichen Menschen existieren k\u00f6nnten: \u00abWas sie tun, ist furchtbar, barbarisch und grausam. Es macht mich sehr traurig, in einem Land zu leben, in dem dies als normal gilt.\u00bb.<\/p>\n<p> <strong>Ger\u00fccht: Robert De Niro teilte so offensichtlich gegen Trump aus, dass er seinen Namen nicht einmal erw\u00e4hnen musste.<\/strong><\/p>\n<p> W\u00e4hrend einige Musiker in einer so gespaltenen Welt davor zur\u00fcckschrecken, ihre politischen Ansichten zu \u00e4u\u00dfern, sagte der S\u00e4nger von &quot;Vampire&quot; gegen\u00fcber Dazed: &quot;Ich denke, es geh\u00f6rt zur Aufgabe eines K\u00fcnstlers, seine Gef\u00fchle mit anderen Menschen zu teilen.&quot;.<\/p>\n<p> \u00abIch habe keinen Abschluss in Politikwissenschaft, ich bin nicht der gebildetste Mensch auf dem Planeten Erde, aber ich versuche gerne, mich auf dem Laufenden zu halten und meine Gedanken mitzuteilen\u00bb, f\u00fcgte Rodrigo hinzu, der sich erstmals nach den Razzien in Los Angeles im vergangenen Juni gegen Pr\u00e4sident Donald Trumps hartes Vorgehen gegen Einwanderer ausgesprochen hatte.<\/p>\n<p> \u00abIch habe mein ganzes Leben in Los Angeles verbracht und bin zutiefst emp\u00f6rt \u00fcber diese brutalen Abschiebungen meiner Nachbarn unter dieser Regierung\u00bb, schrieb sie damals in ihrer Instagram-Story. \u00abLos Angeles w\u00fcrde ohne Einwanderer schlichtweg nicht existieren.\u00bb.<\/p>\n<p> \u00abDiese Art von ver\u00e4chtlicher, gleichg\u00fcltiger und gesetzloser Behandlung hart arbeitender Mitglieder unserer Gesellschaft ist entsetzlich\u00bb, schrieb sie weiter. \u00abIch stehe an der Seite der wunderbaren, vielf\u00e4ltigen Gemeinschaft von Los Angeles und der Einwanderer in ganz Amerika. Ich setze mich f\u00fcr unser Recht auf freie Meinungs\u00e4u\u00dferung und Versammlungsfreiheit ein.\u00bb.<\/p>\n<h3> Verbunden\u2026<\/h3>\n<ul>\n<li>\n<p> Olivia Rodrigo hat sich zu Wort gemeldet, nachdem ihr Babydoll-Kleid f\u00fcr Kontroversen gesorgt hatte: \u00abEs ist wirklich verst\u00f6rend.\u00bb.<\/p>\n<\/li>\n<li>\n<p> Olivia Rodrigo nannte die Gewalt zwischen Israel und dem Gazastreifen \u00abentsetzlich\u00bb und \u00abv\u00f6llig inakzeptabel\u00bb.<\/p>\n<\/li>\n<li>\n<p> Gitarristin Olivia Rodrigo verriet, welches Extra sie der Band und der Crew am meisten bietet.<\/p>\n<\/li>\n<\/ul>\n<p> <strong>Lesen Sie den Originalartikel auf HuffPost.<\/strong><\/p>","protected":false},"excerpt":{"rendered":"<p>Popstar Olivia Rodrigo war emp\u00f6rt \u00fcber die \u00abPropaganda\u00bb, die die Abschiebungsagenda der Trump-Regierung unterst\u00fctzte, noch bevor sie erfuhr, dass ihre Musik in einem ihrer Projekte verwendet wurde\u2026<\/p>","protected":false},"author":1,"featured_media":13232,"comment_status":"open","ping_status":"closed","sticky":false,"template":"","format":"standard","meta":{"footnotes":""},"categories":[7],"tags":[],"class_list":["post-13231","post","type-post","status-publish","format-standard","has-post-thumbnail","hentry","category-muzyka","hvn-theme-has-thumbnail"],"_links":{"self":[{"href":"https:\/\/imgist.ru\/de\/wp-json\/wp\/v2\/posts\/13231","targetHints":{"allow":["GET"]}}],"collection":[{"href":"https:\/\/imgist.ru\/de\/wp-json\/wp\/v2\/posts"}],"about":[{"href":"https:\/\/imgist.ru\/de\/wp-json\/wp\/v2\/types\/post"}],"author":[{"embeddable":true,"href":"https:\/\/imgist.ru\/de\/wp-json\/wp\/v2\/users\/1"}],"replies":[{"embeddable":true,"href":"https:\/\/imgist.ru\/de\/wp-json\/wp\/v2\/comments?post=13231"}],"version-history":[{"count":1,"href":"https:\/\/imgist.ru\/de\/wp-json\/wp\/v2\/posts\/13231\/revisions"}],"predecessor-version":[{"id":156780,"href":"https:\/\/imgist.ru\/de\/wp-json\/wp\/v2\/posts\/13231\/revisions\/156780"}],"wp:featuredmedia":[{"embeddable":true,"href":"https:\/\/imgist.ru\/de\/wp-json\/wp\/v2\/media\/13232"}],"wp:attachment":[{"href":"https:\/\/imgist.ru\/de\/wp-json\/wp\/v2\/media?parent=13231"}],"wp:term":[{"taxonomy":"category","embeddable":true,"href":"https:\/\/imgist.ru\/de\/wp-json\/wp\/v2\/categories?post=13231"},{"taxonomy":"post_tag","embeddable":true,"href":"https:\/\/imgist.ru\/de\/wp-json\/wp\/v2\/tags?post=13231"}],"curies":[{"name":"wp","href":"https:\/\/api.w.org\/{rel}","templated":true}]}}