{"id":13308,"date":"2026-06-05T06:18:57","date_gmt":"2026-06-05T03:18:57","guid":{"rendered":"https:\/\/imgist.ru\/richard-gir-priznalsya-chto-emu-gluboko-stydno-v-emoczionalnom-zayavlenii\/"},"modified":"2026-08-29T12:11:47","modified_gmt":"2026-08-29T09:11:47","slug":"richard-gere-gab-in-einer-emotionalen-erklarung-zu-dass-er-sich-zutiefst-schame","status":"publish","type":"post","link":"https:\/\/imgist.ru\/de\/richard-gir-priznalsya-chto-emu-gluboko-stydno-v-emoczionalnom-zayavlenii\/","title":{"rendered":"Richard Gere gab in einer emotionalen Erkl\u00e4rung zu, dass er sich \u00abzutiefst sch\u00e4me\u00bb."},"content":{"rendered":"<p>Am Donnerstag sprach Richard Gere bei einer Veranstaltung, die vom Hertie Center for Basic Human Rights und seiner gleichnamigen Stiftung, der Gere Foundation, gemeinsam ausgerichtet wurde, \u00fcber die politische Situation in seinem Heimatland, den Vereinigten Staaten.<\/p>\n<p> Der 76-j\u00e4hrige Politiker sagte bei einer Veranstaltung in Berlin, er sch\u00e4me sich zutiefst f\u00fcr das, was aus den Vereinigten Staaten unter der F\u00fchrung von Donald Trump geworden sei, der im November 2024 zum Pr\u00e4sidenten gew\u00e4hlt wurde.<\/p>\n<p> \u00abIst Ihnen jemals in den Sinn gekommen, dass Amerika so tief sinken k\u00f6nnte? H\u00e4tten Sie sich jemals vorstellen k\u00f6nnen, dass ein solcher Wahnsinniger Pr\u00e4sident der Vereinigten Staaten werden und versuchen w\u00fcrde, sie zu zerst\u00f6ren?\u00bb, fragte er das Publikum. <\/p>\n<p> Richard gab zu, sich f\u00fcr die politischen Umw\u00e4lzungen in den USA \u00abzutiefst zu sch\u00e4men\u00bb (AFP via Getty Images).<\/p>\n<p> \u00abDie Geschichte der Menschheit ist in vielerlei Hinsicht eine Geschichte von Migration und Vertreibung. Es ist eine Geschichte von Menschen, die sich anpassen, aufbauen, beitragen und tr\u00e4umen. Und doch sprechen wir in aktuellen Diskussionen aus irgendeinem Grund oft \u00fcber Migranten und Fl\u00fcchtlinge, als w\u00e4ren sie anders als wir.\u00bb.<\/p>\n<p> Er fuhr fort: \u00abIch glaube, ich wurde heute als Au\u00dferirdischer bezeichnet. Au\u00dferirdische. Das ist das letzte Mal, dass ich etwas von ihnen h\u00f6re. Fr\u00fcher waren sie Sch\u00e4dlinge, aber jetzt sind sie Au\u00dferirdische. Ich sch\u00e4me mich zutiefst daf\u00fcr, das m\u00f6chte ich Ihnen sagen.\u00bb.<\/p>\n<p> \u00abSie geh\u00f6ren einer anderen Kategorie von Menschen an, als w\u00e4ren ihre Hoffnungen, \u00c4ngste und Bestrebungen irgendwie weniger legitim als unsere eigenen\u00bb, f\u00fcgte Richard hinzu. \u00abDie einfache Wahrheit ist, dass wir alle durch Bewegung, durch unsere Menschlichkeit und durch die Wege, die wir vor uns gegangen sind, miteinander verbunden sind.\u00bb. <\/p>\n<p> In der Vergangenheit hat er seine Verachtung f\u00fcr Trump offen zum Ausdruck gebracht (dpa\/picture alliance via Getty I).<\/p>\n<p> Ein dreifacher Vater, der sein Leben der humanit\u00e4ren Arbeit gewidmet hat, bedauerte, im Wahlkampf nicht genug getan zu haben, um die Bev\u00f6lkerung \u00fcber ihre politischen Optionen aufzukl\u00e4ren. \u00abIch habe nicht genug getan, um die Menschen in meinem Umfeld, ob nah oder fern, \u00fcberzeugend davon zu \u00fcberzeugen, dass die Wahl dieses Mannes zum Pr\u00e4sidenten der Vereinigten Staaten Wahnsinn war\u00bb, sagte er im Juni auf dem Freedom Forum in Oslo, Norwegen.<\/p>\n<p> <strong>Lesen Sie unten mehr \u00fcber Richards Familienleben...<\/strong><\/p>\n<p> Nach Trumps Wahl zum Pr\u00e4sidenten im Jahr 2024 zog Richard mit seiner Frau Alejandra Silva und seinen beiden j\u00fcngsten S\u00f6hnen James und Alexander nach Spanien. Die Familie lebte dort ein Jahr, bevor sie in die Vereinigten Staaten zur\u00fcckkehrte, wo der \u00e4lteste Sohn des Schauspielers, Homer, lebt.<\/p>\n<h3> Das k\u00f6nnte Ihnen auch gefallen<\/h3>\n<ol>\n<li>\n<h3> Richard Geres S\u00f6hne sehen auf seltenen neuen Fotos, die seine Mutter Alejandra aufgenommen hat, schon so erwachsen aus.<\/h3>\n<\/li>\n<li>\n<h3> Richard Geres \u00e4ltester Sohn hat \u00fcber seine enge Bindung zu seinem ber\u00fchmten Vater gesprochen.<\/h3>\n<\/li>\n<li>\n<h3> Richard Gere liebt seine drei Kinder \u00fcber alles, und seine Frau nennt ihn einen \u00abwunderbaren Vater\u00bb.<\/h3>\n<\/li>\n<\/ol>\n<p> \u00abEs war wunderbar\u00bb, sagte Richard. <strong>HELLO! Magazin<\/strong> \u00fcber ihren Aufenthalt in diesem europ\u00e4ischen Land: \u00abWir sind jetzt wieder hier, aber unsere Familie hat ein Jahr in Spanien verbracht. Und das Wichtigste, was ich sagen kann, ist, dass Ale mit ihrer Familie, ihren Freunden, der Kultur und der Stadt wirklich gl\u00fccklich war. Und auch mit dem Essen.\u00bb. <\/p>\n<p> Richard und Alejandra sind 2024 nach Spanien gezogen.<\/p>\n<p> Stern <em>Film &quot;Pretty Woman&quot;\u00ab<\/em> Ich habe es dir vorhin gesagt <em><em>People-Magazin<\/em><\/em> , Er sagte, Spanien sei eine willkommene Abwechslung zum \u00abStress\u00bb des Lebens in den Vereinigten Staaten. \u00abMeine Frau ist so gl\u00fccklich in Spanien, und das ist das Beste daran\u00bb, sagte er. \u00abSie hat eine wundervolle Familie und wunderbare Freunde.\u00bb. <\/p>\n<p> Er lebte ein Jahr lang mit seiner Frau, seinen zwei S\u00f6hnen und seinem Stiefsohn in Spanien (Instagram\/ @alejandragere).<\/p>\n<p> \u00abDie spanische Kultur zeichnet sich durch eine sehr offene und fr\u00f6hliche Atmosph\u00e4re aus\u00bb, f\u00fcgte Richard hinzu. \u201eDie Menschen hier sind sehr freundlich, aufgeschlossen und viel weniger gestresst als in den USA.\u201c.<\/p>\n<p> \u00abEs ist ein sehr gl\u00fccklicher Ort. Und die Italiener auch. Ich meine, wenn man in Italien oder Spanien ist, hat man es mit lateinamerikanischen Kulturen zu tun, die das Leben v\u00f6llig anders verstehen als wir hier.\u00bb.<\/p>","protected":false},"excerpt":{"rendered":"<p>Am Donnerstag sprach Richard Gere bei einer Veranstaltung, die vom Center for Fundamental Human Rights mitveranstaltet wurde, \u00fcber die politische Lage in seinem Heimatland, den Vereinigten Staaten\u2026<\/p>","protected":false},"author":1,"featured_media":13309,"comment_status":"open","ping_status":"closed","sticky":false,"template":"","format":"standard","meta":{"footnotes":""},"categories":[5],"tags":[],"class_list":["post-13308","post","type-post","status-publish","format-standard","has-post-thumbnail","hentry","category-selebriti","hvn-theme-has-thumbnail"],"_links":{"self":[{"href":"https:\/\/imgist.ru\/de\/wp-json\/wp\/v2\/posts\/13308","targetHints":{"allow":["GET"]}}],"collection":[{"href":"https:\/\/imgist.ru\/de\/wp-json\/wp\/v2\/posts"}],"about":[{"href":"https:\/\/imgist.ru\/de\/wp-json\/wp\/v2\/types\/post"}],"author":[{"embeddable":true,"href":"https:\/\/imgist.ru\/de\/wp-json\/wp\/v2\/users\/1"}],"replies":[{"embeddable":true,"href":"https:\/\/imgist.ru\/de\/wp-json\/wp\/v2\/comments?post=13308"}],"version-history":[{"count":4,"href":"https:\/\/imgist.ru\/de\/wp-json\/wp\/v2\/posts\/13308\/revisions"}],"predecessor-version":[{"id":156855,"href":"https:\/\/imgist.ru\/de\/wp-json\/wp\/v2\/posts\/13308\/revisions\/156855"}],"wp:featuredmedia":[{"embeddable":true,"href":"https:\/\/imgist.ru\/de\/wp-json\/wp\/v2\/media\/13309"}],"wp:attachment":[{"href":"https:\/\/imgist.ru\/de\/wp-json\/wp\/v2\/media?parent=13308"}],"wp:term":[{"taxonomy":"category","embeddable":true,"href":"https:\/\/imgist.ru\/de\/wp-json\/wp\/v2\/categories?post=13308"},{"taxonomy":"post_tag","embeddable":true,"href":"https:\/\/imgist.ru\/de\/wp-json\/wp\/v2\/tags?post=13308"}],"curies":[{"name":"wp","href":"https:\/\/api.w.org\/{rel}","templated":true}]}}