{"id":134792,"date":"2026-01-24T16:00:47","date_gmt":"2026-01-24T14:00:47","guid":{"rendered":"http:\/\/aleksawn.bget.ru\/drugie\/stihi-pro-voronov.html"},"modified":"2026-08-24T13:20:56","modified_gmt":"2026-08-24T10:20:56","slug":"gedichte-uber-raben","status":"publish","type":"post","link":"https:\/\/imgist.ru\/de\/stihi-pro-voronov\/","title":{"rendered":"Gedichte \u00fcber Raben: Symbolik, Interpretation, Vorzeichen"},"content":{"rendered":"<div class=\"intro\">\n<p>Kr\u00e4hen z\u00e4hlen zu den intelligentesten und geheimnisvollsten V\u00f6geln und werden oft mit Mystik und Vorzeichen in Verbindung gebracht. Doch jenseits des Volksglaubens sind sie einfach nur flinke und anpassungsf\u00e4hige Gesch\u00f6pfe, die bemerkenswerte Lern- und Probleml\u00f6sungsf\u00e4higkeiten beweisen. In dieser Gedichtsammlung versuchen wir, die Welt mit den Augen dieser gefl\u00fcgelten Beobachter zu sehen und ihre Anmut, Intelligenz und vielleicht auch eine gewisse Melancholie einzufangen.<\/p>\n<p>Ihr pr\u00e4chtiges Gefieder, ihr durchdringender Schrei und ihre Vorliebe f\u00fcr das Sammeln gl\u00e4nzender Gegenst\u00e4nde haben die Menschen seit jeher fasziniert. Diese Gedichte versuchen, das vielschichtige Bild des Raben zu vermitteln, von seiner Rolle in der Natur bis hin zu seiner symbolischen Bedeutung in der Kultur.<\/p>\n<\/div>\n<div class=\"poems\">\n<div class=\"poem\">\n<h2>Ein n\u00e4chtlicher Besucher auf einem Ast<\/h2>\n<pre class=\"poem-text\">\nAuf einem alten Ast, in der Dunkelheit der Nacht, sitzt ein Rabe, der wachsam ist. Er blickt leicht melancholisch auf die Welt herab und scheint bereit, alles zur\u00fcckzunehmen. Seine Augen sind zwei gl\u00fchende Kohlen, die die Weisheit der Jahrhunderte und eine stille Traurigkeit bergen. Er sieht Tr\u00e4ume, von denen sie schweigen, und h\u00f6rt den fernen Schleier des Windes. Er erwartet den Anbruch des Tages, einen neuen Tag, um wieder in den schwarzen Himmel aufzusteigen. Und ein wenig Melancholie mit sich zu tragen und die Geheimnisse der Welt in seinem Herzen zu bewahren.\n    <\/pre>\n<\/p><\/div>\n<\/div>\n<div class=\"poems\">\n<div class=\"poem\">\n<h2>Schwarze Silhouette im Feld<\/h2>\n<pre class=\"poem-text\">\nIn den endlosen Feldern, wo die \u00c4hren golden leuchten, kreist die Silhouette eines schwarzen Raben. Er sucht nach Nahrung, der Wind hei\u00dft ihn willkommen, und die Sonnenstrahlen streicheln sein Licht. Er gleitet wie ein Schatten durchs Gras, unsichtbar, doch sein Blick ist sp\u00fcrbar. Er kennt alle Geheimnisse des Blaus und vernimmt das Fl\u00fcstern uralter, stiller Datteln. Er ist ein Symbol des Willens, der St\u00e4rke und der Sehnsucht, ein freier Geist, der sich in den Himmel erhebt. Und in seinem Ruf vernimmt man Verse vom ewigen Leben, auf den Feldern, auf den Wiesen.\n    <\/pre>\n<\/p><\/div>\n<\/div>\n<div class=\"poems\">\n<div class=\"poem\">\n<h2>Rabenschatz<\/h2>\n<pre class=\"poem-text\">\nIn einer uralten, verborgenen Mulde h\u00fctete die Kr\u00e4he ihren stillen Schatz. Es war kein Gold, kein Diamant, sondern ein paar glitzernde Kieselsteine, die sie im Garten gefunden hatte. Sie hatte sie im Fluss, an der Br\u00fccke, auf dem Acker und im Sand entdeckt. Und sie h\u00fctet sie wie einen Schatz in ihrer verborgenen Ecke. Sie braucht weder Reichtum noch Ehre, sie sch\u00e4tzt das Funkeln und die Freude der Stille. Und in diesem Schatz lebt eine ganze Welt, in der Geschichte einer Kr\u00e4he, die nur sie versteht.\n    <\/pre>\n<\/p><\/div>\n<\/div>\n<div class=\"poems\">\n<div class=\"poem\">\n<h2>Gespr\u00e4ch mit dem Raben<\/h2>\n<pre class=\"poem-text\">\nIch begegnete einem Raben tief im Wald. Er lie\u00df sich furchtlos auf meiner Schulter nieder. Als ob er all meine S\u00fcnden verst\u00fcnde, blickte er mich vorwurfsvoll an und murmelte leise vor sich hin. Ich erz\u00e4hlte ihm von meinem Leben, von Freuden, Sorgen und Tr\u00e4umen. Er h\u00f6rte schweigend zu, weise wie ein alter Mann, und nickte, w\u00e4hrend er sprach. Er gab mir einen einfachen, aber weisen Rat: Verschwende keine Zeit mit leeren Tr\u00e4umen. Lebe jetzt, glaube an Wunder und erkenne die Sch\u00f6nheit in jedem Mond.\n    <\/pre>\n<\/p><\/div>\n<\/div>\n<div class=\"poems\">\n<div class=\"poem\">\n<h2>Herbstsperling<\/h2>\n<pre class=\"poem-text\">\nDer Herbstwind wirbelt die Bl\u00e4tter, und eine Kr\u00e4he kreist \u00fcber uns. Ihr Abschiedsruf weckt die Seele und fl\u00fcstert eine Geschichte vergangener Tage. In ihren Augen liegt die Traurigkeit des Verblassens und die Melancholie eines l\u00e4ngst vergangenen Sommers. Doch sie birgt auch Kraft und Charme und den Glauben, dass alles gut wird. Frei wie der Wind am Himmel fliegt sie neuen Tagen entgegen. Und sie wird Erinnerungen an warme Tage und Sonnenstrahlen mit sich tragen.\n    <\/pre>\n<\/p><\/div>\n<\/div>\n<div class=\"poems\">\n<div class=\"poem\">\n<h2>Kr\u00e4hentanz<\/h2>\n<pre class=\"poem-text\">\nIm purpurroten Himmel, im Abendrot, vollf\u00fchren die Kr\u00e4hen ihren magischen Tanz. Der Schwarm wirbelt wie ein Feuerschatten, und in diesem Tanz liegt eine ewige Romantik. Sie steigen empor und fliegen herab, ihre Fl\u00fcgel ineinander verschlungen. Ihre Rufe hallen in der Stille wider und verklingen in himmlischen Sph\u00e4ren. Sie tanzen aus Liebe und Leidenschaft, aus Freiheit und ihren Tr\u00e4umen. Und in diesem Tanz liegt ewiges Gl\u00fcck und ein Spiegelbild irdischer Geheimnisse.\n    <\/pre>\n<\/p><\/div>\n<\/div>\n<div class=\"poems\">\n<div class=\"poem\">\n<h2>Schwarzer Prophet<\/h2>\n<pre class=\"poem-text\">\nAuf einem alten Turm, in d\u00fcsterer Stille, sitzt eine Kr\u00e4he wie eine schwarze Prophetin. Sie prophezeit St\u00fcrme und Gewitter und enth\u00fcllt die Geheimnisse der Welt, die seit Jahrhunderten geh\u00fctet werden. Ihre Prophezeiungen sind wie das Fl\u00fcstern des Windes, undeutlich, doch voller Melancholie. Sie sieht die Zukunft, ohne Geheimnisse, und kennt den Wert jeder einzelnen Hand. Erz\u00fcrne die schwarze Prophetin nicht; ihre Worte sind wie ein scharfes, brennendes Messer. Sie kennt die Wahrheit, bitter und unerbittlich, und wird dich nicht verschonen, wenn du nicht gut bist.\n    <\/pre>\n<\/p><\/div>\n<\/div>\n<div class=\"poems\">\n<div class=\"poem\">\n<h2>Kr\u00e4hentraum<\/h2>\n<pre class=\"poem-text\">\nEine Kr\u00e4he schl\u00e4ft auf einem Pappelzweig und tr\u00e4umt von einem Himmel so blau wie Flachs. In diesem Traum fliegt sie, fliegt sie, in ferne, unbekannte L\u00e4nder. Sie tr\u00e4umt von einem gr\u00fcnen, dichten Wald, wo V\u00f6gel singen und Tiere leben. In diesem Traum ist sie gl\u00fccklich, in Frieden, und alle Sorgen verfliegen. Doch der Traum vergeht, und die Kr\u00e4he erwacht wieder in ihrer eigenen Wirklichkeit. Sie blickt hinab in die Welt, sieht Blut und begreift, dass sie nicht mehr sein wird.\n    <\/pre>\n<\/p><\/div>\n<\/div>\n<div class=\"poems\">\n<div class=\"poem\">\n<h2>Gl\u00e4nzende Troph\u00e4en<\/h2>\n<pre class=\"poem-text\">\nIn einem Kr\u00e4hennest, verborgen im Laub, liegen glitzernde Sch\u00e4tze wie in einem Traum. Bonbonpapier, Kn\u00f6pfe, Glasscherben im Blau, alles, was die Kr\u00e4he je gesehen hat \u2013 Sch\u00f6nheit. Sie sammelt sie \u00fcberall in der Gegend und h\u00fctet sie wie einen kostbaren Schatz. In diesem Hort liegt ihre kleine Weisheit und ein Spiegelbild ihrer kindlichen Laune. Sie liebt Glitzer und leuchtende Farben und alles, was ihr ins Auge f\u00e4llt. Und in diesem Hort \u2013 ihr Leben rauscht vorbei, wie in einem Kr\u00e4henm\u00e4rchen, wie ein Meteoritenschauer.\n    <\/pre>\n<\/p><\/div>\n<\/div>\n<div class=\"poems\">\n<div class=\"poem\">\n<h2>Winterkr\u00e4he<\/h2>\n<pre class=\"poem-text\">\nIn einem winterlichen Wald, unter Schnee und Eis, sitzt eine Kr\u00e4he, schwarz wie die Nacht. In ihrer kalten Verzweiflung sucht sie nach Nahrung und hofft auf baldige Hilfe. Ihre Fl\u00fcgel sind mit Frost bedeckt, ihre Pfoten gefroren. Doch in ihr wohnen Kraft, Freude und der Glaube, dass alles gut wird. Sie wird diesen Winter \u00fcberstehen und den Fr\u00fchling mit strahlenden Augen begr\u00fc\u00dfen. Und wieder wird sie im Sonnenlicht ihr geliebtes Kr\u00e4henlied singen.\n    <\/pre>\n<\/p><\/div>\n<\/div>\n<div class=\"poems\">\n<div class=\"poem\">\n<h2>Kr\u00e4henschrei in der Nacht<\/h2>\n<pre class=\"poem-text\">\nIn der Stille der Nacht, wenn alle schlafen, ert\u00f6nt der klagende Ruf einer Kr\u00e4he. Er klingt wie ein Ruf aus fernen L\u00e4ndern und birgt eine uralte Frage in sich. Worum trauert die Kr\u00e4he in der Nacht? Um verlorene Liebe, um Sehnsucht? Oder dar\u00fcber, dass das Leben k\u00fcrzer und ferner ist, als sie es sich w\u00fcnscht? Ihr Ruf hallt \u00fcber die Erde und erweckt Seelen, die in der Stille schlafen. Und in diesem Ruf liegt ewiger Frieden und ein Spiegelbild unserer Seelen.\n    <\/pre>\n<\/p><\/div>\n<\/div>","protected":false},"excerpt":{"rendered":"<p>Kr\u00e4hen z\u00e4hlen zu den intelligentesten und geheimnisvollsten V\u00f6geln und werden oft mit Mystik und Vorzeichen in Verbindung gebracht. Abseits der Folklore sind sie jedoch einfach nur agile und anpassungsf\u00e4hige Gesch\u00f6pfe.<\/p>","protected":false},"author":1,"featured_media":0,"comment_status":"open","ping_status":"open","sticky":false,"template":"","format":"standard","meta":{"footnotes":""},"categories":[59],"tags":[],"class_list":["post-134792","post","type-post","status-publish","format-standard","hentry","category-stihi"],"_links":{"self":[{"href":"https:\/\/imgist.ru\/de\/wp-json\/wp\/v2\/posts\/134792","targetHints":{"allow":["GET"]}}],"collection":[{"href":"https:\/\/imgist.ru\/de\/wp-json\/wp\/v2\/posts"}],"about":[{"href":"https:\/\/imgist.ru\/de\/wp-json\/wp\/v2\/types\/post"}],"author":[{"embeddable":true,"href":"https:\/\/imgist.ru\/de\/wp-json\/wp\/v2\/users\/1"}],"replies":[{"embeddable":true,"href":"https:\/\/imgist.ru\/de\/wp-json\/wp\/v2\/comments?post=134792"}],"version-history":[{"count":1,"href":"https:\/\/imgist.ru\/de\/wp-json\/wp\/v2\/posts\/134792\/revisions"}],"predecessor-version":[{"id":137764,"href":"https:\/\/imgist.ru\/de\/wp-json\/wp\/v2\/posts\/134792\/revisions\/137764"}],"wp:attachment":[{"href":"https:\/\/imgist.ru\/de\/wp-json\/wp\/v2\/media?parent=134792"}],"wp:term":[{"taxonomy":"category","embeddable":true,"href":"https:\/\/imgist.ru\/de\/wp-json\/wp\/v2\/categories?post=134792"},{"taxonomy":"post_tag","embeddable":true,"href":"https:\/\/imgist.ru\/de\/wp-json\/wp\/v2\/tags?post=134792"}],"curies":[{"name":"wp","href":"https:\/\/api.w.org\/{rel}","templated":true}]}}