{"id":134912,"date":"2026-01-27T21:41:09","date_gmt":"2026-01-27T19:41:09","guid":{"rendered":"http:\/\/aleksawn.bget.ru\/drugie\/stihi-pro-veter.html"},"modified":"2026-08-24T13:20:50","modified_gmt":"2026-08-24T10:20:50","slug":"gedichte-uber-den-wind","status":"publish","type":"post","link":"https:\/\/imgist.ru\/de\/stihi-pro-veter\/","title":{"rendered":"Gedichte \u00fcber den Wind: wundersch\u00f6ne Verse \u00fcber die Kraft und den Atem der Natur"},"content":{"rendered":"<p>Der Wind ist der Atem der Natur, eine schwer fassbare Kraft, die zugleich liebkost und zerst\u00f6rt. Er fl\u00fcstert in den Bl\u00e4ttern der B\u00e4ume, treibt Wolken \u00fcber den Himmel und bringt die D\u00fcfte ferner Reisen und des Wandels mit sich. In diesen Gedichten habe ich versucht, die verschiedenen Facetten dieses ewigen Begleiters einzufangen \u2013 von einer sanften Brise bis zu einem tobenden Sturm, von stiller Traurigkeit bis zu einem Ausbruch \u00fcberschw\u00e4nglicher Freude. M\u00f6gen diese Zeilen Sie an die Sch\u00f6nheit und Kraft der Welt um Sie herum erinnern, an ihre st\u00e4ndige Bewegung und Erneuerung.<\/p>\n<div class=\"poems\">\n<div class=\"poem\">\n<h2>Erster Strahl<\/h2>\n<pre class=\"poem-text\">\nEin zahmer, sanfter Wind aus Osten weckt die Morgend\u00e4mmerung und ber\u00fchrt die Zweige. Ein schneewei\u00dfer Strahl goldener Sonne schmilzt in der K\u00fchle vergangener Tage.\n    <\/pre>\n<\/p><\/div>\n<\/div>\n<div class=\"poems\">\n<div class=\"poem\">\n<h2>Das Fl\u00fcstern der Felder<\/h2>\n<pre class=\"poem-text\">\nAuf dem Feld neigen sich die \u00c4hren, der Wind spielt mit ihren goldenen Wellen. Er fl\u00fcstert ihnen leise und vertraut Geschichten von einem Sommer zu, der bald dem Winter weicht. Und in der Ferne, jenseits des blauen Flusses, zieht der Schatten der Wolken langsam dahin. Der Wind bringt den Duft von Gras und Frieden, und das Herz jubelt leise vor Gl\u00fcck.\n    <\/pre>\n<\/p><\/div>\n<\/div>\n<div class=\"poems\">\n<div class=\"poem\">\n<h2>Herbstblues<\/h2>\n<pre class=\"poem-text\">\nBl\u00e4tter wirbeln im Abschiedstanz, der Wind spielt ein Herbstlied. Ein herber, trauriger Duft liegt in der Luft, und Hoffnungen schwinden. Regen nieselt wie leise Tr\u00e4nen und w\u00e4scht die Farben vergangener Tage fort. Der Wind seufzt, raubt uns die Tr\u00e4ume und fl\u00fcstert vom nahenden Winter. Doch selbst die Traurigkeit birgt ihre Sch\u00f6nheit in welkender Weisheit und Stille. Der Wind erinnert uns daran, dass das Leben kein Traum ist, sondern ein ewiger Kreislauf voller Leben.\n    <\/pre>\n<\/p><\/div>\n<\/div>\n<div class=\"poems\">\n<div class=\"poem\">\n<h2>Wind in der Stadt<\/h2>\n<pre class=\"poem-text\">\nGrauer Asphalt, Betonw\u00fcste, der Wind weht zwischen Mauern und Autos hindurch. In einem Wirbelwind aus Laubwerk, wie in einem seltsamen Tanz, fl\u00fcstert er von Freiheit, von der Welt der Tiefe.\n    <\/pre>\n<\/p><\/div>\n<\/div>\n<div class=\"poems\">\n<div class=\"poem\">\n<h2>Meeresbrise<\/h2>\n<pre class=\"poem-text\">\nEin sanfter, frischer, salziger Wind tr\u00e4gt den Duft von Meer und Salz. M\u00f6wen kreischen wie in einem unbeschwerten M\u00e4rchen, und die Wellen spielen die Rolle des Ufers. Die Sonne scheint, der Himmel ist bodenlos, der Wind spielt mit dem goldenen Sand. In diesem Augenblick, schlicht und bescheiden, erstarrt die Welt, wird still.\n    <\/pre>\n<\/p><\/div>\n<\/div>\n<div class=\"poems\">\n<div class=\"poem\">\n<h2>Der Windreisende<\/h2>\n<pre class=\"poem-text\">\nEr wandert ewig, ruhelos, \u00fcber Berge und Steppen, W\u00e4lder und Meere. Der wandernde Wind, frei und ungez\u00fcgelt, bringt Geheimnisse und ewige Morgenr\u00f6te mit sich. Er fl\u00fcstert Legenden vergessener Zeiten, von Helden und Schlachten, von Liebe und Sehnsucht. Der wandernde Wind, ewiger Wanderer, Gesetz, in seiner Stimme vernimmt man ein ewiges Echo. Er schenkt Hoffnung, er weckt Tr\u00e4ume und gebiert im Herzen Feuer und Flug. Du, wandernder Wind, Symbol der Freiheit, in deinem Atem liegt der Flug des Lebens.\n    <\/pre>\n<\/p><\/div>\n<\/div>\n<div class=\"poems\">\n<div class=\"poem\">\n<h2>Ein leichter Strich<\/h2>\n<pre class=\"poem-text\">\nDer Wind streifte meine Wange, kaum merklich, wie der Hauch eines Engels in der Stille. Eine leichte Ber\u00fchrung, unmerklich und doch kraftvoll, erinnerte mich an das Gl\u00fcck in mir.\n    <\/pre>\n<\/p><\/div>\n<\/div>\n<div class=\"poems\">\n<div class=\"poem\">\n<h2>Abendstille<\/h2>\n<pre class=\"poem-text\">\nDie Sonne ist untergegangen, eine k\u00fchle Brise weht, der Wind legt sich und kehrt in den Frieden zur\u00fcck. Sterne funkeln am Himmel, wie ein Lohn f\u00fcr den vergangenen Tag. Die B\u00e4ume fl\u00fcstern leise im Schlaf, der Wind tr\u00e4gt Kummer und Trauer fort. In dieser Stille, nur du und ich, der Sternenhimmel und ewiger Frieden.\n    <\/pre>\n<\/p><\/div>\n<\/div>\n<div class=\"poems\">\n<div class=\"poem\">\n<h2>Gewitterwind<\/h2>\n<pre class=\"poem-text\">\nSchwarze Wolken, zuckende Blitze, der Wind tobt wie ein wildes Tier. Donner grollt wie aus dem Abgrund, und der Regen prasselt herab, als w\u00e4re es der Augenblick. Die B\u00e4ume biegen sich unter der Wucht des Sturms, der Wind rei\u00dft Bl\u00e4tter von den Zweigen. In diesem Element, im aufgewirbelten Staub, sp\u00fcrt man die Kraft der Natur. Doch nach dem Gewitter, wenn der Sturm sich legt, liegt Frische und Reinheit in der Luft. Der Wind bringt eine neue Jahreszeit, und ein Traum erbl\u00fcht im Herzen. Ein Regenbogen huscht \u00fcber die nasse Erde, wie Hoffnung, die neu erbl\u00fcht. Der Wind legt sich und tr\u00e4gt mit sich alles Beunruhigende, alles Bedr\u00fcckende.\n    <\/pre>\n<\/p><\/div>\n<\/div>\n<div class=\"poems\">\n<div class=\"poem\">\n<h2>Winters Seufzer<\/h2>\n<pre class=\"poem-text\">\nEine wei\u00dfe Decke, Stille und Frost, der Wind pfeift durch die leeren Gassen. Ein Seufzer des Winters, wie ein M\u00e4rchen, Prophezeiungen von Wundern, verborgen in der D\u00e4mmerung.\n    <\/pre>\n<\/p><\/div>\n<\/div>\n<div class=\"poems\">\n<div class=\"poem\">\n<h2>Wind und Zeit<\/h2>\n<pre class=\"poem-text\">\nDer Wind spielt mit dem Sand der Zeit, tr\u00e4gt Tage und Jahre fort. Er fl\u00fcstert von ewiger Bewegung, dass das Leben nur Wasser ist. Er erinnert sich an die Geschichten vergangener Jahrhunderte, von Liebe und Trennung, von Schlachten und Frieden. Wind und Zeit sind ein ewiger Ruf, in ihrem Tanz \u2013 unsere Schicksale im \u00c4ther.\n    <\/pre>\n<\/p><\/div>\n<\/div>\n<div class=\"poems\">\n<div class=\"poem\">\n<h2>Echo der Berge<\/h2>\n<pre class=\"poem-text\">\nIn den hohen Bergen, wo der Himmel nah ist, weht der Wind frei und k\u00fchn. Er tr\u00e4gt das Echo uralter Gedanken, von Geheimnissen, die im wei\u00dfen Gestein verborgen sind. Er fl\u00fcstert von ewiger Kraft und Weisheit, davon, wie die Berge Zeugen der Zeit sind. Wind und Berge bilden eine endlose Einheit, in ihrer Stille ruht ewiger Schlaf. Er erweckt die Geister, die in den Steinen schlafen, und schenkt Hoffnung und Inspiration. Der Wind in den Bergen ist ein Lied durch die Zeitalter, nach dem sich das Herz sehnt und auf das es wartet. Und in diesem Echo, in dieser Stille findet man Frieden und Harmonie der Seele. Wind und Berge \u2013 in ihrer Sch\u00f6nheit ist alle Weisheit, alles Leben verborgen.\n    <\/pre>\n<\/p><\/div>\n<\/div>\n<div class=\"poems\">\n<div class=\"poem\">\n<h2>Das letzte Blatt<\/h2>\n<pre class=\"poem-text\">\nDas letzte, m\u00fcde Blatt wirbelt, der Wind tanzt einen Abschiedswalzer mit ihm. Es l\u00f6st sich vom traurigen Zweig und fliegt davon, wie in Trance.\n    <\/pre>\n<\/p><\/div>\n<\/div>\n<div class=\"poems\">\n<div class=\"poem\">\n<h2>Wind der Hoffnung<\/h2>\n<pre class=\"poem-text\">\nWenn die Seele von Dunkelheit und Angst erf\u00fcllt ist und kein Ausweg mehr scheint, entz\u00fcndet ein Hauch von Hoffnung sanft und behutsam ein neues, helles Licht im Herzen. Er bringt den Duft der Freiheit und den Glauben, dass alles noch vor uns liegt. Der Hauch der Hoffnung ist ein Wunder der Natur, das uns hilft zu leben und voranzukommen.\n    <\/pre>\n<\/p><\/div>\n<\/div>\n<div class=\"poems\">\n<div class=\"poem\">\n<h2>Der Wind des Wandels<\/h2>\n<pre class=\"poem-text\">\nEr weht heftig, rei\u00dft Masken herunter, ver\u00e4ndert alles gnadenlos. Der Wind des Wandels, wie ein M\u00e4rchen, erz\u00e4hlt uns, dass das Leben immer ein Spiel ist. Er tr\u00e4gt das Alte, das \u00dcberfl\u00fcssige fort und \u00f6ffnet die Tore zu einer neuen Welt. Der Wind des Wandels ist unausweichlich und schenkt uns eine Chance, einen neuen \u00c4ther. Er erweckt Gef\u00fchle, die lange geschlummert haben, und l\u00e4sst uns tr\u00e4umen und lieben. Der Wind des Wandels ist der Weg zum Ursprung, zu einem Neubeginn. Und in diesem Wirbelwind, in diesem Element, finden wir uns selbst, unser Schicksal. Der Wind des Wandels ist die Kraft der Elemente, die uns Glauben und Freiheit schenkt.\n    <\/pre>\n<\/p><\/div>\n<\/div>","protected":false},"excerpt":{"rendered":"<p>Der Wind ist der Atem der Natur, eine schwer fassbare Kraft, die zugleich liebkost und zerst\u00f6rt. Er fl\u00fcstert durch die Bl\u00e4tter der B\u00e4ume, treibt die Wolken \u00fcber den Himmel und bringt mit sich\u2026<\/p>","protected":false},"author":1,"featured_media":0,"comment_status":"open","ping_status":"open","sticky":false,"template":"","format":"standard","meta":{"footnotes":""},"categories":[59],"tags":[],"class_list":["post-134912","post","type-post","status-publish","format-standard","hentry","category-stihi"],"_links":{"self":[{"href":"https:\/\/imgist.ru\/de\/wp-json\/wp\/v2\/posts\/134912","targetHints":{"allow":["GET"]}}],"collection":[{"href":"https:\/\/imgist.ru\/de\/wp-json\/wp\/v2\/posts"}],"about":[{"href":"https:\/\/imgist.ru\/de\/wp-json\/wp\/v2\/types\/post"}],"author":[{"embeddable":true,"href":"https:\/\/imgist.ru\/de\/wp-json\/wp\/v2\/users\/1"}],"replies":[{"embeddable":true,"href":"https:\/\/imgist.ru\/de\/wp-json\/wp\/v2\/comments?post=134912"}],"version-history":[{"count":1,"href":"https:\/\/imgist.ru\/de\/wp-json\/wp\/v2\/posts\/134912\/revisions"}],"predecessor-version":[{"id":137536,"href":"https:\/\/imgist.ru\/de\/wp-json\/wp\/v2\/posts\/134912\/revisions\/137536"}],"wp:attachment":[{"href":"https:\/\/imgist.ru\/de\/wp-json\/wp\/v2\/media?parent=134912"}],"wp:term":[{"taxonomy":"category","embeddable":true,"href":"https:\/\/imgist.ru\/de\/wp-json\/wp\/v2\/categories?post=134912"},{"taxonomy":"post_tag","embeddable":true,"href":"https:\/\/imgist.ru\/de\/wp-json\/wp\/v2\/tags?post=134912"}],"curies":[{"name":"wp","href":"https:\/\/api.w.org\/{rel}","templated":true}]}}