{"id":14457,"date":"2026-06-05T20:14:09","date_gmt":"2026-06-05T17:14:09","guid":{"rendered":"https:\/\/imgist.ru\/stiv-dildarian-ispolnitel-roli-desyatiletnego-toma-zapuskaet-novyj-animaczionnyj-serial-u-freda-problemy\/"},"modified":"2026-08-29T12:13:25","modified_gmt":"2026-08-29T09:13:25","slug":"steve-dildarian-der-schauspieler-der-volume-10-spricht-bringt-eine-neue-zeichentrickserie-mit-freds-problemen-heraus","status":"publish","type":"post","link":"https:\/\/imgist.ru\/de\/stiv-dildarian-ispolnitel-roli-desyatiletnego-toma-zapuskaet-novyj-animaczionnyj-serial-u-freda-problemy\/","title":{"rendered":"\u00abSteve Dildarian, der den zehnj\u00e4hrigen Tom spielt, bringt eine neue Zeichentrickserie mit dem Titel \u00abFred Has Issues\u00bb heraus.\u00bb."},"content":{"rendered":"<p><strong>EXKLUSIV:<\/strong> Steve Dildarian, Sch\u00f6pfer der Serie &quot;\u00ab <em>Das Leben und die Zeit von Tim\u00bb<\/em> (HBO) und &quot;\u00ab <em>Der zehnj\u00e4hrige Tom<\/em> \u00bb&quot; (HBO Max), produzierte seine n\u00e4chste Animationsserie selbst. <em>\u00abFred steckt in Schwierigkeiten\u00bb<\/em> , Die Serie, die am 1. Juli mit zwei Folgen auf YouTube Premiere feiert, wird danach monatlich mit einer neuen Folge fortgesetzt. Vorabzugang ist auch \u00fcber Patreon m\u00f6glich.<\/p>\n<p> Dildarians neuer Roman dreht sich um einen optimistischen Mann namens Fred, der versucht, mit der Zeit zu gehen, indem er das Richtige tut, aber immer wieder vor ernsten Herausforderungen steht. Ob es nun darum geht, w\u00e4hlen zu gehen, M\u00fcll zu recyceln oder einen vermissten Hund zu suchen \u2013 am Ende wirkt er wie der schlimmste Mensch der Welt.<\/p>\n<p> <strong>Weitere Neuigkeiten von Deadline<\/strong><\/p>\n<ul>\n<li>\n<p> Preisverleihungskalender 2026-2027: Oscars, Emmys, Grammys, Tonys, Guild Awards und mehr.<\/p>\n<\/li>\n<li>\n<p> Prime Video hat drei KI-gest\u00fctzte Animationsserien aus dem neuen MGM Studios-AWS Creators&#039; Fund von Amazon in Auftrag gegeben.<\/p>\n<\/li>\n<li>\n<p> Comedy Central hat den Starttermin f\u00fcr die 29. Staffel von South Park bekannt gegeben. <\/p>\n<\/li>\n<\/ul>\n<p> \u00abFred steckt in Schwierigkeiten\u00bb<\/p>\n<p> \u00abIch hatte das Gef\u00fchl, jetzt sei der perfekte Zeitpunkt, die Serie selbst zu produzieren und sie direkt an die Fans zu ver\u00f6ffentlichen\u00bb, sagte Dildarian gegen\u00fcber Deadline. \u00abEs war unglaublich aufregend, eine Serie ohne Abgabetermine oder kreative Einschr\u00e4nkungen zu entwickeln und den Prozess einfach in vollen Z\u00fcgen zu genie\u00dfen. Au\u00dferdem reizte mich die Vorstellung, dass niemand au\u00dfer mir die Serie absetzen konnte.\u00bb.<\/p>\n<p> Dildarian spricht die Hauptrolle in <em>Zeichentrickfilm \u00abFred hat Probleme\u00bb<\/em> , an dem auch seine regelm\u00e4\u00dfigen Mitarbeiter Edi Patterson, Rob Hubel, Andre Hyland, Mitra Jouhari, Paul Rust, Eric Griffin, Missi Pyle, Peter Giles und Eugene Cordero sowie viele andere mitwirkten.<\/p>\n<p> Dildarian und Peter Principato von Artists First sind ausf\u00fchrende Produzenten der Show, die von Dildarians Firma Insane Loon Productions, Inc. produziert wird.<\/p>\n<p> Dildarian, ein renommierter Animationsk\u00fcnstler, bekannt f\u00fcr seinen minimalistischen, ausdruckslosen 2D-Stil, hat k\u00fcrzlich die Arbeiten an folgendem Projekt abgeschlossen: <em>\u00ab&quot;Der zehnj\u00e4hrige Tom&quot;\u00bb<\/em> , eine animierte Sitcom f\u00fcr Erwachsene \u00fcber einen Jungen, der lernt, mit den negativen Einfl\u00fcssen und Erwachsenen in seinem Umfeld zurechtzukommen. Die Serie lief zwei Staffeln lang auf HBO Max. Zuvor hatte er <em>\u00abDas Leben und die Zeit von Tim\u00bb<\/em> , Die Serie wurde drei Staffeln lang auf HBO ausgestrahlt.<\/p>\n<p> Dildarian begann seine Karriere im Animationsbereich nach seiner T\u00e4tigkeit in der Werbung. Zu seinen fr\u00fcheren Projekten geh\u00f6ren unter anderem zwei Pilotfolgen: <em>\u00ab&quot;Dan der Wetteransager&quot;\u00bb<\/em> , unter der Regie von Seth Gordon und mit Thomas Lennon in der Hauptrolle, und eine Zeichentrickserie <em>\u00abNeue VIPs\u00bb<\/em> f\u00fcr Amazon.<\/p>\n<p> Dildarian wird von Artists First und Ziffren Brittenham LLP vertreten.<\/p>\n<p> <strong>Das Beste von Deadline<\/strong><\/p>\n<ul>\n<li>\n<p> Premierentermine f\u00fcr neue und wiederkehrende Serien auf Fernseh-, Streaming- und Kabelkan\u00e4len im Jahr 2026<\/p>\n<\/li>\n<li>\n<p> Die 25 umsatzst\u00e4rksten Animationsfilme aller Zeiten an den weltweiten Kinokassen<\/p>\n<\/li>\n<li>\n<p> Alles, was wir bisher \u00fcber das \u00abUnsere kleine Farm\u00bb-Reboot von Netflix wissen.<\/p>\n<\/li>\n<\/ul>\n<p> Abonnieren Sie den Deadline-Newsletter. F\u00fcr aktuelle Neuigkeiten folgen Sie uns auf Facebook, Twitter und Instagram.<\/p>","protected":false},"excerpt":{"rendered":"<p>EXKLUSIV: Steve Dildarian, Sch\u00f6pfer von \u00abThe Life and Times of Tim\u00bb (HBO) und \u00abTen-Year-Old Tom\u00bb (HBO Max), hat seine n\u00e4chste Animationsserie, \u00abThe\u2026\u201c, selbst produziert.<\/p>","protected":false},"author":1,"featured_media":0,"comment_status":"open","ping_status":"closed","sticky":false,"template":"","format":"standard","meta":{"footnotes":""},"categories":[6],"tags":[],"class_list":["post-14457","post","type-post","status-publish","format-standard","hentry","category-kinoindustriya"],"_links":{"self":[{"href":"https:\/\/imgist.ru\/de\/wp-json\/wp\/v2\/posts\/14457","targetHints":{"allow":["GET"]}}],"collection":[{"href":"https:\/\/imgist.ru\/de\/wp-json\/wp\/v2\/posts"}],"about":[{"href":"https:\/\/imgist.ru\/de\/wp-json\/wp\/v2\/types\/post"}],"author":[{"embeddable":true,"href":"https:\/\/imgist.ru\/de\/wp-json\/wp\/v2\/users\/1"}],"replies":[{"embeddable":true,"href":"https:\/\/imgist.ru\/de\/wp-json\/wp\/v2\/comments?post=14457"}],"version-history":[{"count":1,"href":"https:\/\/imgist.ru\/de\/wp-json\/wp\/v2\/posts\/14457\/revisions"}],"predecessor-version":[{"id":157656,"href":"https:\/\/imgist.ru\/de\/wp-json\/wp\/v2\/posts\/14457\/revisions\/157656"}],"wp:attachment":[{"href":"https:\/\/imgist.ru\/de\/wp-json\/wp\/v2\/media?parent=14457"}],"wp:term":[{"taxonomy":"category","embeddable":true,"href":"https:\/\/imgist.ru\/de\/wp-json\/wp\/v2\/categories?post=14457"},{"taxonomy":"post_tag","embeddable":true,"href":"https:\/\/imgist.ru\/de\/wp-json\/wp\/v2\/tags?post=14457"}],"curies":[{"name":"wp","href":"https:\/\/api.w.org\/{rel}","templated":true}]}}