{"id":14619,"date":"2026-06-05T21:15:54","date_gmt":"2026-06-05T18:15:54","guid":{"rendered":"https:\/\/imgist.ru\/byvshij-vedushhij-novostej-channel-4-dzhon-snou-soobshhil-chto-stradaet-boleznyu-alczgejmera\/"},"modified":"2026-06-05T21:15:54","modified_gmt":"2026-06-05T18:15:54","slug":"der-ehemalige-nachrichtensprecher-von-channel-4-john-snou-gab-bekannt-dass-er-an-alzheimer-leidet","status":"publish","type":"post","link":"https:\/\/imgist.ru\/de\/byvshij-vedushhij-novostej-channel-4-dzhon-snou-soobshhil-chto-stradaet-boleznyu-alczgejmera\/","title":{"rendered":"Der ehemalige Nachrichtensprecher von Channel 4, Jon Snow, hat bekannt gegeben, dass er an Alzheimer leidet."},"content":{"rendered":"<p>Jon Snow, der 32 Jahre lang als Nachrichtensprecher f\u00fcr Channel 4 t\u00e4tig war, hat bekannt gegeben, dass er an Alzheimer erkrankt ist.<\/p>\n<p> In dem Film, der n\u00e4chste Woche Premiere feiert, sprechen der 78-j\u00e4hrige Journalist und seine Frau Precious Lunga dar\u00fcber, wie sie mit seiner Diagnose umgehen.<\/p>\n<p> \u00abZuerst wollte ich es verheimlichen, weil es so viele Vorurteile gibt\u00bb, sagt er im Film.<\/p>\n<p> \u00abJedes Anzeichen einer psychischen Erkrankung ist wie der Tod. Es gibt Momente, in denen sie sich manifestiert, aber es ist kein Zustand, der den ganzen Tag, jeden Tag anh\u00e4lt, und daran klammere ich mich.\u00bb.<\/p>\n<p> Snow war von 1989 bis 2021 Nachrichtensprecherin bei Channel 4, nachdem sie in den 1980er Jahren als Washington-Korrespondentin und diplomatische Redakteurin bei ITN t\u00e4tig war.<\/p>\n<p> Premierminister Sir Keir Starmer nannte ihn einen \u00abwahren Giganten des Journalismus\u00bb, der nun \u00abanderen hilft, sich weniger allein zu f\u00fchlen, und das Bewusstsein f\u00fcr eine Krankheit sch\u00e4rft, die so viele Familien betrifft\u00bb.<\/p>\n<p> In einem Interview mit der Daily Mail zur Unterst\u00fctzung der Kampagne der Alzheimer&#039;s Society sagte Snow: \u00abWenn ich nicht meine Stimme erhebe, wer dann?\u00bb<\/p>\n<p> Auf die Frage nach den Auswirkungen der Krankheit antwortete er: \u00abIch wei\u00df es wirklich nicht. Ich f\u00fchle mich in keiner Weise behindert.\u00bb.<\/p>\n<p> Er sagte, er zweifle noch immer an der Diagnose. \u00abManchmal frage ich mich, ob ich es wirklich habe. Ich wei\u00df nicht, wie viel dar\u00fcber schon bekannt ist\u00bb, sagte er zu seiner Freundin, der Fernsehmoderatorin Kirsty Lang.<\/p>\n<p> Die Alzheimer-Krankheit ist die h\u00e4ufigste Ursache f\u00fcr Demenz, und die Alzheimer-Gesellschaft erkl\u00e4rte, ein weit verbreitetes Missverst\u00e4ndnis sei, dass Demenz ein normaler Bestandteil des Alterungsprozesses sei.<\/p>\n<ul>\n<li>\n<p> Was ist die Alzheimer-Krankheit und wie h\u00e4ufig tritt sie auf?<\/p>\n<\/li>\n<\/ul>\n<p> Snows Ehefrau, eine Epidemiologin, sagte der Mail, dass er sich zun\u00e4chst geweigert habe, einen Arzt aufzusuchen, aber schlie\u00dflich im Jahr 2023 einen Spezialisten konsultierte.<\/p>\n<p> \u00abEr wurde dem sogenannten Mini-Mental-Status-Test unterzogen und hat dabei hervorragend abgeschnitten. Er erreichte 29 von 30 Punkten\u00bb, sagte sie.<\/p>\n<p> \u00abErst sp\u00e4ter, nach einer Gehirnuntersuchung, erhielten wir die Diagnose.\u00bb.<\/p>\n<p> Michelle Dyson, Gesch\u00e4ftsf\u00fchrerin der Alzheimer-Gesellschaft, sagte, Snows Entscheidung, \u00f6ffentlich \u00fcber seine Krankheit zu sprechen, sei \u00abein wahrer Akt des Mutes, und seine Geschichte wird bei so vielen Menschen Anklang finden.\u00bb.<\/p>\n<p> \u00abGemeinsam mit seiner Frau Precious macht John auf die Notwendigkeit eines schnelleren und gerechteren Zugangs zu Diagnostik aufmerksam\u00bb, sagte sie.<\/p>\n<h2> \u00ab&quot;Vom Publikum sehr geliebt&quot;\u00bb<\/h2>\n<p> In seinem neuen Dokumentarfilm \u00abJon Snow: Die letzte gro\u00dfe Geschichte\u00bb enth\u00fcllt er das Ausma\u00df der Umweltkatastrophe in Sambia.<\/p>\n<p> Der Film feiert n\u00e4chste Woche auf dem Sheffield Documentary Film Festival Premiere und wird am 20. Juni auf Channel 4 ausgestrahlt.<\/p>\n<p> Louise Compton, die Nachrichtenchefin von Channel 4, sagte: \u00abJon Snow ist nicht nur eines der bekanntesten Gesichter von Channel 4, er ist ein fester Bestandteil unseres Unternehmens und wird von den Zuschauern in ganz Gro\u00dfbritannien sehr geliebt.\u00bb.<\/p>\n<p> \u00abWir f\u00fchlen uns geehrt, die Gelegenheit zu haben, seine neueste gro\u00dfe Untersuchung in einem einf\u00fchlsam produzierten Film zu dokumentieren, der zeigt, wie John sich in der aktuellen Situation zurechtfindet und wie er ein neues Leben mit der Alzheimer-Krankheit beginnt.\u00bb.<\/p>\n<p> \u00abWir hoffen, dass dieser Film einen wichtigen Beitrag dazu leisten wird, das Bewusstsein daf\u00fcr zu sch\u00e4rfen, wie man mit einer lebensver\u00e4ndernden Diagnose leben kann.\u00bb.<\/p>\n<p> W\u00e4hrend seiner Zeit bei Channel 4 war Snow regelm\u00e4\u00dfig im Studio zu Gast und reiste auch viel, um \u00fcber Ereignisse wie den Fall der Berliner Mauer, die Freilassung von Nelson Mandela und die Amtseinf\u00fchrung von Barack Obama zu berichten.<\/p>\n<p> Im Jahr 2005 erhielt er den BAFTA Richard Dimbleby Award f\u00fcr den besten dokumentarischen Beitrag zum Fernsehen, und im Jahr 2015 wurde er zum BAFTA Honorary Fellow ernannt, der h\u00f6chsten Auszeichnung der Organisation.<\/p>\n<p> Zu seinen weiteren Auszeichnungen z\u00e4hlen zehn Royal Television Society Awards, darunter sechs Auszeichnungen als Moderator des Jahres.<\/p>\n<ul>\n<li>\n<p> Jon Snow verl\u00e4sst Channel 4 News nach 32 Jahren.<\/p>\n<\/li>\n<\/ul>","protected":false},"excerpt":{"rendered":"<p>Jon Snow, der 32 Jahre lang als Nachrichtensprecher f\u00fcr Channel 4 t\u00e4tig war, gab bekannt, dass er an Alzheimer erkrankt ist. Ein Film, der n\u00e4chste Woche Premiere feiert, wird\u2026<\/p>","protected":false},"author":1,"featured_media":14620,"comment_status":"open","ping_status":"closed","sticky":false,"template":"","format":"standard","meta":{"footnotes":""},"categories":[6],"tags":[],"class_list":["post-14619","post","type-post","status-publish","format-standard","has-post-thumbnail","hentry","category-kinoindustriya","hvn-theme-has-thumbnail"],"_links":{"self":[{"href":"https:\/\/imgist.ru\/de\/wp-json\/wp\/v2\/posts\/14619","targetHints":{"allow":["GET"]}}],"collection":[{"href":"https:\/\/imgist.ru\/de\/wp-json\/wp\/v2\/posts"}],"about":[{"href":"https:\/\/imgist.ru\/de\/wp-json\/wp\/v2\/types\/post"}],"author":[{"embeddable":true,"href":"https:\/\/imgist.ru\/de\/wp-json\/wp\/v2\/users\/1"}],"replies":[{"embeddable":true,"href":"https:\/\/imgist.ru\/de\/wp-json\/wp\/v2\/comments?post=14619"}],"version-history":[{"count":0,"href":"https:\/\/imgist.ru\/de\/wp-json\/wp\/v2\/posts\/14619\/revisions"}],"wp:featuredmedia":[{"embeddable":true,"href":"https:\/\/imgist.ru\/de\/wp-json\/wp\/v2\/media\/14620"}],"wp:attachment":[{"href":"https:\/\/imgist.ru\/de\/wp-json\/wp\/v2\/media?parent=14619"}],"wp:term":[{"taxonomy":"category","embeddable":true,"href":"https:\/\/imgist.ru\/de\/wp-json\/wp\/v2\/categories?post=14619"},{"taxonomy":"post_tag","embeddable":true,"href":"https:\/\/imgist.ru\/de\/wp-json\/wp\/v2\/tags?post=14619"}],"curies":[{"name":"wp","href":"https:\/\/api.w.org\/{rel}","templated":true}]}}