{"id":14753,"date":"2026-06-05T22:19:09","date_gmt":"2026-06-05T19:19:09","guid":{"rendered":"https:\/\/imgist.ru\/aktery-seriala-baffi-istrebitelnicza-vampirov-otdali-dan-pamyati-entoni-hedu-posle-ego-smerti-v-vozraste-72-let-on-byl-luchshim-iz-nas\/"},"modified":"2026-08-29T12:14:17","modified_gmt":"2026-08-29T09:14:17","slug":"schauspieler-sera-baffi-istrebitelnicza-vampire-haben-sich-von-der-arbeit-verabschiedet-die-sie-vor-72-jahren-vor-mehr-als-einem-jahr-verlassen-haben","status":"publish","type":"post","link":"https:\/\/imgist.ru\/de\/aktery-seriala-baffi-istrebitelnicza-vampirov-otdali-dan-pamyati-entoni-hedu-posle-ego-smerti-v-vozraste-72-let-on-byl-luchshim-iz-nas\/","title":{"rendered":"Die Darsteller von Buffy \u2013 Im Bann der D\u00e4monen haben Anthony Head nach seinem Tod im Alter von 72 Jahren Tribut gezollt: \u00abEr war der Beste von uns.\u00bb."},"content":{"rendered":"<h3>WICHTIG ZU WISSEN<\/h3>\n<ul>\n<li>\n<p> Die T\u00f6chter von Anthony Head best\u00e4tigten seinen Tod am Freitag, dem 5. Juni, im Alter von 72 Jahren und teilten eine Botschaft \u00fcber sein Verm\u00e4chtnis und seinen Einfluss mit.<\/p>\n<\/li>\n<li>\n<p> Sterne <em>Buffy \u2013 Im Bann der D\u00e4monen\u00ab<\/em> James Marsters, David Boreanaz und Clare Kramer teilten ber\u00fchrende Nachrufe auf ihren verstorbenen Co-Star.<\/p>\n<\/li>\n<li>\n<p> Schauspieler Brett Goldstein, der spielte <em>Ted Lasso<\/em> , und der Sch\u00f6pfer <em>Fernsehserie &quot;Little Britain&quot;\u00ab<\/em> Matt Lucas erinnerte sich ebenfalls an Heads Freundlichkeit, sein Talent und seinen nachhaltigen Einfluss.<\/p>\n<\/li>\n<\/ul>\n<p> Schauspieler der Serie <em>\u00abBuffy \u2013 Im Bann der D\u00e4monen\u00bb<\/em> Nach der Nachricht von seinem Tod am Freitag, dem 5. Juni, im Alter von 72 Jahren, werden Anthony Head zahlreiche Beileidsbekundungen ausgesprochen.<\/p>\n<p> James Marsters, der in der beliebten Mystery-Serie Spike spielte, erinnerte sich an Head als jemanden, der ihn sowohl vor als auch hinter der Kamera begleitete.<\/p>\n<p> \u00abDie Welt hat eine L\u00fccke hinterlassen. Anthony Head ist verstorben\u00bb, schrieb Marsters auf Instagram. \u00abEr war am Set stets ein ausnahmslos freundlicher und zuverl\u00e4ssiger Mensch.\u201c <em>\u00abBuffy\u00bb<\/em> , und der beste Schauspieler im Ensemble. Er war der Beste von uns. Ich hatte das Gl\u00fcck, ihn zu kennen und von ihm zu lernen. Allein durch seine Anwesenheit hat er die Welt zu einem besseren Ort gemacht. Danke, Tony, f\u00fcr alles, was du gegeben hast.<\/p>\n<p> Clare Kramer, die in der Serie die Rolle der Glory spielte, teilte ebenfalls eine ber\u00fchrende Hommage.<\/p>\n<p> \u00abRuhe in Frieden, Anthony. Es war mir eine Freude, dich gekannt zu haben. Es war mir eine Ehre, mit dir zusammenzuarbeiten\u00bb, schrieb sie auf Instagram. \u00abDurch Giles hast du uns Mut ohne Furcht und Mitgef\u00fchl ohne Schw\u00e4che geschenkt \u2013 eine beispielhafte Leistung (und nur eine von vielen). Mein Beileid an deine T\u00f6chter, deine Familie und alle, die das Vergn\u00fcgen hatten, dich zu lieben. Ruhe in Frieden, Beobachter.\u00bb.<\/p>\n<p> David Boreanaz, der in der Serie die Rolle des Angel spielte, w\u00fcrdigte seinen ehemaligen Kollegen in seinen Instagram-Stories.<\/p>\n<p> \u00abRuhe in Frieden. Er war ein so g\u00fctiger und gro\u00dfz\u00fcgiger Mann\u00bb, schrieb Boreanaz. <\/p>\n<p> Die Darsteller von Buffy \u2013 Im Bann der D\u00e4monen im Jahr 1998. Foto: Getty.<\/p>\n<p> Brett Goldstein, Heads Co-Star <em>\u00abTed Lasso,<\/em> Er hob auch die Herzlichkeit und das Talent des Schauspielers hervor.<\/p>\n<p> \u00abAnthony Head war ein brillanter Schauspieler, der den schlimmsten Mann der Welt spielte, was unglaublich war, denn er war eigentlich der beste\u00bb, schrieb Goldstein in seiner Instagram-Story. \u00abUnendlich charmant, liebensw\u00fcrdig, witzig und voller Lebensfreude. Wir werden ihn sehr vermissen. Unser Beileid gilt seiner Familie.\u00bb.<\/p>\n<p> Inzwischen ist der Sch\u00f6pfer der Serie <em>\u00abKleinbritannien\u00bb<\/em> Matt Lucas erinnerte sich daran, Head zu einem Auftritt in der Sketch-Show eingeladen zu haben.<\/p>\n<p> \u00abIch bin sehr traurig \u00fcber den Tod von Tony Head\u00bb, schrieb Lucas auf X. \u00abAls wir die Besetzung f\u00fcr Little Britain zusammenstellten, suchten wir nach dem \u00abtypischen Tony Head\u00bb, weil wir uns nie im Leben vorstellen konnten, dass er selbst Interesse daran haben w\u00fcrde, aber er hatte es.\u00ab.<\/p>\n<p> Heads T\u00f6chter, Daisy und Emily, best\u00e4tigten seinen Tod in einer Erkl\u00e4rung gegen\u00fcber der Press Association, so die Medien. <em>BBC<\/em> \u0438 <em>The Independent<\/em> . \u00abMit tiefer Trauer geben wir den Tod unseres geliebten Vaters bekannt\u00bb, sagten sie. \u201eEr ist friedlich im Kreise seiner Familie an den Folgen einer Lungenentz\u00fcndung verstorben.\u201c.<\/p>\n<p> Sein Tod ereignete sich sechs Monate nach dem Tod seiner langj\u00e4hrigen Lebensgef\u00e4hrtin Sarah Fisher, die im Alter von 61 Jahren starb.<\/p>\n<p> Sie fuhren fort: \u00abEs war und wird immer eine Ehre und ein Privileg sein, seine T\u00f6chter zu sein und aus erster Hand mitzuerleben, welchen Einfluss er und seine Arbeit auf so viele Menschen hatten.\u00bb Seine Familie f\u00fcgte hinzu, dass \u00absein Verm\u00e4chtnis weiterleben wird\u00bb und sagte, sie h\u00e4tten das Gl\u00fcck gehabt, ihn w\u00e4hrend seiner gesamten Karriere seiner Leidenschaft nachgehen zu sehen.<\/p>\n<p> Head erlangte in den 1980er Jahren in Gro\u00dfbritannien als Gesicht der Nescaf\u00e9-Fernsehwerbung Ber\u00fchmtheit und wurde sp\u00e4ter f\u00fcr seine Rollen in Fernsehserien bekannt. <em>\u00abBuffy \u2013 Im Bann der D\u00e4monen\u00bb<\/em> , <em>\u00abTed Lasso\u00bb<\/em> \u0438 <em>\u00abMerlin\u00bb<\/em> . Er hatte au\u00dferdem eine lange Theaterkarriere und wirkte in zahlreichen Produktionen mit. <em>\u00abDie Rocky Horror Show\u00bb<\/em> , sowie in Musicals wie <em>\u00abGodspell\u00bb<\/em> \u0438 <em>\u00abSchach\u00bb<\/em> . <\/p>\n<p> Anthony Head und Sarah Michelle Gellar in \u00abBuffy \u2013 Im Bann der D\u00e4monen\u00bb im Jahr 1997. Foto: James Sorenson\/20th Century Fox TV\/Kobal\/Shutterstock<\/p>\n<p> \u0412 <em>die Fernsehserie &quot;Buffy&quot;<\/em> \u00bbHead spielte Rupert Giles, den Beobachter, Mentor und Vaterfigur von Sarah Michelle Gellars Figur Buffy Summers. Er wirkte in 121 Episoden w\u00e4hrend der Laufzeit der Serie von 1997 bis 2003 mit.<\/p>\n<p> \u00dcber die Jahre hinweg pflegte Head enge Beziehungen zu vielen seiner Schauspielkollegen. <em>\u00abBuffy\u00bb<\/em> . Seine T\u00f6chter sagten, sie w\u00fcssten, \u00abwie sehr er von seinen Freunden, Kollegen und Fans der Serien, in denen er mitgewirkt hat, vermisst werden wird\u00bb, und f\u00fcgten hinzu, dass er \u00abseinen Job sehr geliebt\u00bb und sich \u00abimmer unglaublich gl\u00fccklich gesch\u00e4tzt\u00bb habe.<\/p>\n<p> <strong>Verpassen Sie keine Neuigkeiten \u2013 abonnieren Sie uns!<\/strong> <strong>kostenloser t\u00e4glicher Newsletter PEOPLE<\/strong> <strong>, Um stets \u00fcber die besten Inhalte von PEOPLE informiert zu sein \u2013 von Promi-News bis hin zu fesselnden menschlichen Schicksalen.<\/strong><\/p>\n<p> Zu Heads j\u00fcngsten schauspielerischen Leistungen z\u00e4hlt ein Gastauftritt in der zweiten Staffel der Serie. <em>\u00abBridgerton\u00bb<\/em> im Jahr 2022. Seine letzte Filmrolle war in der romantischen Kom\u00f6die <em>\u00abVerbessert\u00bb<\/em> 2024, wo er an der Seite von Camila Mendes und Marisa Tomei spielte.<\/p>\n<p> Lesen Sie den Originalartikel auf People.<\/p>","protected":false},"excerpt":{"rendered":"<p>WICHTIG ZU WISSEN: Die T\u00f6chter von Anthony Head best\u00e4tigten seinen Tod am Freitag, dem 5. Juni, im Alter von 72 Jahren und teilten eine Botschaft \u00fcber sein Verm\u00e4chtnis und seinen Einfluss. Stars\u2026<\/p>","protected":false},"author":1,"featured_media":14754,"comment_status":"open","ping_status":"closed","sticky":false,"template":"","format":"standard","meta":{"footnotes":""},"categories":[5],"tags":[],"class_list":["post-14753","post","type-post","status-publish","format-standard","has-post-thumbnail","hentry","category-selebriti","hvn-theme-has-thumbnail"],"_links":{"self":[{"href":"https:\/\/imgist.ru\/de\/wp-json\/wp\/v2\/posts\/14753","targetHints":{"allow":["GET"]}}],"collection":[{"href":"https:\/\/imgist.ru\/de\/wp-json\/wp\/v2\/posts"}],"about":[{"href":"https:\/\/imgist.ru\/de\/wp-json\/wp\/v2\/types\/post"}],"author":[{"embeddable":true,"href":"https:\/\/imgist.ru\/de\/wp-json\/wp\/v2\/users\/1"}],"replies":[{"embeddable":true,"href":"https:\/\/imgist.ru\/de\/wp-json\/wp\/v2\/comments?post=14753"}],"version-history":[{"count":2,"href":"https:\/\/imgist.ru\/de\/wp-json\/wp\/v2\/posts\/14753\/revisions"}],"predecessor-version":[{"id":158077,"href":"https:\/\/imgist.ru\/de\/wp-json\/wp\/v2\/posts\/14753\/revisions\/158077"}],"wp:featuredmedia":[{"embeddable":true,"href":"https:\/\/imgist.ru\/de\/wp-json\/wp\/v2\/media\/14754"}],"wp:attachment":[{"href":"https:\/\/imgist.ru\/de\/wp-json\/wp\/v2\/media?parent=14753"}],"wp:term":[{"taxonomy":"category","embeddable":true,"href":"https:\/\/imgist.ru\/de\/wp-json\/wp\/v2\/categories?post=14753"},{"taxonomy":"post_tag","embeddable":true,"href":"https:\/\/imgist.ru\/de\/wp-json\/wp\/v2\/tags?post=14753"}],"curies":[{"name":"wp","href":"https:\/\/api.w.org\/{rel}","templated":true}]}}