{"id":154,"date":"2026-05-29T13:32:22","date_gmt":"2026-05-29T10:32:22","guid":{"rendered":"https:\/\/imgist.ru\/posmotrite-15-samyh-stilnyh-momentov-zaji-uejd-v-chest-ee-19-letiya-segodnya\/"},"modified":"2026-08-24T14:14:21","modified_gmt":"2026-08-24T11:14:21","slug":"hier-sind-die-15-stilvollsten-momente-von-zaji-uejds-19-geburtstag-heute","status":"publish","type":"post","link":"https:\/\/imgist.ru\/de\/posmotrite-15-samyh-stilnyh-momentov-zaji-uejd-v-chest-ee-19-letiya-segodnya\/","title":{"rendered":"Anl\u00e4sslich ihres heutigen 19. Geburtstags pr\u00e4sentieren wir Ihnen 15 der stylischsten Momente von Zaya Wade."},"content":{"rendered":"<p>Zaya Wade ist ein sehr stylischer Teenager!<\/p>\n<p> Das Model, das am 29. Mai 2026 19 Jahre alt wird, gab ihr Deb\u00fct auf dem Miu Miu-Laufsteg bereits 2023, pr\u00e4sentiert aber weiterhin ihren eigenen individuellen Stil, obwohl sie ihre ersten Auftritte auf dem roten Teppich mit ihrem Vater, Dwyane Wade, und ihrer Stiefmutter, Gabrielle Union, hatte. .<\/p>\n<p> Von ihren ersten Outfits mit ihren Eltern bis hin zu ihrem Miu Miu-Abendkleid \u2013 wir blicken anl\u00e4sslich ihres runden Geburtstags auf einige von Zayas kultigsten Looks zur\u00fcck. <\/p>\n<p> 1 von 15<\/p>\n<h2> Miu Miu Moment <\/h2>\n<p> Zaya Wade. Foto: Arnold Gerocki\/Getty<\/p>\n<p> Bevor Zaya ihr Laufstegdeb\u00fct f\u00fcr die Marke gab, besuchte sie die Miu Miu Show w\u00e4hrend der Pariser Modewoche 2022 und trug dabei eine Jeansjacke und einen karierten Rock.<\/p>\n<p> 02 von 15<\/p>\n<h2> Hand in Hand <\/h2>\n<p> Dwyane Wade, Zaya Wade und Gabrielle Union. Foto: Dwyane Wade und Gabrielle Union \/ Instagram<\/p>\n<p> Vor ihrem Winterball pr\u00e4sentierte Zaya ihr funkelndes wei\u00dfes Kleid mit floralen Verzierungen auf der Vorderseite, w\u00e4hrend sie mit ihrer Stiefmutter Gabrielle Union posierte und H\u00e4ndchen haltend mit ihrem Vater Dwyane Wade posierte.<\/p>\n<p> 3 von 15<\/p>\n<h2> Es ist ein Wohlt\u00e4tigkeitsball! <\/h2>\n<p> Zaya Wade. Foto: Zaya Wade\/Instagram<\/p>\n<p> Als Zaya Wade 2024 zum Abschlussball ging, trug sie ein schickes Outfit. Sie entschied sich f\u00fcr ein l\u00e4ssiges Ensemble von Miu Miu und kombinierte es mit Accessoires im Sternen-Design, darunter eine Halskette mit Mond und Sternen sowie Nageldesign mit Sternenmotiven.<\/p>\n<p> 4 von 15<\/p>\n<h2> New Yorker Minute <\/h2>\n<p> Zaya Wade. Foto: Johnny Nunez\/Getty <\/p>\n<p> Im Rahmen der Puma-Kampagne \u201eForever.Classic 2023\u201c besuchte Zaya die Veranstaltung der Marke im New Yorker Flagship-Store und trug dabei einen karierten Rock und nat\u00fcrlich Puma-Sneaker.<\/p>\n<p> 05 von 15<\/p>\n<h2> Mit Papa ausgehen <\/h2>\n<p> Dwyane Wade und Zaya Wade. Foto: Stefanie Keenan\/Getty<\/p>\n<p> In Vorfreude auf die Weihnachtsfeiertage 2024 erschienen Zaya und ihr Vater in festlicher Kleidung zur Er\u00f6ffnung des Revolve-Weihnachtsgesch\u00e4fts im Einkaufszentrum The Grove. Der ehemalige NBA-Spieler trug einen schicken Trainingsanzug, Zaya einen Pelzmantel und einen Minirock, dazu Overknee-Stiefel.<\/p>\n<p> 06 von 15<\/p>\n<h2> Ein Meilenstein <\/h2>\n<p> Zaya Wade. Foto: Estrop\/Getty<\/p>\n<p> Zaya hat sich bereits als Stilikone etabliert, aber im M\u00e4rz 2023 erreichte sie die n\u00e4chste Stufe, indem sie ihr Laufstegdeb\u00fct w\u00e4hrend der Pariser Modewoche gab und die Miu Miu Kollektion pr\u00e4sentierte \u2013 und das alles mit gerade einmal 15 Jahren! <\/p>\n<p> F\u00fcr den gro\u00dfen Moment trug sie ein olivgr\u00fcnes Kleid mit passender Jacke und einer braunen Tasche.<\/p>\n<p> 7 von 15<\/p>\n<h2> Vintage-Stil <\/h2>\n<p> Gabrielle Union, Zaya Wade und Dwyane Wade. Foto: Olivia Wong\/WireImage<\/p>\n<p> Anl\u00e4sslich der Out100-Feierlichkeiten 2024 pr\u00e4sentierte Zaya eine Jacke mit Pelzkragen und Pelzmanschetten, die aussah, als k\u00e4me sie direkt aus Fran Dreschers Kleiderschrank. <em>die Fernsehserie &quot;Die Nanny&quot;\u00ab<\/em> .<\/p>\n<p> 8 von 15<\/p>\n<h2> Hier gibt es keine Fragen. <\/h2>\n<p> Zaya Wade. Foto: Matt Winkelmeyer\/Getty<\/p>\n<p> Das aufstrebende Model pr\u00e4sentierte ihren individuellen Stil in diesem mit Strasssteinen besetzten Fragezeichenkleid, das sie mit einem avantgardistischen Kopfschmuck bei der Gala des Los Angeles LGBT Center kombinierte.<\/p>\n<p> 9 von 15<\/p>\n<h2> \u00dcber die eigenen Jahre hinaus <\/h2>\n<p> Zaya Wade. Foto: Alberto E. Rodriguez\/Getty<\/p>\n<p> Bei der Premiere <em>\u00abMoana 2\u00bb<\/em> Zaya sah in ihrem aufeinander abgestimmten Blumenensemble und dem kunstvollen Dutt umwerfend aus.<\/p>\n<p> 10 von 15<\/p>\n<h2> Bey Happy <\/h2>\n<p> Zaya Wade und Gabrielle Union. Foto: Lexus Gallegos\/Getty <\/p>\n<p> In diesem Jahr ging Zaya mit Union zu einem Junggesellinnenabschied, und ihr Outfit passte zum Thema: ein wei\u00dfer Minirock kombiniert mit einer Jeansjacke und Cowboystiefeln beim Konzert von Beyonc\u00e9s Cowboy Carter Tour in Los Angeles.<\/p>\n<p> 11 von 15<\/p>\n<h2> Blumige Stimmung <\/h2>\n<p> Zaya Wade. Foto: JC Olivera\/Getty<\/p>\n<p> Bei der 10. j\u00e4hrlichen GARRAS-Wohlt\u00e4tigkeitsmodenschau, die von der Translatino Coalition im November 2024 organisiert wurde, sah Zaya in einem schwarzen Kleid, das mit rosa Blumen verziert war, und einem Cape elegant aus.<\/p>\n<p> 12 von 15<\/p>\n<h2> Sch\u00f6nheit in Pink <\/h2>\n<p> Dwyane Wade, Zaya Wade und Gabrielle Union. Foto: Rich Fury\/Getty Images<\/p>\n<p> Zwischen ihren Eltern sitzend, pr\u00e4sentierte Zaya stolz ihre pinkfarbene Gucci-Handtasche, die perfekt zu ihrem restlichen Outfit bei der Gucci Love Parade im November 2021 passte.<\/p>\n<p> 13 von 15<\/p>\n<h2> Im Ton, im Ton <\/h2>\n<p> Dwyane Wade, Zaya Wade und Gabrielle Union. Foto: Andrew Toth\/Getty<\/p>\n<p> Zayas bezauberndes L\u00e4cheln war vielleicht die beste Erg\u00e4nzung zu diesem gr\u00fcn-pinken Smoking-Look, der perfekt zu den Outfits von Union und Dwayne bei den Better Brothers Los Angeles Truth Awards im M\u00e4rz 2020 passte. <\/p>\n<p> 14 von 15<\/p>\n<h2> Das perfekte Beispiel <\/h2>\n<p> Zaya Wade Quelle: Aeon\/GC<\/p>\n<p> Miu Miu ist eindeutig die beliebteste Marke. Ein junges Model posierte in schlichten Kleidungsst\u00fccken der Marke auf dem Weg zur Miutine-Party im September 2025.<\/p>\n<p> 15 von 15 Punkten<\/p>\n<h2> Ganz in Schwarz <\/h2>\n<p> Zaya Wade Foto: Astrida Waligorski\/Getty<\/p>\n<p> Zaya entschied sich f\u00fcr einen Leder-Look von Kopf bis Fu\u00df f\u00fcr ihren Besuch der GLAAD-Gala zum 40-j\u00e4hrigen Jubil\u00e4um im Oktober 2025.<\/p>\n<p> Lesen Sie den Originalartikel auf People.<\/p>","protected":false},"excerpt":{"rendered":"<p>Zaya Wade ist ein sehr stylisches Teenager-Model! Das Model, das am 29. Mai 2026 19 Jahre alt wird, gab ihr Laufstegdeb\u00fct f\u00fcr Miu Miu bereits 2023, aber\u2026<\/p>","protected":false},"author":1,"featured_media":155,"comment_status":"open","ping_status":"closed","sticky":false,"template":"","format":"standard","meta":{"footnotes":""},"categories":[5],"tags":[],"class_list":["post-154","post","type-post","status-publish","format-standard","has-post-thumbnail","hentry","category-selebriti","hvn-theme-has-thumbnail"],"_links":{"self":[{"href":"https:\/\/imgist.ru\/de\/wp-json\/wp\/v2\/posts\/154","targetHints":{"allow":["GET"]}}],"collection":[{"href":"https:\/\/imgist.ru\/de\/wp-json\/wp\/v2\/posts"}],"about":[{"href":"https:\/\/imgist.ru\/de\/wp-json\/wp\/v2\/types\/post"}],"author":[{"embeddable":true,"href":"https:\/\/imgist.ru\/de\/wp-json\/wp\/v2\/users\/1"}],"replies":[{"embeddable":true,"href":"https:\/\/imgist.ru\/de\/wp-json\/wp\/v2\/comments?post=154"}],"version-history":[{"count":15,"href":"https:\/\/imgist.ru\/de\/wp-json\/wp\/v2\/posts\/154\/revisions"}],"predecessor-version":[{"id":140657,"href":"https:\/\/imgist.ru\/de\/wp-json\/wp\/v2\/posts\/154\/revisions\/140657"}],"wp:featuredmedia":[{"embeddable":true,"href":"https:\/\/imgist.ru\/de\/wp-json\/wp\/v2\/media\/155"}],"wp:attachment":[{"href":"https:\/\/imgist.ru\/de\/wp-json\/wp\/v2\/media?parent=154"}],"wp:term":[{"taxonomy":"category","embeddable":true,"href":"https:\/\/imgist.ru\/de\/wp-json\/wp\/v2\/categories?post=154"},{"taxonomy":"post_tag","embeddable":true,"href":"https:\/\/imgist.ru\/de\/wp-json\/wp\/v2\/tags?post=154"}],"curies":[{"name":"wp","href":"https:\/\/api.w.org\/{rel}","templated":true}]}}