{"id":16257,"date":"2026-06-06T22:14:02","date_gmt":"2026-06-06T19:14:02","guid":{"rendered":"https:\/\/imgist.ru\/posvyashhenie-sary-mishel-gellar-svoemu-kollege-po-serialu-baffi-entoni-hedu-trogaet-do-glubiny-dushi\/"},"modified":"2026-08-29T12:17:22","modified_gmt":"2026-08-29T09:17:22","slug":"sari-mishel-gellars-hingabe-an-ihren-buffy-co-star-anthony-hedu-beruhrt-die-tiefen-ihrer-seele","status":"publish","type":"post","link":"https:\/\/imgist.ru\/de\/posvyashhenie-sary-mishel-gellar-svoemu-kollege-po-serialu-baffi-entoni-hedu-trogaet-do-glubiny-dushi\/","title":{"rendered":"Sarah Michelle Gellars Hommage an ihren Buffy-Kollegen Anthony Head ist herzzerrei\u00dfend."},"content":{"rendered":"<h2>Fans und Zuschauer von Buffy \u2013 Im Bann der D\u00e4monen auf der ganzen Welt trauern um den Verlust des Schauspielers Anthony Head, der Anfang dieser Woche im Alter von 72 Jahren verstorben ist. <\/h2>\n<p> \u00a920thCentFox\/Mit freundlicher Genehmigung der Everett Collection<\/p>\n<h2> Die T\u00f6chter des britischen Schauspielers, der von Buffy-Fans f\u00fcr seine Rolle als Giles in der klassischen Fernsehserie geliebt wurde, gaben diese Woche bekannt, dass die Todesursache Komplikationen infolge einer Lungenentz\u00fcndung waren. <\/h2>\n<p> Gareth Cattermole \/ Getty Images<\/p>\n<h2> \u00abEr ist friedlich an den Folgen einer Lungenentz\u00fcndung im Kreise seiner Familie verstorben\u00bb, erkl\u00e4rten Emily und Daisy Head in einer Stellungnahme. \u00abMit tiefer Trauer geben wir den Tod unseres au\u00dfergew\u00f6hnlichen Vaters bekannt\u2026 Es war und bleibt uns eine Ehre und ein Privileg, seine T\u00f6chter zu sein und mitzuerleben, welchen Einfluss er und sein Werk auf so viele Menschen hatten.\u00bb. <\/h2>\n<p> VALERIE HASH \/ AFP via Getty Images<\/p>\n<p> <strong>Siehe auch: \u00abMein Mann ist ein erwachsener Mann\u00bb: 37 Prominente, die schockierend offen \u00fcber ihr Sexleben mit anderen ber\u00fchmten Pers\u00f6nlichkeiten sprachen.<\/strong><\/p>\n<h2> In einer Erkl\u00e4rung merkte Anthonys Familie au\u00dferdem an, \u00abwie sehr er von seinen Freunden, Kollegen und Fans der Serie, in der er mitwirkte, vermisst werden wird\u00bb, und f\u00fcgte hinzu, dass er \u00abseinen Job sehr geliebt\u00bb und sich \u00abimmer unglaublich gl\u00fccklich gesch\u00e4tzt\u00bb habe. <\/h2>\n<p> \u00a9ABC Family\/Mit freundlicher Genehmigung der Everett Collection<\/p>\n<h2> Nach Bekanntwerden von Anthonys Tod bekundeten die Darsteller von Buffy ihr Beileid. David Boreanaz, der Angel spielte, schrieb in seiner Instagram-Story (via THR): \u00abRuhe in Frieden. Er war ein so freundlicher und gro\u00dfz\u00fcgiger Mann.\u00bb. <\/h2>\n<p> \u00a920thCentFox\/Mit freundlicher Genehmigung der Everett Collection<\/p>\n<h2> James Marsters, der Spike spielte, schrieb ebenfalls auf Instagram: \u00abDie Welt hat eine gro\u00dfe L\u00fccke hinterlassen. Anthony Head ist von uns gegangen. Er war ein stets freundlicher und zuverl\u00e4ssiger Mann am Set von Buffy und der beste Schauspieler im gesamten Ensemble. Er war einer der Besten von uns. Ich hatte das Gl\u00fcck, ihn zu kennen und von ihm zu lernen. Er hat die Welt durch seine Anwesenheit zu einem besseren Ort gemacht. Danke, Tony, f\u00fcr alles, was du gegeben hast.\u00ab. <\/h2>\n<p> 20th Century Fox\/Everett Collection<\/p>\n<p> <strong>Siehe auch: 14 Schauspieler, die \u00fcber die Handlung eines Films sagten: \u00abNein, das werde ich nicht tun.\u00bb.<\/strong><\/p>\n<h2> Buffy-Star Sarah Michelle Gellar hat sich zum Gedenken an ihren verstorbenen Co-Star ge\u00e4u\u00dfert. <\/h2>\n<p> Stefan Cardinale - Corbis \/ Corbis via Getty Images<\/p>\n<h2> \u00abSag Giles, ich h\u00e4tte alles durchschaut und es ginge mir gut\u00bb, schrieb sie auf Instagram. \u00abNun ja, ich h\u00e4tte nicht alles durchschaut und es ginge mir auch nicht gut. Aber ich wei\u00df, dass ich Gl\u00fcck hatte, weil ich dich kannte.\u00bb. <\/h2>\n<p> 20th Century Fox\/Everett Collection<\/p>\n<h2> \u00abVielen Dank an Daisy und Emily, dass sie ihren Vater nicht nur mit mir, sondern mit der ganzen Welt geteilt haben.\u00bb. <\/h2>\n<p> James Sorenson \/ 20th Century Fox \/ Everett Collection<\/p>\n<p> <strong>Zum Thema: Welchem prominenten Elternteil \u00e4hnelt dieses Kind, das in eine Familie von Nicht-K\u00fcnstlern hineingeboren wurde, am meisten?<\/strong><\/p>\n<h2> Die Kommentare waren voller Liebe und Unterst\u00fctzung: <\/h2>\n<p> @sarahmgellar \/ Via instagram.com @sarahmgellar \/ Via instagram.com @sarahmgellar \/ Via instagram.com<\/p>\n<p> <strong>Zum Thema: Ich w\u00e4re sehr beeindruckt, wenn Sie diese Musikikonen der 80er Jahre in weniger als 60 Sekunden nennen k\u00f6nnten.<\/strong> <\/p>\n<p> @sarahmgellar \/ Via instagram.com @sarahmgellar \/ Via instagram.com @sarahmgellar \/ Via instagram.com<\/p>\n<h2> Unser tiefstes Mitgef\u00fchl gilt Anthonys Familie in dieser schweren Zeit.<\/h2>\n<p> <strong>Ihr t\u00e4gliches Gehirntraining: Die meisten Menschen werden die Mega-Wortkette dieses Wochenende nicht schaffen \u2013 schaffen Sie es?<\/strong><\/p>\n<p> <strong>Ebenfalls im Bereich Prominente: Na los, ihr wisst doch, dass ihr neugierig seid, welche Prominenten in eurem Alter sind.<\/strong><\/p>\n<p> <strong>Ebenfalls in der Rubrik \u00abProminente\u00bb: 75 der peinlichsten oder lustigsten Promi-Tweets aller Zeiten.<\/strong><\/p>\n<p> <strong>Lesen Sie mehr dar\u00fcber auf BuzzFeed.com.<\/strong><\/p>","protected":false},"excerpt":{"rendered":"<p>Buffy \u2013 Im Bann der D\u00e4monen-Fans und Zuschauer weltweit trauern um den Schauspieler Anthony Head, der Anfang dieser Woche im Alter von \u2026 verstorben ist.<\/p>","protected":false},"author":1,"featured_media":16258,"comment_status":"open","ping_status":"closed","sticky":false,"template":"","format":"standard","meta":{"footnotes":""},"categories":[6],"tags":[],"class_list":["post-16257","post","type-post","status-publish","format-standard","has-post-thumbnail","hentry","category-kinoindustriya","hvn-theme-has-thumbnail"],"_links":{"self":[{"href":"https:\/\/imgist.ru\/de\/wp-json\/wp\/v2\/posts\/16257","targetHints":{"allow":["GET"]}}],"collection":[{"href":"https:\/\/imgist.ru\/de\/wp-json\/wp\/v2\/posts"}],"about":[{"href":"https:\/\/imgist.ru\/de\/wp-json\/wp\/v2\/types\/post"}],"author":[{"embeddable":true,"href":"https:\/\/imgist.ru\/de\/wp-json\/wp\/v2\/users\/1"}],"replies":[{"embeddable":true,"href":"https:\/\/imgist.ru\/de\/wp-json\/wp\/v2\/comments?post=16257"}],"version-history":[{"count":15,"href":"https:\/\/imgist.ru\/de\/wp-json\/wp\/v2\/posts\/16257\/revisions"}],"predecessor-version":[{"id":159632,"href":"https:\/\/imgist.ru\/de\/wp-json\/wp\/v2\/posts\/16257\/revisions\/159632"}],"wp:featuredmedia":[{"embeddable":true,"href":"https:\/\/imgist.ru\/de\/wp-json\/wp\/v2\/media\/16258"}],"wp:attachment":[{"href":"https:\/\/imgist.ru\/de\/wp-json\/wp\/v2\/media?parent=16257"}],"wp:term":[{"taxonomy":"category","embeddable":true,"href":"https:\/\/imgist.ru\/de\/wp-json\/wp\/v2\/categories?post=16257"},{"taxonomy":"post_tag","embeddable":true,"href":"https:\/\/imgist.ru\/de\/wp-json\/wp\/v2\/tags?post=16257"}],"curies":[{"name":"wp","href":"https:\/\/api.w.org\/{rel}","templated":true}]}}