{"id":163166,"date":"2026-09-01T10:58:16","date_gmt":"2026-09-01T07:58:16","guid":{"rendered":"https:\/\/imgist.ru\/28-faktov-o-pape-ioanne-pavle-ii\/"},"modified":"2026-09-01T10:58:18","modified_gmt":"2026-09-01T07:58:18","slug":"28-fakten-uber-papst-johannes-paul-ii","status":"publish","type":"post","link":"https:\/\/imgist.ru\/de\/28-faktov-o-pape-ioanne-pavle-ii\/","title":{"rendered":"28 Fakten \u00fcber Papst Johannes Paul II."},"content":{"rendered":"<p> <img loading=\"lazy\" decoding=\"async\" width=\"1600\" height=\"1200\" src=\"https:\/\/imgist.ru\/wp-content\/uploads\/2026\/09\/28-faktov-o-pape-ioanne-pavle-ii_6a968599a448f.jpeg\" alt=\"28 Fakten \u00fcber Papst Johannes Paul II.\"> Quelle: Wikipedia.org<\/p>\n<p> Papst Johannes Paul II., dessen Name Millionen Menschen bekannt ist, war nicht nur ein religi\u00f6ser F\u00fchrer, sondern auch eine globale Ikone. Geboren in Polen als Karol J\u00f3zef Wojtycza, war er der erste nicht-italienische Papst seit \u00fcber 450 Jahren. Sein Pontifikat, das 1978 begann, zeichnete sich durch sein Engagement f\u00fcr die Menschenrechte, den interreligi\u00f6sen Dialog und seinen tiefgreifenden Einfluss auf den Fall des Kommunismus in Osteuropa aus. <strong>Wussten Sie, dass er vor seiner Priesterweihe Schauspieler war?<\/strong> Seine Liebe zum Theater und zur Poesie pr\u00e4gte seine charismatische Pers\u00f6nlichkeit. Johannes Paul II. reiste viel, besuchte 129 L\u00e4nder und verbreitete Botschaften des Friedens und der Einheit. <strong>Er war auch der Papst mit den meisten Reisen in der Geschichte.<\/strong> Seine Heiligsprechung im Jahr 2014 sicherte ihm den Heiligenstatus und festigte sein Verm\u00e4chtnis. Entdecken Sie diese 28 faszinierenden Fakten \u00fcber einen Mann, dessen Einfluss Grenzen und Glaubensrichtungen \u00fcberschritt.<\/p>\n<p> Inhaltsverzeichnis 01 Fr\u00fche Jahre und Urspr\u00fcnge 02 Weg zum Priestertum 03 Aufstieg der Kirche 04 Papsttum und globaler Einfluss 05 Verm\u00e4chtnis und Einfluss 06 Betrachtungen zum Verm\u00e4chtnis von Papst Johannes Paul II.<\/p>\n<h2> Fr\u00fches Leben und Ursprung<\/h2>\n<p> Papst Johannes Paul II., geboren als Karol J\u00f3zef Wojtycha, war eine bemerkenswerte historische Pers\u00f6nlichkeit. Sein Weg von einer kleinen Stadt in Polen zum Oberhaupt der katholischen Kirche ist voller faszinierender Details.<\/p>\n<ol>\n<li>\n<p> <strong>Geburtsort<\/strong> Er wurde am 18. Mai 1920 in Wadowice, einer kleinen Stadt in Polen, geboren. Diese malerische Stadt ist heute ein beliebter Wallfahrtsort f\u00fcr alle, die ihr kulturelles Erbe bewundern.<\/p>\n<\/li>\n<li>\n<p> <strong>Familientrag\u00f6die<\/strong> Mit 21 Jahren hatte er alle Mitglieder seiner engsten Familie verloren. Seine Mutter starb, als er erst acht Jahre alt war, sein Bruder, als er zw\u00f6lf war, und sein Vater, als er 21 war.<\/p>\n<\/li>\n<li>\n<p> <strong>Leidenschaft f\u00fcr das Theater<\/strong> Vor seinem Eintritt ins Priesterseminar war er stark im Theaterleben engagiert. W\u00e4hrend der Nazi-Besatzung Polens geh\u00f6rte er sogar zu den Gr\u00fcndern einer Untergrundtheatergruppe.<\/p>\n<\/li>\n<li>\n<p> <strong>Kenntnisse in mehreren Sprachen<\/strong> Er sprach mehrere Sprachen flie\u00dfend, darunter Polnisch, Italienisch, Franz\u00f6sisch, Deutsch, Englisch, Spanisch, Portugiesisch und Latein. Diese F\u00e4higkeit half ihm, mit Menschen auf der ganzen Welt zu kommunizieren.<\/p>\n<\/li>\n<\/ol>\n<h2> Der Weg zum Priestertum<\/h2>\n<p> Sein Weg zum Priestertum war nicht einfach. Er war von Schwierigkeiten und einem tiefen Berufungsgef\u00fchl gepr\u00e4gt.<\/p>\n<ol>\n<li>\n<p> <strong>Geheimes Seminar<\/strong> W\u00e4hrend des Zweiten Weltkriegs studierte er an einem geheimen Priesterseminar in Krakau. Dies war eine gef\u00e4hrliche T\u00e4tigkeit, da die Nazis den Religionsunterricht verboten hatten.<\/p>\n<\/li>\n<li>\n<p> <strong>Ordination<\/strong> Am 1. November 1946 wurde er zum Priester geweiht. Die Weihe fand in der Privatkapelle von Kardinal Sapieha statt, der f\u00fcr ihn ein wichtiger Mentor war.<\/p>\n<\/li>\n<li>\n<p> <strong>Doktor der Theologie<\/strong> Er promovierte in Theologie an der P\u00e4pstlichen Universit\u00e4t St. Thomas von Aquin in Rom. Seine Dissertation befasste sich mit der mystischen Theologie des Heiligen Johannes vom Kreuz.<\/p>\n<\/li>\n<\/ol>\n<h2> Der Aufstieg der Kirche<\/h2>\n<p> Sein Aufstieg in der katholischen Kirche verlief rasant und war von bedeutenden Erfolgen gepr\u00e4gt.<\/p>\n<ol>\n<li>\n<p> <strong>Der j\u00fcngste Bischof<\/strong> Im Alter von 38 Jahren wurde er der j\u00fcngste Bischof Polens. Seine jugendliche Energie und seine innovativen Ideen machten ihn zu einer beliebten Pers\u00f6nlichkeit bei Klerus und Laien.<\/p>\n<\/li>\n<li>\n<p> <strong>Erzbischof von Krakau<\/strong> 1964 wurde er zum Erzbischof von Krakau ernannt. Seine F\u00fchrung in dieser Zeit trug ma\u00dfgeblich zur St\u00e4rkung der Position der Kirche im kommunistischen Polen bei.<\/p>\n<\/li>\n<li>\n<p> <strong>Ernennung zum Kardinal<\/strong> Papst Paul VI. ernannte ihn 1967 zum Kardinal, eine Position, die seinen Einfluss in der weltweiten katholischen Gemeinschaft erweiterte.<\/p>\n<\/li>\n<\/ol>\n<h2> Das Papsttum und sein globaler Einfluss<\/h2>\n<p> Das Pontifikat von Papst Johannes Paul II. war eines der l\u00e4ngsten in der Geschichte und hatte einen nachhaltigen Einfluss auf die Welt.<\/p>\n<ol>\n<li>\n<p> <strong>Der erste Papst nichtitalienischer Abstammung<\/strong> Mit seiner Wahl am 16. Oktober 1978 wurde er der erste nicht-italienische Papst seit 455 Jahren. Seine Wahl markierte einen bedeutenden Wendepunkt in der Geschichte der Kirche.<\/p>\n<\/li>\n<li>\n<p> <strong>Der am l\u00e4ngsten amtierende Papst<\/strong> Sein Pontifikat dauerte \u00fcber 26 Jahre und machte ihn damit zu einem der am l\u00e4ngsten amtierenden P\u00e4pste der Geschichte. W\u00e4hrend seiner Amtszeit unternahm er zahlreiche Reisen und setzte verschiedene Initiativen um.<\/p>\n<\/li>\n<li>\n<p> <strong>Weltreisender<\/strong> W\u00e4hrend seines Pontifikats bereiste er 129 L\u00e4nder, was ihm den Beinamen \u00abPilgerpapst\u00bb einbrachte. Seine Reisen trugen dazu bei, Br\u00fccken zwischen verschiedenen Kulturen und Religionen zu bauen.<\/p>\n<\/li>\n<li>\n<p> <strong>versuchter Mord<\/strong> Am 13. Mai 1981 \u00fcberlebte er ein Attentat auf dem Petersplatz. Bemerkenswerterweise vergab er seinem Angreifer, Mehmet Ali Ajca, w\u00e4hrend eines Gef\u00e4ngnisbesuchs.<\/p>\n<\/li>\n<li>\n<p> <strong>Rolle beim Fall des Kommunismus<\/strong> Seine Unterst\u00fctzung der Solidarno\u015b\u0107-Bewegung in Polen und seine Forderungen nach Freiheit und Menschenrechten spielten eine entscheidende Rolle beim Fall des Kommunismus in Osteuropa.<\/p>\n<\/li>\n<li>\n<p> <strong>Interreligi\u00f6ser Dialog<\/strong> Er war ein entschiedener Verfechter des interreligi\u00f6sen Dialogs. Zu seinen Bem\u00fchungen geh\u00f6rten historische Treffen mit F\u00fchrern anderer Religionen, wie dem Judentum und dem Islam.<\/p>\n<\/li>\n<\/ol>\n<h2> Verm\u00e4chtnis und Einfluss<\/h2>\n<p> Das Verm\u00e4chtnis von Papst Johannes Paul II. beeinflusst die Welt weiterhin auf vielf\u00e4ltige Weise.<\/p>\n<ol>\n<li>\n<p> <strong>Heiligsprechung<\/strong> Er sprach 482 Heilige heilig, mehr als jeder seiner Vorg\u00e4nger. Dies war Teil seiner Bem\u00fchungen, den universellen Aufruf zur Heiligkeit zu betonen.<\/p>\n<\/li>\n<li>\n<p> <strong>Interaktion mit Jugendlichen<\/strong> 1985 rief er den Weltjugendtag ins Leben, der junge Katholiken weltweit bis heute inspiriert. Sein Engagement f\u00fcr die Jugend war ein Kennzeichen seines Pontifikats.<\/p>\n<\/li>\n<li>\n<p> <strong>sich f\u00fcr vergangene Fehler entschuldigen<\/strong> Er entschuldigte sich mehrfach f\u00fcr die Fehler der Kirche in der Vergangenheit, unter anderem f\u00fcr ihre Rolle bei der Inquisition und ihren Umgang mit Galilei.<\/p>\n<\/li>\n<li>\n<p> <strong>Theologie des Leibes<\/strong> Seine Lehre \u00fcber die menschliche Sexualit\u00e4t, bekannt als die \u00abTheologie des Leibes\u00bb, hatte einen tiefgreifenden Einfluss auf das katholische Denken und die katholische Praxis.<\/p>\n<\/li>\n<li>\n<p> <strong>Seligsprechung und Heiligsprechung<\/strong> Er wurde 2011 selig- und 2014, nur neun Jahre nach seinem Tod, heiliggesprochen. Diese rasche Heiligsprechung spiegelt seine gro\u00dfe Popularit\u00e4t und seinen Einfluss wider.<\/p>\n<\/li>\n<li>\n<p> <strong>Einfluss auf die Popkultur<\/strong> Sein Leben und seine Lehren haben zahlreiche B\u00fccher, Filme und Dokumentationen inspiriert. Seine charismatische Pers\u00f6nlichkeit hat ihn auch au\u00dferhalb religi\u00f6ser Kreise zu einer beliebten Figur gemacht.<\/p>\n<\/li>\n<li>\n<p> <strong>Social-Media-Pr\u00e4senz<\/strong> Obwohl er vor dem Aufkommen der sozialen Medien verstarb, werden seine Lehren und Zitate online weit verbreitet und inspirieren weiterhin neue Generationen.<\/p>\n<\/li>\n<li>\n<p> <strong>Schutz der Menschenrechte<\/strong> Er setzte sich aktiv f\u00fcr Menschenrechte ein und prangerte h\u00e4ufig Krieg, Armut und Ungerechtigkeit an. Seine Botschaften des Friedens und des Mitgef\u00fchls fanden weltweit Anklang.<\/p>\n<\/li>\n<li>\n<p> <strong>Umweltfragen<\/strong> Er war einer der ersten P\u00e4pste, der sich mit Umweltfragen auseinandersetzte und die Notwendigkeit eines verantwortungsvollen Umgangs mit der Erde betonte.<\/p>\n<\/li>\n<li>\n<p> <strong>Bildungsinitiativen<\/strong> Er gr\u00fcndete mehrere Bildungseinrichtungen und Initiativen, um das Lernen und das intellektuelle Wachstum innerhalb der Kirche zu f\u00f6rdern.<\/p>\n<\/li>\n<li>\n<p> <strong>Kunstf\u00f6rderung<\/strong> Seine Liebe zur Kunst veranlasste ihn, verschiedene k\u00fcnstlerische Projekte innerhalb der Kirche zu unterst\u00fctzen. Er glaubte, dass Kunst ein wirkungsvolles Mittel zur Evangelisierung sein k\u00f6nne.<\/p>\n<\/li>\n<li>\n<p> <strong>Pers\u00f6nliche Bescheidenheit<\/strong> Trotz seines weltweiten Einflusses blieb er bescheiden und zug\u00e4nglich. Seine Bescheidenheit und Herzlichkeit machten ihn bei Millionen von Menschen auf der ganzen Welt beliebt.<\/p>\n<\/li>\n<\/ol>\n<h2> Betrachtungen zum Verm\u00e4chtnis von Papst Johannes Paul II.<\/h2>\n<p> Papst Johannes Paul II. hat der Welt einen unausl\u00f6schlichen Stempel aufgedr\u00fcckt. <strong>beeinflussen<\/strong> ging \u00fcber <strong>Katholische Kirche<\/strong> , Er ber\u00fchrte mit seinen Botschaften unz\u00e4hlige Leben. <strong>Frieden<\/strong> \u0438 <strong>Einheit<\/strong> . Er war es. <strong>Pionier<\/strong> in Entwicklung <strong>interreligi\u00f6ser Dialog<\/strong> , Kontakte zu Menschen unterschiedlicher Herkunft kn\u00fcpfen <strong>Religionen<\/strong> \u0438 <strong>Kulturen<\/strong> . Sein <strong>Reisen<\/strong> in mehr als 100 L\u00e4ndern hat er sein Engagement unter Beweis gestellt <strong>Kommunikation<\/strong> mit Menschen auf der ganzen Welt. Die Rolle von Johannes Paul II. im Herbst <strong>Kommunismus<\/strong> in Osteuropa, insbesondere in seiner Heimat <strong>Polen<\/strong> , ist gut dokumentiert. <strong>Lehren<\/strong> \u00fcber die Menschenw\u00fcrde, <strong>soziale Gerechtigkeit<\/strong> \u0438 <strong>Heiligkeit<\/strong> Leben inspirieren weiterhin viele. Trotz <strong>Gesundheitsprobleme<\/strong> , Er blieb <strong>unersch\u00fctterlich<\/strong> Er war bis zu seinem Tod im Jahr 2005 Anf\u00fchrer. <strong>Heiligsprechung<\/strong> Im Jahr 2014 wurde es weiter gest\u00e4rkt <strong>Erbe<\/strong> . Das Leben und Wirken von Papst Johannes Paul II. erinnern uns an die Macht <strong>Glaube<\/strong> , <strong>Mitgef\u00fchl<\/strong> \u0438 <strong>Dialog<\/strong> bei der Gestaltung einer besseren Welt.<\/p>\n<h3> War diese Seite hilfreich?<\/h3>\n<p> Unsere Arbeit basiert auf dem Anspruch, verl\u00e4ssliche und ansprechende Inhalte zu liefern. Alle Fakten auf unserer Website stammen von echten Nutzern wie Ihnen und bieten Ihnen so vielf\u00e4ltige und informative Inhalte. Um h\u00f6chste Genauigkeit und Zuverl\u00e4ssigkeit zu gew\u00e4hrleisten, pr\u00fcfen unsere erfahrenen Redakteure jeden Beitrag sorgf\u00e4ltig. Dadurch stellen wir sicher, dass die von uns pr\u00e4sentierten Fakten nicht nur interessant, sondern auch vertrauensw\u00fcrdig sind. Vertrauen Sie unserem Qualit\u00e4ts- und Authentizit\u00e4tsanspruch und entdecken und lernen Sie mit uns!.<\/p>\n<p> Teilen Sie diese Tatsache:<\/p>","protected":false},"excerpt":{"rendered":"<p>Quelle: Wikipedia.org Papst Johannes Paul II., dessen Name Millionen bekannt ist, war nicht nur ein religi\u00f6ser F\u00fchrer, sondern auch eine globale Ikone. Geboren in Polen unter dem Namen\u2026<\/p>","protected":false},"author":1,"featured_media":163167,"comment_status":"open","ping_status":"closed","sticky":false,"template":"","format":"standard","meta":{"footnotes":""},"categories":[5],"tags":[],"class_list":["post-163166","post","type-post","status-publish","format-standard","has-post-thumbnail","hentry","category-selebriti","hvn-theme-has-thumbnail"],"_links":{"self":[{"href":"https:\/\/imgist.ru\/de\/wp-json\/wp\/v2\/posts\/163166","targetHints":{"allow":["GET"]}}],"collection":[{"href":"https:\/\/imgist.ru\/de\/wp-json\/wp\/v2\/posts"}],"about":[{"href":"https:\/\/imgist.ru\/de\/wp-json\/wp\/v2\/types\/post"}],"author":[{"embeddable":true,"href":"https:\/\/imgist.ru\/de\/wp-json\/wp\/v2\/users\/1"}],"replies":[{"embeddable":true,"href":"https:\/\/imgist.ru\/de\/wp-json\/wp\/v2\/comments?post=163166"}],"version-history":[{"count":1,"href":"https:\/\/imgist.ru\/de\/wp-json\/wp\/v2\/posts\/163166\/revisions"}],"predecessor-version":[{"id":163168,"href":"https:\/\/imgist.ru\/de\/wp-json\/wp\/v2\/posts\/163166\/revisions\/163168"}],"wp:featuredmedia":[{"embeddable":true,"href":"https:\/\/imgist.ru\/de\/wp-json\/wp\/v2\/media\/163167"}],"wp:attachment":[{"href":"https:\/\/imgist.ru\/de\/wp-json\/wp\/v2\/media?parent=163166"}],"wp:term":[{"taxonomy":"category","embeddable":true,"href":"https:\/\/imgist.ru\/de\/wp-json\/wp\/v2\/categories?post=163166"},{"taxonomy":"post_tag","embeddable":true,"href":"https:\/\/imgist.ru\/de\/wp-json\/wp\/v2\/tags?post=163166"}],"curies":[{"name":"wp","href":"https:\/\/api.w.org\/{rel}","templated":true}]}}