{"id":163196,"date":"2026-09-01T10:59:01","date_gmt":"2026-09-01T07:59:01","guid":{"rendered":"https:\/\/imgist.ru\/24-fakta-o-nelsone-mandele\/"},"modified":"2026-09-01T10:59:02","modified_gmt":"2026-09-01T07:59:02","slug":"24-fakten-uber-nelson-mandele","status":"publish","type":"post","link":"https:\/\/imgist.ru\/de\/24-fakta-o-nelsone-mandele\/","title":{"rendered":"24 Fakten \u00fcber Nelson Mandela"},"content":{"rendered":"<p><img loading=\"lazy\" decoding=\"async\" width=\"1600\" height=\"900\" src=\"https:\/\/imgist.ru\/wp-content\/uploads\/2026\/09\/24-fakta-o-nelsone-mandele_6a9685c5dcce1-rotated.jpeg\" alt=\"24 Fakten \u00fcber Nelson Mandela\"> Quelle: CNN.com<\/p>\n<p> Nelson Mandela, dessen Name mit Mut und Standhaftigkeit verbunden wird, ist ein Symbol f\u00fcr Freiheit und Gerechtigkeit. <strong>Wer war Nelson Mandela?<\/strong> Er war ein s\u00fcdafrikanischer Revolution\u00e4r, der gegen die Apartheid k\u00e4mpfte und von 1994 bis 1999 als erster schwarzer Pr\u00e4sident des Landes amtierte. Mandelas Weg vom Gefangenen zum Pr\u00e4sidenten zeugt von seinem unersch\u00fctterlichen Einsatz f\u00fcr Gleichberechtigung und Menschenrechte. Geboren am 18. Juli 1918 in Mvezo, S\u00fcdafrika, verbrachte er 27 Jahre im Gef\u00e4ngnis, kehrte aber mit einer Botschaft der Vergebung und Vers\u00f6hnung zur\u00fcck. Seine F\u00fchrungsqualit\u00e4ten und seine Visionen trugen ma\u00dfgeblich zur Abschaffung der Apartheid bei, eines Systems der Rassentrennung und Diskriminierung. Mandelas Verm\u00e4chtnis inspiriert bis heute Menschen weltweit und erinnert uns an die Kraft der Beharrlichkeit und die Bedeutung des Eintretens f\u00fcr Gerechtigkeit. Erfahren Sie mehr \u00fcber sein au\u00dfergew\u00f6hnliches Leben und seinen anhaltenden Einfluss anhand dieser 24 faszinierenden Fakten \u00fcber Nelson Mandela.<\/p>\n<p> Inhalt 01 Fr\u00fche Jahre und Ausbildung 02 Politisches Erwachen 03 Haft und Widerstand 04 Freilassung und Pr\u00e4sidentschaft 05 Verm\u00e4chtnis und Einfluss 06 Pers\u00f6nliches Leben 07 Kultureller Einfluss 08 Letzte Jahre und Tod 09 Mandelas Verm\u00e4chtnis lebt weiter<\/p>\n<h2> Fr\u00fchkindliche Bildung<\/h2>\n<p> Nelson Mandelas Lebensweg begann in einem kleinen Dorf in S\u00fcdafrika. Seine fr\u00fchen Jahre waren gepr\u00e4gt von Ereignissen, die seine Zukunft als Anf\u00fchrer und Aktivist formten.<\/p>\n<ol>\n<li>\n<p> <strong>Geburtsname<\/strong> Nelson Mandela wurde am 18. Juli 1918 im Dorf Mvezo in der Transkei als Rolihlahla Mandela geboren. \u00abRolihlahla\u00bb bedeutet in der Xhosa-Sprache so viel wie \u00abAstzieher\u00bb oder \u00abUnruhestifter\u00bb.<\/p>\n<\/li>\n<li>\n<p> <strong>K\u00f6niglicher Ursprung<\/strong> Er wurde in die k\u00f6nigliche Familie der Thembu hineingeboren. Sein Vater, Gadla Henry Mphakanisiwa, war H\u00e4uptling und Berater des Thembu-K\u00f6nigs.<\/p>\n<\/li>\n<li>\n<p> <strong>Der erste in der Familie<\/strong> Mandela war der Erste in seiner Familie, der eine Schule besuchte. Sein Lehrer gab ihm den damals gebr\u00e4uchlichen englischen Namen \u00abNelson\u00bb.<\/p>\n<\/li>\n<li>\n<p> <strong>Hochschulbildung<\/strong> Er studierte an der Universit\u00e4t Fort Hare, der damals einzigen Hochschule f\u00fcr Schwarze nach westlichem Vorbild in S\u00fcdafrika. Er wurde jedoch wegen seiner Teilnahme an einem Studentenprotest exmatrikuliert.<\/p>\n<\/li>\n<\/ol>\n<h2> Politisches Erwachen<\/h2>\n<p> Mandelas politischer Werdegang war von bedeutenden Ereignissen gepr\u00e4gt, die sein Streben nach Gerechtigkeit und Gleichheit befeuerten.<\/p>\n<ol>\n<li>\n<p> <strong>Beitritt zum ANC<\/strong> 1944 trat Mandela dem Afrikanischen Nationalkongress (ANC) bei, was einen Wendepunkt in seinem Leben darstellte. Er wurde einer der Gr\u00fcnder der ANC-Jugendliga, die gegen die Rassentrennung k\u00e4mpfte.<\/p>\n<\/li>\n<li>\n<p> <strong>Kampagne des Widerstands<\/strong> Mandela spielte eine Schl\u00fcsselrolle in der Defiance Campaign von 1952 gegen die Apartheidgesetze. Dies war die erste gro\u00df angelegte, multirassische politische Mobilisierung gegen die Apartheid.<\/p>\n<\/li>\n<li>\n<p> <strong>Mandelas Hochverratsprozess<\/strong> 1956 wurde Mandela zusammen mit 155 anderen Aktivisten verhaftet und wegen Hochverrats angeklagt. Der Prozess dauerte bis 1961, und alle Angeklagten wurden freigesprochen.<\/p>\n<\/li>\n<\/ol>\n<h2> Gefangenschaft und Widerstand<\/h2>\n<p> Mandelas Inhaftierung wurde zum Symbol des Kampfes gegen die Apartheid und inspirierte Menschen auf der ganzen Welt.<\/p>\n<ol>\n<li>\n<p> <strong>Rivonia-Prozess<\/strong> 1962 wurde Mandela erneut verhaftet und 1964 im Rivonia-Prozess zu lebenslanger Haft verurteilt. W\u00e4hrend dieses Prozesses hielt er seine ber\u00fchmte Rede \u00abIch bin bereit zu sterben\u00bb.<\/p>\n<\/li>\n<li>\n<p> <strong>Robben Island<\/strong> Mandela verbrachte 18 seiner 27 Gef\u00e4ngnisjahre auf Robben Island. Trotz der harten Bedingungen inspirierte er weiterhin andere Gefangene und die Anti-Apartheid-Bewegung.<\/p>\n<\/li>\n<li>\n<p> <strong>Geheime Verhandlungen<\/strong> W\u00e4hrend seiner Haft nahm Mandela geheime Gespr\u00e4che mit der Apartheidregierung auf und legte damit den Grundstein f\u00fcr zuk\u00fcnftige Verhandlungen.<\/p>\n<\/li>\n<\/ol>\n<h2> Befreiung und Pr\u00e4sidentschaft<\/h2>\n<p> Mandelas Freilassung markierte ein neues Kapitel in der s\u00fcdafrikanischen Geschichte und beendete die Apartheid sowie seine Pr\u00e4sidentschaft.<\/p>\n<ol>\n<li>\n<p> <strong>Haftentlassung<\/strong> Am 11. Februar 1990 wurde Mandela nach 27 Jahren Haft aus dem Victor-Verster-Gef\u00e4ngnis entlassen. Seine Freilassung wurde weltweit live \u00fcbertragen.<\/p>\n<\/li>\n<li>\n<p> <strong>Friedensnobelpreis<\/strong> 1993 erhielten Mandela und der damalige Pr\u00e4sident F.W. de Klerk gemeinsam den Friedensnobelpreis f\u00fcr ihre Bem\u00fchungen zur Beendigung der Apartheid.<\/p>\n<\/li>\n<li>\n<p> <strong>Der erste schwarze Pr\u00e4sident<\/strong> 1994 wurde Mandela nach den ersten freien Wahlen f\u00fcr alle Bev\u00f6lkerungsgruppen S\u00fcdafrikas dessen erster schwarzer Pr\u00e4sident. Seine Pr\u00e4sidentschaft war gepr\u00e4gt von Vers\u00f6hnung und dem Aufbau der Nation.<\/p>\n<\/li>\n<\/ol>\n<h2> Verm\u00e4chtnis und Einfluss<\/h2>\n<p> Mandelas Verm\u00e4chtnis inspiriert weiterhin Generationen und hinterl\u00e4sst einen unausl\u00f6schlichen Eindruck in der Welt.<\/p>\n<ol>\n<li>\n<p> <strong>Wahrheits- und Vers\u00f6hnungskommission<\/strong> Mandela gr\u00fcndete die Wahrheits- und Vers\u00f6hnungskommission, um die w\u00e4hrend der Apartheid begangenen Gr\u00e4ueltaten zu untersuchen und Heilung und Vergebung zu f\u00f6rdern.<\/p>\n<\/li>\n<li>\n<p> <strong>Mandela-Tag<\/strong> Am 18. Juli wird weltweit der Mandela-Tag gefeiert, an dem die Menschen dazu aufgerufen werden, 67 Minuten gemeinn\u00fctzige Arbeit zu leisten, um die 67 Jahre zu symbolisieren, die er dem Kampf f\u00fcr soziale Gerechtigkeit gewidmet hat.<\/p>\n<\/li>\n<li>\n<p> <strong>Weltsymbol<\/strong> Mandela wird weltweit als Symbol f\u00fcr Frieden, Widerstandsf\u00e4higkeit und Vergebung verehrt. Sein Leben und Werk inspirieren weiterhin Bewegungen f\u00fcr Gerechtigkeit und Gleichheit.<\/p>\n<\/li>\n<\/ol>\n<h2> Privatleben<\/h2>\n<p> Neben seinen politischen Erfolgen war Mandelas Privatleben voller Herausforderungen und Triumphe.<\/p>\n<ol>\n<li>\n<p> <strong>Ehen<\/strong> Mandela war dreimal verheiratet. Seine erste Ehe mit Evelyn Ntoko Mase wurde geschieden. Sp\u00e4ter heiratete er Winnie Madikizela, mit der er zwei T\u00f6chter hatte, und schlie\u00dflich Gra\u00e7a Machel.<\/p>\n<\/li>\n<li>\n<p> <strong>Familientrag\u00f6dien<\/strong> Mandela erlitt pers\u00f6nliche Trag\u00f6dien, darunter den Verlust seines Sohnes Thembekile bei einem Autounfall im Jahr 1969, w\u00e4hrend er im Gef\u00e4ngnis sa\u00df.<\/p>\n<\/li>\n<li>\n<p> <strong>Liebe zu Kindern<\/strong> Ungeachtet seiner politischen \u00dcberzeugungen hegte Mandela eine tiefe Liebe zu Kindern. 1995 gr\u00fcndete er den Nelson Mandela Kinderfonds, um das Leben s\u00fcdafrikanischer Kinder zu verbessern.<\/p>\n<\/li>\n<\/ol>\n<h2> Kultureller Einfluss<\/h2>\n<p> Mandelas Einfluss reichte weit \u00fcber die Politik hinaus und pr\u00e4gte Kultur und Medien weltweit.<\/p>\n<ol>\n<li>\n<p> <strong>B\u00fccher und Filme<\/strong> Mandela ist Autor mehrerer B\u00fccher, darunter der Autobiografie \u00abDer lange Weg zur Freiheit\u00bb. Sein Leben wurde in zahlreichen Filmen und Dokumentationen dargestellt.<\/p>\n<\/li>\n<li>\n<p> <strong>Musikalische Widmungen<\/strong> Viele Musiker, darunter Stevie Wonder und U2, haben Mandela in Liedern, die sein Verm\u00e4chtnis und seinen Einfluss w\u00fcrdigen, Tribut gezollt.<\/p>\n<\/li>\n<li>\n<p> <strong>Statuen und Denkm\u00e4ler<\/strong> Statuen und Denkm\u00e4ler f\u00fcr Mandela finden sich \u00fcberall auf der Welt, von S\u00fcdafrika bis Gro\u00dfbritannien, und symbolisieren seinen globalen Einfluss.<\/p>\n<\/li>\n<\/ol>\n<h2> Letzte Jahre und Tod<\/h2>\n<p> Mandelas letzte Jahre waren gepr\u00e4gt von kontinuierlichem Engagement f\u00fcr die Menschenrechte und der Reflexion \u00fcber sein Lebenswerk.<\/p>\n<ol>\n<li>\n<p> <strong>Pflege<\/strong> Seit seinem Amtsantritt als Pr\u00e4sident im Jahr 1999 setzte Mandela seine Arbeit an verschiedenen humanit\u00e4ren Projekten fort, darunter auch die Sensibilisierung f\u00fcr HIV\/AIDS.<\/p>\n<\/li>\n<li>\n<p> <strong>Tod<\/strong> Nelson Mandela starb am 5. Dezember 2013 im Alter von 95 Jahren. Sein Tod wurde weltweit betrauert, und Beileidsbekundungen trafen von Staatsoberh\u00e4uptern und B\u00fcrgern aus aller Welt ein.<\/p>\n<\/li>\n<\/ol>\n<h2> Mandelas Verm\u00e4chtnis lebt weiter.<\/h2>\n<p> Nelson Mandelas Leben ist ein Zeugnis von Widerstandsf\u00e4higkeit, Mut und der Kraft der Vergebung. Sein Weg von einem kleinen Dorf in S\u00fcdafrika zur globalen Ikone. <strong>Frieden<\/strong> \u0438 <strong>Gerechtigkeit,<\/strong> Wirklich inspirierend. Mandelas unersch\u00fctterliches Engagement f\u00fcr die Beendigung des Kreislaufs. <strong>Apartheid<\/strong> und F\u00f6rderung <strong>Rassengleichheit<\/strong> Er ver\u00e4nderte den Lauf der Geschichte. Er zeigte der Welt, dass selbst angesichts von Widrigkeiten ein Einzelner etwas bewirken kann. Mandelas Verm\u00e4chtnis inspiriert bis heute. <strong>Aktivisten<\/strong> , <strong>F\u00fchrungskr\u00e4fte<\/strong> und ganz normale Menschen, die nach einer besseren Welt streben. Seine Geschichte erinnert uns daran, <strong>Freiheit<\/strong> \u0438 <strong>Gleichwertigkeit<\/strong> Es lohnt sich, daf\u00fcr zu k\u00e4mpfen. Wenn wir \u00fcber sein Leben nachdenken, lasst uns seine Botschaft weitertragen. <strong>Hoffnungen<\/strong> \u0438 <strong>Einheit<\/strong> . Mandelas Einfluss wird f\u00fcr immer in den Herzen all jener weiterleben, die an eine gerechte und inklusive Gesellschaft glauben. Sein Verm\u00e4chtnis ist ein Leuchtfeuer f\u00fcr k\u00fcnftige Generationen.<\/p>\n<h3> War diese Seite hilfreich?<\/h3>\n<p> Unsere Arbeit basiert auf dem Anspruch, verl\u00e4ssliche und ansprechende Inhalte zu liefern. Alle Fakten auf unserer Website stammen von echten Nutzern wie Ihnen und bieten Ihnen so vielf\u00e4ltige und informative Inhalte. Um h\u00f6chste Genauigkeit und Zuverl\u00e4ssigkeit zu gew\u00e4hrleisten, pr\u00fcfen unsere erfahrenen Redakteure jeden Beitrag sorgf\u00e4ltig. Dadurch stellen wir sicher, dass die von uns pr\u00e4sentierten Fakten nicht nur interessant, sondern auch vertrauensw\u00fcrdig sind. Vertrauen Sie unserem Qualit\u00e4ts- und Authentizit\u00e4tsanspruch und entdecken und lernen Sie mit uns!.<\/p>\n<p> Teilen Sie diese Tatsache:<\/p>","protected":false},"excerpt":{"rendered":"<p>Quelle: CNN.com Nelson Mandela, dessen Name mit Mut und Standhaftigkeit verbunden wird, ist ein Symbol f\u00fcr Freiheit und Gerechtigkeit. Wer war Nelson Mandela? Er war ein s\u00fcdafrikanischer Revolution\u00e4r, der k\u00e4mpfte\u2026<\/p>","protected":false},"author":1,"featured_media":163197,"comment_status":"open","ping_status":"closed","sticky":false,"template":"","format":"standard","meta":{"footnotes":""},"categories":[5],"tags":[],"class_list":["post-163196","post","type-post","status-publish","format-standard","has-post-thumbnail","hentry","category-selebriti","hvn-theme-has-thumbnail"],"_links":{"self":[{"href":"https:\/\/imgist.ru\/de\/wp-json\/wp\/v2\/posts\/163196","targetHints":{"allow":["GET"]}}],"collection":[{"href":"https:\/\/imgist.ru\/de\/wp-json\/wp\/v2\/posts"}],"about":[{"href":"https:\/\/imgist.ru\/de\/wp-json\/wp\/v2\/types\/post"}],"author":[{"embeddable":true,"href":"https:\/\/imgist.ru\/de\/wp-json\/wp\/v2\/users\/1"}],"replies":[{"embeddable":true,"href":"https:\/\/imgist.ru\/de\/wp-json\/wp\/v2\/comments?post=163196"}],"version-history":[{"count":1,"href":"https:\/\/imgist.ru\/de\/wp-json\/wp\/v2\/posts\/163196\/revisions"}],"predecessor-version":[{"id":163198,"href":"https:\/\/imgist.ru\/de\/wp-json\/wp\/v2\/posts\/163196\/revisions\/163198"}],"wp:featuredmedia":[{"embeddable":true,"href":"https:\/\/imgist.ru\/de\/wp-json\/wp\/v2\/media\/163197"}],"wp:attachment":[{"href":"https:\/\/imgist.ru\/de\/wp-json\/wp\/v2\/media?parent=163196"}],"wp:term":[{"taxonomy":"category","embeddable":true,"href":"https:\/\/imgist.ru\/de\/wp-json\/wp\/v2\/categories?post=163196"},{"taxonomy":"post_tag","embeddable":true,"href":"https:\/\/imgist.ru\/de\/wp-json\/wp\/v2\/tags?post=163196"}],"curies":[{"name":"wp","href":"https:\/\/api.w.org\/{rel}","templated":true}]}}