{"id":165591,"date":"2026-09-02T12:54:59","date_gmt":"2026-09-02T09:54:59","guid":{"rendered":"https:\/\/imgist.ru\/10-izvestnyh-fotografij-i-ih-istorii\/"},"modified":"2026-09-02T12:55:04","modified_gmt":"2026-09-02T09:55:04","slug":"10-beruhmte-fotografien-und-ihre-geschichten","status":"publish","type":"post","link":"https:\/\/imgist.ru\/de\/10-izvestnyh-fotografij-i-ih-istorii\/","title":{"rendered":"10 ber\u00fchmte Fotografien und ihre Geschichten"},"content":{"rendered":"<p>Die Welt, in der wir leben, ist gepr\u00e4gt von einer Vielzahl an Emotionen. W\u00e4hrend ein Teil der Welt in Freude schwelgt, kann ein anderer in tiefe Trauer versinken. Wir wissen nie, was im n\u00e4chsten Moment geschieht, doch wir versuchen, den Augenblick festzuhalten, manchmal in der Erinnerung, manchmal in Fotografien. Erinnerungen m\u00f6gen mit der Zeit verblassen, aber Fotografien bleiben stets eine best\u00e4ndige Erinnerung an die Vergangenheit. Jedes Foto erz\u00e4hlt seine eigene Geschichte. Deshalb haben wir zehn der bekanntesten und unbekanntesten Geschichten zu diesen ikonischen Fotografien zusammengetragen.<\/p>\n<h4> <strong>1. Blick aus dem Fenster des Restaurants Le Gras<\/strong><\/h4>\n<h4> <strong>\u00abBlick aus dem Fenster in Le Gras\u00bb ist die weltweit erste gelungene und dauerhafte Fotografie. Sie wurde 1826 von Nic\u00e9phore Ni\u00e9pce aufgenommen. Er ben\u00f6tigte acht Stunden f\u00fcr die Erstellung.<\/strong><\/h4>\n<figure><img loading=\"lazy\" decoding=\"async\" title=\"Blick aus dem Fenster des Restaurants Le Gras\" src=\"https:\/\/imgist.ru\/wp-content\/uploads\/2026\/09\/10-izvestnyh-fotografij-i-ih-istorii_6a97f27579653.jpeg\" alt=\"Blick aus dem Fenster in Le Gras\" width=\"750\" height=\"457\"><figcaption> Bild mit freundlicher Genehmigung von Joseph Nic\u00e9phore Ni\u00e9pce \u00fcber dcl.elevator.umn.edu<\/figcaption><\/figure>\n<p> Das weltweit erste Foto, \u00abBlick aus dem Fenster von Le Gr\u00e2ce\u00bb, wurde 1826 von dem franz\u00f6sischen Erfinder Joseph Nic\u00e9phore Ni\u00e9pce aus dem Fenster seines Ateliers in Frankreich aufgenommen. Die Lithografie war damals ein g\u00e4ngiges Verfahren zur Bildherstellung, und Joseph war davon fasziniert. Da er jedoch kein guter Zeichner war, \u00fcberlie\u00df er die Fertigstellung dem Sohn.<\/p>\n<p> Als sein Sohn Joseph zum Milit\u00e4rdienst eingezogen wurde, suchte er nach alternativen Methoden, Bilder zu erstellen. Er beschloss, eine Camera obscura zu benutzen. Da er kein guter K\u00fcnstler war, \u00fcberlegte er, ein lichtempfindliches Material zu verwenden, um das Bild durch das Licht quasi \u00abeinzu\u00e4tzen\u00bb. Nach einigem Ausprobieren entschied er sich schlie\u00dflich f\u00fcr eine Kombination aus Bitumen aus Jud\u00e4a, das auf eine Zinnplatte aufgetragen wurde.<\/p>\n<p> Er lie\u00df diese erd\u00f6lbasierte Substanz acht Stunden lang ununterbrochen in einer Camera obscura. Das Licht h\u00e4rtete das Bitumen an den Stellen, wo es auftraf, allm\u00e4hlich aus und erzeugte so ein primitives Foto. Anschlie\u00dfend wusch er das nicht ausgeh\u00e4rtete Bitumen mit Lavendelwasser ab und schuf so ein Bild der D\u00e4cher und B\u00e4ume, die er von seinem Atelierfenster aus sehen konnte. Damit gelang es Joseph Nic\u00e9phore Ni\u00e9pce, das erste Foto der Welt zu entwickeln. <em>(1,2)<\/em><\/p>\n<h4> <strong>2. Mittagessen auf einem Wolkenkratzer<\/strong><\/h4>\n<h4> <strong>Das Foto \u00abMittagessen auf einem Wolkenkratzer\u00bb entstand w\u00e4hrend der Bauarbeiten am 30 Rockefeller Plaza. Es zeigt elf M\u00e4nner, die in 256 Metern H\u00f6he \u00fcber den Stra\u00dfen von New York City sitzen und ihr Mittagessen genie\u00dfen. Es wird vermutet, dass es gestellt ist.<\/strong><\/h4>\n<figure><img loading=\"lazy\" decoding=\"async\" title=\"Mittagessen auf einem Wolkenkratzer\" src=\"https:\/\/imgist.ru\/wp-content\/uploads\/2026\/09\/10-izvestnyh-fotografij-i-ih-istorii_6a97f275ed7af.jpeg\" alt=\"Mittagessen auf einem Wolkenkratzer\" width=\"750\" height=\"422\"><figcaption> Bildquelle: Bettman\/Corbis via archive.org<\/figcaption><\/figure>\n<p> Das ber\u00fchmte Foto \u00abMittagessen auf einem Wolkenkratzer\u00bb, auch bekannt als \u00abArbeiter bei der Arbeit\u00bb, z\u00e4hlt zu den bekanntesten Fotografien aller Zeiten. Es entstand am 20. September 1932, als sich das Rockefeller Center in der Endphase des Baus befand. Das Foto zeigt elf M\u00e4nner, die auf einem Stahltr\u00e4ger in 256 Metern H\u00f6he \u00fcber den Stra\u00dfen von New York City zu Mittag essen. Laut Archivaren war das Foto gestellt. Die abgebildeten M\u00e4nner waren zwar echte Stahlarbeiter, die meisten von ihnen irischer Abstammung, doch man geht davon aus, dass das Rockefeller Center die Szene inszenierte, um f\u00fcr seinen neuen Wolkenkratzer zu werben.<\/p>\n<p> Dieses Foto entstand w\u00e4hrend der Gro\u00dfen Depression, als sich die Stadt in einer Krise befand. Die M\u00e4nner jener Zeit waren bereit, jede Arbeit anzunehmen, ungeachtet der Sicherheitsbedenken, wie der Mangel an Sicherheitsgurten beweist.<\/p>\n<p> Es gab zahlreiche Behauptungen \u00fcber die wahre Identit\u00e4t der M\u00e4nner auf dem Foto, doch nur wenige konnten best\u00e4tigt werden. Von links nach rechts: Nummer drei ist Josef Eckner, Nummer vier ist Michael Breheny, Nummer f\u00fcnf ist Albin Svensson und Nummer sechs, mit einer Zigarette, ist John (Jack) Patrick Madden. Der erste Mann von rechts ist ein slowakischer Arbeiter, Gustav (Gusti) Popovic. 1932 schickte Gusti seiner Frau Mariska eine Postkarte mit diesem Foto und schrieb: \u00abKeine Sorge, liebe Mariska, wie du siehst, bin ich immer noch dem Alkohol verfallen. Dein Gusti.\u00bb. <em>(1,2,3)<\/em><\/p>\n<h4> <strong>3. Ein j\u00fcdischer Junge ergab sich in Warschau<\/strong><\/h4>\n<h4> <strong>Dieses Foto aus dem Jahr 1943, aufgenommen im Warschauer Ghetto, zeigt einen ver\u00e4ngstigten und dem Tode nahen Jungen mit erhobenen H\u00e4nden, der zusammen mit anderen Juden des Warschauer Ghettos unter den wachsamen Augen bewaffneter deutscher Soldaten steht.<\/strong><\/h4>\n<figure><img loading=\"lazy\" decoding=\"async\" title=\"Ein j\u00fcdischer Junge ergab sich in Warschau.\" src=\"https:\/\/imgist.ru\/wp-content\/uploads\/2026\/09\/10-izvestnyh-fotografij-i-ih-istorii_6a97f2766e958.jpeg\" alt=\"J\u00fcdischer Junge stellt sich in Warschau\u00a0\" width=\"750\" height=\"465\"><figcaption> Bildquelle: www.ushmm.org<\/figcaption><\/figure>\n<p> Das Foto \u00abJ\u00fcdischer Junge ergibt sich in Warschau\u00bb ist eines der bekanntesten Bilder des deutschen Holocaust. Es f\u00e4ngt den Schrecken der monstr\u00f6sen Tyrannei ein: Ein Kind mit Schieberm\u00fctze hebt w\u00e4hrend einer Razzia gegen die Warschauer Juden die H\u00e4nde zur Kapitulation. Dies war die letzte Razzia gegen Juden, die w\u00e4hrend des Aufstands im Warschauer Ghetto 1943 zum Tode verurteilt worden waren. Das Foto war eines von 52 Schwarz-Wei\u00df-Bildern in SS-General Stroops Bericht \u00fcber die Liquidierung des Ghettos. Der urspr\u00fcnglich unter dem Titel \u00abDas j\u00fcdische Viertel von Warschau existiert nicht mehr!\u00bb ver\u00f6ffentlichte Bericht beschrieb detailliert die Operation im April und Mai 1943 zur Befreiung des Warschauer Ghettos und zur Deportation der verbliebenen M\u00e4nner, Frauen und Kinder.<\/p>\n<p> Die wahre Identit\u00e4t des ver\u00e4ngstigten Jungen ist unbekannt, obwohl zahlreiche Theorien kursieren. Die einzige Person auf dem Foto, die identifiziert wurde, ist der deutsche Wachmann, der mit einem Maschinengewehr auf den Jungen zielt. Es handelte sich um SS-Rottenf\u00fchrer Josef Blosche, eine gef\u00fcrchtete Gestalt, die sich oft mit anderen zusammentat, um bei Jagdz\u00fcgen die Bewohner des Ghettos zu terrorisieren und wahllos jeden zu t\u00f6ten, den sie ausw\u00e4hlte.<\/p>\n<p> Nach seiner Verhaftung gab Blosche folgende Erkl\u00e4rung ab: \u00abAuf dem Foto bin ich als Gestapo-Offizier im Warschauer Ghetto zusammen mit einer Gruppe SS-M\u00e4nnern zu sehen, wie ich eine gro\u00dfe Anzahl j\u00fcdischer B\u00fcrger aus einem Haus treibe. Die Gruppe besteht haupts\u00e4chlich aus Kindern, Frauen und \u00e4lteren Menschen, die mit erhobenen H\u00e4nden durch das Tor aus dem Haus gef\u00fchrt werden. Die j\u00fcdischen B\u00fcrger werden dann zum sogenannten \u00abUmschlagplatz\u00bb gebracht, von wo aus sie in das Vernichtungslager Treblinka deportiert werden.\u00bb. <em>(1,2,3)<\/em><\/p>\n<h4> <strong>4. Dali Atomicus<\/strong><\/h4>\n<h4> <strong>Inspiriert von Dal\u00eds Gem\u00e4lde \u00abLeda Atomic\u00bb schuf der Fotograf Philippe Halsman eine komplexe Komposition rund um den K\u00fcnstler. Er ben\u00f6tigte 26 Versuche, um die perfekte Aufnahme zu erzielen.<\/strong><\/h4>\n<figure><img decoding=\"async\" loading=\"lazy\" title=\"Dali Atomicus\" src=\"https:\/\/imgist.ru\/wp-content\/uploads\/2026\/09\/10-izvestnyh-fotografij-i-ih-istorii_6a97f2774cb83.jpeg\" alt=\"Dal\u00ed Atomicus\u00a0\" width=\"750\" height=\"465\"><figcaption> Bildquelle: www.loc.gov<\/figcaption><\/figure>\n<p> Vor Photoshop gab es ein dynamisches Duo aus K\u00fcnstler und Fotograf, die extravagante Portr\u00e4ts schufen. Der K\u00fcnstler war Salvador Dal\u00ed, der Fotograf Philippe Halsman. Halsman lernte Dal\u00ed in den 1930er-Jahren in Paris kennen. 1949 malte Dal\u00ed \u00abLeda Atomicus\u00bb, wobei \u00abatomicus\u00bb so viel wie \u201eim Raum schwebend\u201c bedeutet.<\/p>\n<p> Das Gem\u00e4lde zeigt Leda, die mythologische K\u00f6nigin von Sparta, mit einem Schwan, w\u00e4hrend verschiedene Gegenst\u00e4nde um sie herum schweben, wie ein Buch, ein Quadrat, zwei Leitern und ein Ei.<\/p>\n<p> Inspiriert von diesem Gem\u00e4lde, arbeitete Halsman mit Dal\u00ed an einem Fotoprojekt. Dal\u00eds urspr\u00fcngliche Idee war, eine Ente zu nehmen, Dynamit in ihren Hintern zu stopfen und sie dann in die Luft zu jagen. Halsman lehnte dies jedoch ab, da sie bef\u00fcrchteten, verhaftet zu werden. Nach einigem Hin und Her entwickelten sie eine Idee mit drei Katzen und Wasser. Mithilfe von unsichtbarem Draht befestigten sie eine Staffelei, einen Hocker und das Gem\u00e4lde \u00abLeda Atomicus\u00bb daran, w\u00e4hrend Dal\u00eds Frau den Hocker hielt.<\/p>\n<p> Halsman z\u00e4hlte bis vier, und nach drei warfen die Assistenten Wasser und Katzen in die Luft. Beim Z\u00e4hlen bis vier sprang Dal\u00ed. Die Idee, alles in der Schwebe zu halten, war eine Herausforderung, da die Szene in einer einzigen, ungeschnittenen Einstellung gefilmt werden musste. Dal\u00ed und Halsman gelang diese magische, die Schwerkraft scheinbar aufhebende Aufnahme nach 26 Versuchen. <em>(1,2,3)<\/em><\/p>\n<h4> <strong>5. Das Baby geht.<\/strong><\/h4>\n<h4> <strong>Dies ist ein Foto von Babe Ruth, einem der gr\u00f6\u00dften Baseballspieler aller Zeiten, inmitten des ohrenbet\u00e4ubenden Jubels von 50.000 Fans. Fotograf Neil Fine hielt fest, wie er dem\u00fctig zum letzten Mal in seinem Leben den Applaus der Menge entgegennahm.<\/strong><\/h4>\n<figure><img decoding=\"async\" loading=\"lazy\" title=\"Babe beendet seine Karriere im Sport.\" src=\"https:\/\/imgist.ru\/wp-content\/uploads\/2026\/09\/10-izvestnyh-fotografij-i-ih-istorii_6a97f2780909a.jpeg\" alt=\"Die Sch\u00f6ne verabschiedet sich\u00a0\" width=\"750\" height=\"461\"><figcaption> Bildquelle: www.pulitzer.org<\/figcaption><\/figure>\n<p> Am 13. Juni 1948 gelang dem jungen New Yorker Nat Fine eine der gro\u00dfartigsten Fotografien aller Zeiten: Babe Ruths letztes Spiel im Yankee Stadium. Das Foto mit dem Titel \u00abBabe Goes Out\u00bb wurde mit dem Pulitzer-Preis ausgezeichnet. Es war die erste Sportfotografie, die diese prestigetr\u00e4chtige Auszeichnung erhielt.<\/p>\n<p> Fine arbeitete als Redakteur beim New York Herald-Tribune, hatte aber auch ein ausgepr\u00e4gtes Auge f\u00fcr Fotografie. Als der Sportfotograf erkrankte, wurde Fine ins Yankee Stadium geschickt, um die Feierlichkeiten zum 25. Jahrestag des legend\u00e4ren \u00abHauses, das Ruth gebaut hat\u00bb festzuhalten. Im Stadion sollte die Zeremonie zur Verabschiedung von Babe Ruths Trikotnummer stattfinden. D\u00fcnn und geschw\u00e4cht von einer langen Krankheit, betrat Ruth unter tosendem Applaus seiner Fans die Spielerbank.<\/p>\n<p> Nat Fien gelang eine Aufnahme von hinten, die die Bedeutung des Stadionjubil\u00e4ums, die zur\u00fcckgezogenen Trikotnummern und Uniformen sowie die gebeugte Gestalt des kranken Babe Ruth eindrucksvoll vermittelte. Ruths Identit\u00e4t war selbst ohne sein Gesicht unverkennbar. Dieses gro\u00dfartige Foto wird in der Smithsonian Institution und der National Baseball Hall of Fame neben der legend\u00e4ren Uniform aufbewahrt. <em>(1,2)<\/em><\/p>","protected":false},"excerpt":{"rendered":"<p>Die Welt, in der wir leben, besteht aus einer Vielzahl von Emotionen. W\u00e4hrend ein Teil der Welt in Freude schwelgt, kann ein anderer in Dunkelheit versinken\u2026<\/p>","protected":false},"author":1,"featured_media":165592,"comment_status":"open","ping_status":"closed","sticky":false,"template":"","format":"standard","meta":{"footnotes":""},"categories":[20],"tags":[62],"class_list":["post-165591","post","type-post","status-publish","format-standard","has-post-thumbnail","hentry","category-interesnye-fakty","tag-katalog-faktov","hvn-theme-has-thumbnail"],"_links":{"self":[{"href":"https:\/\/imgist.ru\/de\/wp-json\/wp\/v2\/posts\/165591","targetHints":{"allow":["GET"]}}],"collection":[{"href":"https:\/\/imgist.ru\/de\/wp-json\/wp\/v2\/posts"}],"about":[{"href":"https:\/\/imgist.ru\/de\/wp-json\/wp\/v2\/types\/post"}],"author":[{"embeddable":true,"href":"https:\/\/imgist.ru\/de\/wp-json\/wp\/v2\/users\/1"}],"replies":[{"embeddable":true,"href":"https:\/\/imgist.ru\/de\/wp-json\/wp\/v2\/comments?post=165591"}],"version-history":[{"count":1,"href":"https:\/\/imgist.ru\/de\/wp-json\/wp\/v2\/posts\/165591\/revisions"}],"predecessor-version":[{"id":165598,"href":"https:\/\/imgist.ru\/de\/wp-json\/wp\/v2\/posts\/165591\/revisions\/165598"}],"wp:featuredmedia":[{"embeddable":true,"href":"https:\/\/imgist.ru\/de\/wp-json\/wp\/v2\/media\/165592"}],"wp:attachment":[{"href":"https:\/\/imgist.ru\/de\/wp-json\/wp\/v2\/media?parent=165591"}],"wp:term":[{"taxonomy":"category","embeddable":true,"href":"https:\/\/imgist.ru\/de\/wp-json\/wp\/v2\/categories?post=165591"},{"taxonomy":"post_tag","embeddable":true,"href":"https:\/\/imgist.ru\/de\/wp-json\/wp\/v2\/tags?post=165591"}],"curies":[{"name":"wp","href":"https:\/\/api.w.org\/{rel}","templated":true}]}}