{"id":17320,"date":"2026-06-08T01:03:38","date_gmt":"2026-06-07T22:03:38","guid":{"rendered":"https:\/\/imgist.ru\/charli-put-otmenil-konczert-zayaviv-chto-byl-fizicheski-ne-v-sostoyanii-vystupat-iz-za-bolezni\/"},"modified":"2026-08-29T12:19:50","modified_gmt":"2026-08-29T09:19:50","slug":"charlie-put-sagte-das-konzert-ab-und-gab-an-er-sei-krankheitsbedingt-nicht-in-der-lage-aufzutreten","status":"publish","type":"post","link":"https:\/\/imgist.ru\/de\/charli-put-otmenil-konczert-zayaviv-chto-byl-fizicheski-ne-v-sostoyanii-vystupat-iz-za-bolezni\/","title":{"rendered":"Charlie Puth sagte das Konzert ab und erkl\u00e4rte, er sei krankheitsbedingt \u00abk\u00f6rperlich nicht in der Lage aufzutreten\u00bb."},"content":{"rendered":"<h3>WICHTIG ZU WISSEN<\/h3>\n<ul>\n<li>\n<p> Charlie Puth sagte sein Konzert am 6. Juni in Orlando wenige Stunden vor seinem geplanten Auftritt im Rahmen der Whatever&#039;s Clever!-Tour ab.<\/p>\n<\/li>\n<li>\n<p> \u00abIch bin seit einigen Tagen krank und mir wurde nun gesagt, ich solle mich ausruhen, sonst riskiere ich, weitere Konzerte dieser Tournee absagen zu m\u00fcssen\u00bb, schrieb er in den sozialen Medien.<\/p>\n<\/li>\n<li>\n<p> Die Verantwortlichen der Addition Financial Arena teilten sp\u00e4ter mit, dass die Show nicht neu terminiert werde.<\/p>\n<\/li>\n<\/ul>\n<p> Die Fans in Florida m\u00fcssen sich noch etwas gedulden, bevor sie Charlie Puth wiedersehen k\u00f6nnen.<\/p>\n<p> Am Samstag, dem 6. Juni, gab der 34-j\u00e4hrige Singer-Songwriter bekannt, dass er sein f\u00fcr diesen Abend geplantes Konzert in Orlando krankheitsbedingt absagen m\u00fcsse.<\/p>\n<p> \u00abDas f\u00e4llt mir unglaublich schwer, aber ich muss die heutige Show absagen\u00bb, schrieb Puth in seinen Instagram-Stories. \u00abIch bin seit einigen Tagen krank und mir wurde nun geraten, mich auszuruhen, sonst riskiere ich, weitere Konzerte dieser Tour abzusagen.\u00bb.<\/p>\n<p> \u00abJeden Abend f\u00fcr euch aufzutreten bedeutet mir alles, und ihr alle verdient nur das Beste\u00bb, fuhr er fort. \u00abIch bin untr\u00f6stlich, aber ich kann k\u00f6rperlich nicht auftreten. Ohne meine Stimme kann ich euch nicht die Show bieten, die ihr verdient. Es tut mir so leid, das war keine leichte Entscheidung, aber ich hoffe, euch alle bald wiederzusehen, wenn ich wieder gesund bin.\u00bb. <\/p>\n<p> Charlie Puth tritt am 1. Juni 2026 im Rahmen seiner Whatever&#039;s Clever!-Tour in North Carolina auf. Foto: Jeff Hane\/Getty.<\/p>\n<p> Kurz darauf stellte die Addition Financial Arena klar, dass Puths \u00abWhatever&#039;s Clever!\u00bb-Tourkonzert in Orlando nicht neu terminiert w\u00fcrde und forderte die Ticketinhaber in Orlando auf, sich bei der \u201eVerkaufsstelle\u201c eine R\u00fcckerstattung zu erbitten.<\/p>\n<p> Die vierfach f\u00fcr den Grammy nominierte K\u00fcnstlerin wird am 9. Juni im Ascend Amphitheater in Nashville ihr B\u00fchnen-Comeback feiern.<\/p>\n<p> Die Erkrankung des S\u00e4ngers von &quot;See You Again&quot; kommt Monate, nachdem er bekannt gegeben hatte, dass er ein authentischeres Leben f\u00fchre, auf Alkohol verzichte und aufh\u00f6re, so zu tun, als sei er jemand, der er nicht ist.<\/p>\n<p> <strong>Verpassen Sie keine Neuigkeiten \u2013 abonnieren Sie uns!<\/strong> <strong>kostenloser t\u00e4glicher Newsletter PEOPLE<\/strong> <strong>, Um stets \u00fcber die besten Inhalte von PEOPLE informiert zu sein \u2013 von Promi-News bis hin zu fesselnden menschlichen Schicksalen.<\/strong> <\/p>\n<p> Charlie Puth tritt am 29. Mai 2026 im Rahmen seiner Whatever&#039;s Clever!-Tour in New York City auf. Foto: Kevin Mazur\/Getty.<\/p>\n<p> \u00abIch trinke \u00fcberhaupt keinen Alkohol\u00bb, sagte er. <em>Rolling Stone Magazin<\/em> im Januar. \u00abIch glaube, es tr\u00fcbt mein Urteilsverm\u00f6gen.\u00bb.<\/p>\n<p> \u00abEs ist schwer zu beschreiben\u00bb, fuhr er fort. \u201eAber nachdem ich jahrelang von den falschen Leuten umgeben war und die falschen Dinge gesagt habe, ist es unglaublich, dass das alles eines Tages, mit 30, in New York City pl\u00f6tzlich ein Ende findet.\u201c.<\/p>\n<p> Zwei Monate sp\u00e4ter bekamen Puth und seine Frau Brooke Sansone Puth ihr erstes Kind, einen Jungen namens Jude.<\/p>\n<p> \u00ab&quot;Hallo Jude \ud83e\ude75 13.03.26&quot;, schrieb das Paar auf Instagram, zusammen mit einem Foto des Babys in einem blau-wei\u00df gestreiften Strampler, eingewickelt in eine wei\u00dfe Decke.<\/p>\n<p> Weitere Fotos zeigen Puth mit ihrem Sohn, mehrere Polaroids des Paares mit dem Baby im Krankenhaus sowie mehrere Nahaufnahmen von Judes Nase und Hand.<\/p>\n<p> Lesen Sie den Originalartikel auf People.<\/p>","protected":false},"excerpt":{"rendered":"<p>WICHTIG ZU WISSEN: Charlie Puth hat sein Konzert am 6. Juni in Orlando nur wenige Stunden vor dem geplanten Auftritt im Rahmen seiner \u00abWhatever&#039;s Clever!\u201c-Tour abgesagt. \u201eIch\u2026\u201c<\/p>","protected":false},"author":1,"featured_media":17321,"comment_status":"open","ping_status":"closed","sticky":false,"template":"","format":"standard","meta":{"footnotes":""},"categories":[7],"tags":[],"class_list":["post-17320","post","type-post","status-publish","format-standard","has-post-thumbnail","hentry","category-muzyka","hvn-theme-has-thumbnail"],"_links":{"self":[{"href":"https:\/\/imgist.ru\/de\/wp-json\/wp\/v2\/posts\/17320","targetHints":{"allow":["GET"]}}],"collection":[{"href":"https:\/\/imgist.ru\/de\/wp-json\/wp\/v2\/posts"}],"about":[{"href":"https:\/\/imgist.ru\/de\/wp-json\/wp\/v2\/types\/post"}],"author":[{"embeddable":true,"href":"https:\/\/imgist.ru\/de\/wp-json\/wp\/v2\/users\/1"}],"replies":[{"embeddable":true,"href":"https:\/\/imgist.ru\/de\/wp-json\/wp\/v2\/comments?post=17320"}],"version-history":[{"count":2,"href":"https:\/\/imgist.ru\/de\/wp-json\/wp\/v2\/posts\/17320\/revisions"}],"predecessor-version":[{"id":160835,"href":"https:\/\/imgist.ru\/de\/wp-json\/wp\/v2\/posts\/17320\/revisions\/160835"}],"wp:featuredmedia":[{"embeddable":true,"href":"https:\/\/imgist.ru\/de\/wp-json\/wp\/v2\/media\/17321"}],"wp:attachment":[{"href":"https:\/\/imgist.ru\/de\/wp-json\/wp\/v2\/media?parent=17320"}],"wp:term":[{"taxonomy":"category","embeddable":true,"href":"https:\/\/imgist.ru\/de\/wp-json\/wp\/v2\/categories?post=17320"},{"taxonomy":"post_tag","embeddable":true,"href":"https:\/\/imgist.ru\/de\/wp-json\/wp\/v2\/tags?post=17320"}],"curies":[{"name":"wp","href":"https:\/\/api.w.org\/{rel}","templated":true}]}}