{"id":17543,"date":"2026-06-09T21:59:28","date_gmt":"2026-06-09T18:59:28","guid":{"rendered":"http:\/\/imgist.ru\/italyanecz-luka-parmitano-stanet-pervym-evropejczem-prinyavshim-uchastie-v-missii-artemida-nasa\/"},"modified":"2026-06-09T21:59:28","modified_gmt":"2026-06-09T18:59:28","slug":"der-italiener-luca-parmitano-wird-der-erste-europaer-sein-der-an-der-artemis-mission-der-nasa-teilnimmt","status":"publish","type":"post","link":"https:\/\/imgist.ru\/de\/italyanecz-luka-parmitano-stanet-pervym-evropejczem-prinyavshim-uchastie-v-missii-artemida-nasa\/","title":{"rendered":"Der Italiener Luca Parmitano wird als erster Europ\u00e4er an der Artemis-Mission teilnehmen: NASA"},"content":{"rendered":"<p>Der italienische Astronaut Luca Parmitano wird Pilot der Artemis-3-Mission der NASA und ist der erste Europ\u00e4er, der an einer Mission dieses Programms teilnimmt, gab die US-Raumfahrtbeh\u00f6rde am Dienstag bekannt.<\/p>\n<p> Parmitano, der die Europ\u00e4ische Weltraumorganisation (ESA) vertreten wird, ist einer von vier Personen, die als Besatzungsmitglieder f\u00fcr die Artemis-3-Mission nominiert wurden, deren Start f\u00fcr 2027 geplant ist.<\/p>\n<p> \u00abArtemis ist eine Reihe von Missionen mit dem Ziel, Menschen zum Mond zur\u00fcckzubringen, m\u00f6glicherweise schon im Jahr 2028.<\/p>\n<p> W\u00e4hrend der NASA-Pr\u00e4sentation wurde Parmitano emotional, als er seiner Familie und den Raumfahrtagenturen dankte, die seine Nominierung erm\u00f6glicht hatten.<\/p>\n<p> Er bezeichnete Italien als seine \u00abStartrampe\u00bb ins Weltall und die ESA als seine Br\u00fccke, wobei er die amerikanische Raumfahrtbeh\u00f6rde NASA als \u00abdie Rakete, im \u00fcbertragenen wie im w\u00f6rtlichen Sinne\u00bb bezeichnete.<\/p>\n<p> Zur Crew geh\u00f6ren au\u00dferdem drei NASA-Astronauten: Randy Bresnik wird als Missionskommandant fungieren, und Andre Douglas und Frank Rubio werden die Crew als Missionsspezialisten vervollst\u00e4ndigen.<\/p>\n<p> Im Fr\u00fchjahr dieses Jahres flogen Menschen im Rahmen der Artemis-2-Mission am Mond vorbei, die dritte Phase der Mission wird jedoch n\u00e4her an der Erde stattfinden.<\/p>\n<p> Zu den Hauptzielen der Reise geh\u00f6ren das Testen der F\u00e4higkeiten des NASA-Raumschiffs Orion und das Rendezvous mit Mondlandef\u00e4hren der privaten Raumfahrtunternehmen SpaceX und Blue Origin.<\/p>\n<p> Der Zeitplan der Mission geriet ins Wanken, nachdem die von Jeff Bezos&#039; Blue Origin entwickelte New-Glenn-Rakete Ende letzten Monats bei einem Bodentest explodierte und die Infrastruktur der Startrampe besch\u00e4digte.<\/p>\n<p> Bei einer Veranstaltung am Dienstag im Johnson Space Center in Houston r\u00e4umte John Coulouris von Blue Origin eine \u00absignifikante Anomalie\u00bb ein, betonte aber, dass sie bereit sein w\u00fcrden, die Artemis-3-Mission p\u00fcnktlich zu starten.<\/p>\n<p> \u00abWir haben unsere Anstrengungen verdoppelt und machen weiter\u00bb, sagte er.<\/p>\n<p> \u2014 Staffel\u00fcbergabe \u2014<\/p>\n<p> Bevor Parmitano zum Oberst bef\u00f6rdert wurde, war er Testpilot bei der italienischen Luftwaffe und wurde 2009 als ESA-Astronaut ausgew\u00e4hlt.<\/p>\n<p> Er absolvierte zwei Missionen an Bord der Internationalen Raumstation und f\u00fchrte anspruchsvolle Weltraumspazierg\u00e4nge durch, darunter einen, der beinahe t\u00f6dlich geendet h\u00e4tte, als sich sein Helm mit Wasser f\u00fcllte.<\/p>\n<p> \u00abEr hat die Situation ruhig und besonnen gehandhabt und ist wohlbehalten zur\u00fcckgekehrt\u00bb, sagte ESA-Chef Josef Aschbacher am Dienstag.<\/p>\n<p> \u00abIch bin sicher, er wird einen Hauch italienischer L\u00e4ssigkeit ins Cockpit bringen\u00bb, fuhr er lachend fort. \u00abEr ist perfekt f\u00fcr die Rolle und bereit.\u00bb.<\/p>\n<p> Kommandant Bresnik wurde 2004 zum NASA-Astronauten ausgew\u00e4hlt und flog unter anderem mit dem Space Shuttle, bevor dieses Programm eingestellt wurde.<\/p>\n<p> Und Rubio absolvierte den l\u00e4ngsten Solo-Weltraumflug eines amerikanischen Astronauten in der Geschichte und verbrachte 371 Tage im Weltraum, nachdem ein K\u00fchlmittelleck die Reise verl\u00e4ngert hatte.<\/p>\n<p> Die Besatzungsmitglieder der Artemis 2 \u00fcbergaben den Staffelstab an ein neues Team.<\/p>\n<p> \u00abSie haben die Kontrolle\u00bb, sagte Reid Wiseman, der Kommandant dieser Mondmission.<\/p>\n<p> Bresnik lobte die Arbeit des Artemis-2-Teams, das durch seinen Flug um den Mond weltweit Interesse an der Raumfahrt geweckt habe.<\/p>\n<p> \u00abEs mag zwar nur wie ein Staffelstab aussehen\u00bb, sagte Bresnik, \u201eaber es f\u00fchlt sich an wie eine riesige, gl\u00fchend hei\u00dfe olympische Fackel.\u201c.<\/p>\n<p> Die Artemis-2-Mission brachte mit Victor Glover den ersten schwarzen Mann und mit Christina Koch die erste Frau in eine Mondumlaufbahn. Jeremy Hansen war der erste Kanadier, dem dies gelang.<\/p>\n<p> \u2014 Wettlauf gegen China \u2014<\/p>\n<p> NASA-Administrator Jared Isaacman betonte am Dienstag, dass die NASA plant, sowohl an die Landef\u00e4hre von Blue Origin als auch an die von Elon Musks SpaceX entwickelte anzudocken.<\/p>\n<p> Jeremy Parsons, Programmmanager von Artemis, zeigte sich zuversichtlich, dass die Mission trotz etwaiger Bedenken hinsichtlich der Einsatzbereitschaft von Blue Origin planm\u00e4\u00dfig verl\u00e4uft.<\/p>\n<p> \u00abWir nutzen diese Mission, um die Risiken unserer zuk\u00fcnftigen bemannten Mondmissionen mit Prototyp-Landern von Blue Origin und SpaceX zu minimieren und sicherzustellen, dass wir China bei der Erforschung des Mondes einen Schritt voraus bleiben\u00bb, sagte Parsons.<\/p>\n<p> Die Artemis-3-Mission legt den Grundstein f\u00fcr zwei von der NASA geplante Mondlandeversuche im Jahr 2028.<\/p>\n<p> mdo\/bgs<\/p>","protected":false},"excerpt":{"rendered":"<p>Der italienische Astronaut Luca Parmitano wird Pilot der Artemis-3-Mission der NASA sein und der erste Europ\u00e4er, der an einer Mission dieses Programms teilnimmt, gab die US-Raumfahrtbeh\u00f6rde am Dienstag bekannt.<\/p>","protected":false},"author":1,"featured_media":17544,"comment_status":"open","ping_status":"closed","sticky":false,"template":"","format":"standard","meta":{"footnotes":""},"categories":[2],"tags":[],"class_list":["post-17543","post","type-post","status-publish","format-standard","has-post-thumbnail","hentry","category-news","hvn-theme-has-thumbnail"],"_links":{"self":[{"href":"https:\/\/imgist.ru\/de\/wp-json\/wp\/v2\/posts\/17543","targetHints":{"allow":["GET"]}}],"collection":[{"href":"https:\/\/imgist.ru\/de\/wp-json\/wp\/v2\/posts"}],"about":[{"href":"https:\/\/imgist.ru\/de\/wp-json\/wp\/v2\/types\/post"}],"author":[{"embeddable":true,"href":"https:\/\/imgist.ru\/de\/wp-json\/wp\/v2\/users\/1"}],"replies":[{"embeddable":true,"href":"https:\/\/imgist.ru\/de\/wp-json\/wp\/v2\/comments?post=17543"}],"version-history":[{"count":0,"href":"https:\/\/imgist.ru\/de\/wp-json\/wp\/v2\/posts\/17543\/revisions"}],"wp:featuredmedia":[{"embeddable":true,"href":"https:\/\/imgist.ru\/de\/wp-json\/wp\/v2\/media\/17544"}],"wp:attachment":[{"href":"https:\/\/imgist.ru\/de\/wp-json\/wp\/v2\/media?parent=17543"}],"wp:term":[{"taxonomy":"category","embeddable":true,"href":"https:\/\/imgist.ru\/de\/wp-json\/wp\/v2\/categories?post=17543"},{"taxonomy":"post_tag","embeddable":true,"href":"https:\/\/imgist.ru\/de\/wp-json\/wp\/v2\/tags?post=17543"}],"curies":[{"name":"wp","href":"https:\/\/api.w.org\/{rel}","templated":true}]}}