{"id":17633,"date":"2026-06-10T15:05:09","date_gmt":"2026-06-10T12:05:09","guid":{"rendered":"http:\/\/imgist.ru\/mgk-utverzhdaet-chto-tatuirovka-v-stile-blekaut-privela-k-problemam-so-zdorovem-kozha-nachala-zheltet\/"},"modified":"2026-06-10T15:05:09","modified_gmt":"2026-06-10T12:05:09","slug":"mgc-behauptet-dass-ein-tattoo-im-blekaut-stil-zu-hautproblemen-einschlieslich-vergilbung-gefuhrt-habe","status":"publish","type":"post","link":"https:\/\/imgist.ru\/de\/mgk-utverzhdaet-chto-tatuirovka-v-stile-blekaut-privela-k-problemam-so-zdorovem-kozha-nachala-zheltet\/","title":{"rendered":"MGK behauptet, sein Blackout-Tattoo habe gesundheitliche Probleme verursacht: \u00abMeine Haut begann sich gelb zu verf\u00e4rben.\u00bb."},"content":{"rendered":"<p><strong>MGK<\/strong> K\u00fcrzlich schilderte er detailliert die schockierenden Gesundheitsprobleme, die er w\u00e4hrend der Anwendung seiner <strong>Blackout-Tattoos\u00ab<\/strong> . Der 36-j\u00e4hrige Rapper verriet, dass sich seine Haut w\u00e4hrend des Eingriffs gelb verf\u00e4rbt habe. Die Behandlung dauerte nur zwei Monate statt der von Spezialisten empfohlenen zwei Jahre. Fans wissen, dass der talentierte S\u00e4nger Tattoos liebt, und sein riesiges, schwarzes Tattoo pr\u00e4sentierte er erstmals im April 2024.<\/p>\n<h2> MGK gab bekannt, dass sein Blackout-Tattoo gesundheitliche Probleme verursacht hat.<\/h2>\n<p> In einem Interview mit Billboard Canada gab MGK, alias Machine Gun Kelly, zu, dass sein ber\u00fchmtes \u00abBlackout\u00bb-Tattoo zu ernsthaften gesundheitlichen Problemen gef\u00fchrt hat. Der \u00abRap Devil\u00bb-Star sprach offen \u00fcber sein bekanntes \u00abBlackout\u00bb-Tattoo, auch \u00abDark Mode\u00bb genannt, das fast seinen gesamten Oberk\u00f6rper bedeckt.<\/p>\n<p> Der Rapper, der mit b\u00fcrgerlichem Namen Colson Baker hei\u00dft, sagte, dass er trotz der Warnung seines T\u00e4towierers, die Arbeit w\u00fcrde zwei Jahre dauern, darauf bestanden habe, sie in zwei Monaten fertigzustellen. Diese \u00abnahezu unm\u00f6gliche\u00bb Aufgabe habe seine Gesundheit stark beeintr\u00e4chtigt.<\/p>\n<p> MGK erkl\u00e4rte: \u00abNach der ersten Woche wurden meine Lymphknoten in den Achselh\u00f6hlen und Schultern verletzt, und ich f\u00fchlte mich richtig krank. Meine Haut verf\u00e4rbte sich gelb. Ich konnte nicht schlafen. Ich konnte Teile meines Oberk\u00f6rpers nicht mehr bewegen.\u00bb Trotz seines schlechten Gesundheitszustands gab der Rapper jedoch zu, dass er nach seiner Genesung \u00abextrem inspiriert\u00bb war. \u00abNicht nur von dem, was ich erreicht hatte, sondern auch von dem, was ich \u00fcberwinden musste\u00bb, f\u00fcgte Baker hinzu.<\/p>\n<p> Der \u00abEmo Girl\u00bb-Interpret verriet, dass sein aktuelles Projekt, ein Mixtape mit dem Titel \u00abBlog Era Boyz\u00bb mit Wiz Khalifa, ihn zu einer radikalen Ver\u00e4nderung inspiriert habe. Baker erkl\u00e4rte: \u201eIch suchte nach einer Ver\u00e4nderung, die nicht nur eine Klangwelle war. Es musste etwas Greifbares sein.\u201c.<\/p>\n<p> Im selben Interview gab MGK au\u00dferdem zu, in all diesen Mustern \u00abTod und Drogen\u00bb gesehen zu haben. Weiterhin sagte er, er habe sich \u00abbuchst\u00e4blich auf den K\u00f6rper geschrieben\u00bb. Der S\u00e4nger erkl\u00e4rte zudem, zahlreiche Tattoos zu haben. \u00abEs war, als ob meine bipolare St\u00f6rung aus meiner Haut schrie\u00bb, schloss er.<\/p>\n<p> Der Artikel \u00abMGK behauptet, Blackout-Tattoo habe gesundheitliche Probleme verursacht: Haut wird gelb\u00bb erschien zuerst auf Mandatory.<\/p>","protected":false},"excerpt":{"rendered":"<p>MGK schilderte k\u00fcrzlich die schockierenden gesundheitlichen Probleme, die er w\u00e4hrend des Stechens seines Blackout-Tattoos erlebte. Der 36-j\u00e4hrige Rapper verriet, dass\u2026<\/p>","protected":false},"author":1,"featured_media":17634,"comment_status":"open","ping_status":"closed","sticky":false,"template":"","format":"standard","meta":{"footnotes":""},"categories":[7],"tags":[],"class_list":["post-17633","post","type-post","status-publish","format-standard","has-post-thumbnail","hentry","category-muzyka","hvn-theme-has-thumbnail"],"_links":{"self":[{"href":"https:\/\/imgist.ru\/de\/wp-json\/wp\/v2\/posts\/17633","targetHints":{"allow":["GET"]}}],"collection":[{"href":"https:\/\/imgist.ru\/de\/wp-json\/wp\/v2\/posts"}],"about":[{"href":"https:\/\/imgist.ru\/de\/wp-json\/wp\/v2\/types\/post"}],"author":[{"embeddable":true,"href":"https:\/\/imgist.ru\/de\/wp-json\/wp\/v2\/users\/1"}],"replies":[{"embeddable":true,"href":"https:\/\/imgist.ru\/de\/wp-json\/wp\/v2\/comments?post=17633"}],"version-history":[{"count":0,"href":"https:\/\/imgist.ru\/de\/wp-json\/wp\/v2\/posts\/17633\/revisions"}],"wp:featuredmedia":[{"embeddable":true,"href":"https:\/\/imgist.ru\/de\/wp-json\/wp\/v2\/media\/17634"}],"wp:attachment":[{"href":"https:\/\/imgist.ru\/de\/wp-json\/wp\/v2\/media?parent=17633"}],"wp:term":[{"taxonomy":"category","embeddable":true,"href":"https:\/\/imgist.ru\/de\/wp-json\/wp\/v2\/categories?post=17633"},{"taxonomy":"post_tag","embeddable":true,"href":"https:\/\/imgist.ru\/de\/wp-json\/wp\/v2\/tags?post=17633"}],"curies":[{"name":"wp","href":"https:\/\/api.w.org\/{rel}","templated":true}]}}