{"id":17674,"date":"2026-06-10T15:12:17","date_gmt":"2026-06-10T12:12:17","guid":{"rendered":"http:\/\/imgist.ru\/grecziya-obyavlena-pochetnoj-stranoj-na-kannskom-kinofestivale-marche-du-film\/"},"modified":"2026-06-10T15:12:17","modified_gmt":"2026-06-10T12:12:17","slug":"griechenland-wurde-auf-dem-filmfestival-von-cannes-marche-du-film-zum-ehrenland-erklart","status":"publish","type":"post","link":"https:\/\/imgist.ru\/de\/grecziya-obyavlena-pochetnoj-stranoj-na-kannskom-kinofestivale-marche-du-film\/","title":{"rendered":"Griechenland wurde auf dem March\u00e9 du Film der Filmfestspiele von Cannes zum Ehrenland ernannt."},"content":{"rendered":"<p>Das Filmfestival von Cannes (March\u00e9 du Film) hat Griechenland als Gastgeberland f\u00fcr die Ausgabe 2027 des Festivals bekannt gegeben, die vom 11. bis 19. Mai 2027 stattfinden wird.<\/p>\n<p> Marktvertreter erkl\u00e4rten, die Themenveranstaltung mit dem Titel \u00abRide the Greek Wave\u00bb solle \u00abGriechenlands bemerkenswerten Aufstieg zu einem der f\u00fchrenden audiovisuellen Zentren Europas\u00bb feiern.<\/p>\n<p> <strong>Weitere Neuigkeiten von Deadline<\/strong><\/p>\n<ul>\n<li>\n<p> Yeon Sang-hos \u00abColony\u00bb, der um Mitternacht bei den Filmfestspielen von Cannes Premiere feierte, hat in Korea \u00fcber 3 Millionen Zuschauer angezogen.<\/p>\n<\/li>\n<li>\n<p> Neon-CEO Tom Quinn ist von der Branchenkonsolidierung nicht begeistert: \u00abWie w\u00fcrden Sie sich f\u00fchlen, wenn A24 und Neon fusionieren w\u00fcrden? Das w\u00e4re l\u00e4cherlich.\u00bb.<\/p>\n<\/li>\n<li>\n<p> Paramount hat die Filmrechte an Florence Pughs \u00abThe Midnight Library\u00bb f\u00fcr 36 Millionen Dollar erworben.<\/p>\n<\/li>\n<\/ul>\n<p> Die Auszeichnung wird ein weiterer H\u00f6hepunkt des ersten Halbjahres f\u00fcr die griechische Filmindustrie sein, da das Land im Januar 2027 auch die Verleihung der Europ\u00e4ischen Filmpreise ausrichten wird.<\/p>\n<p> Das Filmfestival March\u00e9 du Film unterstrich Griechenlands Verbindungen zu Filmfestivals, insbesondere durch den griechischen Regisseur Yorgos Lanthimos, dessen f\u00fcnf Spielfilme in das offizielle Programm des Festivals aufgenommen wurden. <em>\u00abFang\u00bb<\/em> erhielt die Auszeichnung \u00abUn Certain Regard\u00bb., <em>\u00abHummer\u00bb<\/em> \u2014 der Jurypreis, <em>\u00abThe Killing of a Sacred Deer\u00bb gewann den Preis f\u00fcr das beste Drehbuch.<\/em><\/p>\n<p> Der Bericht hebt au\u00dferdem die wachsende Beliebtheit Griechenlands als Drehort hervor, die auf wettbewerbsf\u00e4hige Anreize, eine Vielzahl von Drehorten und ein robustes Produktions\u00f6kosystem zur\u00fcckzuf\u00fchren ist.<\/p>\n<p> Nach den verf\u00fcgbaren Daten tr\u00e4gt der griechische audiovisuelle Sektor 1,9 Milliarden Euro zur Volkswirtschaft bei, bietet rund 44.000 Arbeitspl\u00e4tze und umfasst fast 3.000 Unternehmen, die in den Bereichen Produktion, Postproduktion, Animation und verwandten kreativen Dienstleistungen t\u00e4tig sind.<\/p>\n<p> Die Fokussierung auf einzelne L\u00e4nder basiert auf der langj\u00e4hrigen Beziehung zwischen dem March\u00e9 du Film und griechischen Organisationen, dem Hellenic Centre for Cinema and Audiovisual Media und dem Thessaloniki International Film Festival, die j\u00e4hrlich an Village International teilnehmen.<\/p>\n<p> \u00abDank der beeindruckenden Entwicklung seiner Film- und audiovisuellen Industrie verk\u00f6rpert Griechenland heute den Geist der Kreativit\u00e4t, Offenheit und internationalen Zusammenarbeit, den der March\u00e9 du Film mit seiner Initiative \u00abEhrenland\u00bb feiern m\u00f6chte\u201c, sagte Guillaume Esmiol, Gesch\u00e4ftsf\u00fchrer des March\u00e9 du Film.<\/p>\n<p> \u00abAls Mittelmeernachbarn, die durch jahrhundertelangen kulturellen Austausch verbunden sind, freuen wir uns, Griechenland in Cannes im Rampenlicht zu begr\u00fc\u00dfen und darauf, die bemerkenswerten Talente, Geschichten und M\u00f6glichkeiten dieser neuen griechischen Welle zu pr\u00e4sentieren.\u00bb.<\/p>\n<p> Leonidas Christopoulos, Generaldirektor von EKKOMED \u2013 Hellenic Centre for Cinema and Audiovisual Materials, begr\u00fc\u00dfte die Auszeichnung.<\/p>\n<p> \u00abDiese Auszeichnung ist sowohl eine bedeutende Anerkennung als auch eine einzigartige Gelegenheit, Griechenlands pulsierendes kreatives \u00d6kosystem international zu pr\u00e4sentieren. Griechenland ist heute ein Ort, an dem filmisches Erbe auf zeitgen\u00f6ssisches Talent, Innovation und internationale Zusammenarbeit trifft\u00bb, sagte er.<\/p>\n<p> Weitere Einzelheiten zur Initiative \u00abEhrenland Griechenlands\u00bb auf dem March\u00e9 du Film 2027 werden in den kommenden Monaten bekannt gegeben.<\/p>\n<p> <strong>Das Beste von Deadline<\/strong><\/p>\n<ul>\n<li>\n<p> Die Gewinner des Gro\u00dfen Jurypreises in der Kategorie Drama beim Sundance Film Festival im Laufe der Jahre.<\/p>\n<\/li>\n<li>\n<p> Die Gewinner des Goldenen L\u00f6wen der Filmfestspiele von Venedig: Fotos der besten Filme des Festivals aus den vergangenen Jahren.<\/p>\n<\/li>\n<li>\n<p> Deadline pr\u00e4sentiert die Fotogalerie vom Sundance Film Festival: Dylan O&#039;Brien, Ayo Edebiri, Jennifer Lopez, Lily Gladstone, Benedict Cumberbatch und viele mehr.<\/p>\n<\/li>\n<\/ul>\n<p> Abonnieren Sie den Deadline-Newsletter. F\u00fcr aktuelle Neuigkeiten folgen Sie uns auf Facebook, Twitter und Instagram.<\/p>","protected":false},"excerpt":{"rendered":"<p>Die Filmfestspiele von Cannes (March\u00e9 du Film) haben Griechenland als Gastgeberland f\u00fcr die Ausgabe 2027 bekanntgegeben, die vom 11. bis 19. Mai 2027 stattfinden wird. Vertreter des Marktes erkl\u00e4rten\u2026<\/p>","protected":false},"author":1,"featured_media":17675,"comment_status":"open","ping_status":"closed","sticky":false,"template":"","format":"standard","meta":{"footnotes":""},"categories":[6],"tags":[],"class_list":["post-17674","post","type-post","status-publish","format-standard","has-post-thumbnail","hentry","category-kinoindustriya","hvn-theme-has-thumbnail"],"_links":{"self":[{"href":"https:\/\/imgist.ru\/de\/wp-json\/wp\/v2\/posts\/17674","targetHints":{"allow":["GET"]}}],"collection":[{"href":"https:\/\/imgist.ru\/de\/wp-json\/wp\/v2\/posts"}],"about":[{"href":"https:\/\/imgist.ru\/de\/wp-json\/wp\/v2\/types\/post"}],"author":[{"embeddable":true,"href":"https:\/\/imgist.ru\/de\/wp-json\/wp\/v2\/users\/1"}],"replies":[{"embeddable":true,"href":"https:\/\/imgist.ru\/de\/wp-json\/wp\/v2\/comments?post=17674"}],"version-history":[{"count":0,"href":"https:\/\/imgist.ru\/de\/wp-json\/wp\/v2\/posts\/17674\/revisions"}],"wp:featuredmedia":[{"embeddable":true,"href":"https:\/\/imgist.ru\/de\/wp-json\/wp\/v2\/media\/17675"}],"wp:attachment":[{"href":"https:\/\/imgist.ru\/de\/wp-json\/wp\/v2\/media?parent=17674"}],"wp:term":[{"taxonomy":"category","embeddable":true,"href":"https:\/\/imgist.ru\/de\/wp-json\/wp\/v2\/categories?post=17674"},{"taxonomy":"post_tag","embeddable":true,"href":"https:\/\/imgist.ru\/de\/wp-json\/wp\/v2\/tags?post=17674"}],"curies":[{"name":"wp","href":"https:\/\/api.w.org\/{rel}","templated":true}]}}