{"id":18345,"date":"2026-06-13T14:41:39","date_gmt":"2026-06-13T11:41:39","guid":{"rendered":"http:\/\/imgist.ru\/kifer-sazerlend-podal-v-sud-iz-za-predpolagaemoj-ugrozy-ya-tebya-ubyu\/"},"modified":"2026-08-25T12:05:56","modified_gmt":"2026-08-25T09:05:56","slug":"kiefer-sutherland-wird-wegen-angeblicher-morddrohung-verklagt","status":"publish","type":"post","link":"https:\/\/imgist.ru\/de\/kifer-sazerlend-podal-v-sud-iz-za-predpolagaemoj-ugrozy-ya-tebya-ubyu\/","title":{"rendered":"Kiefer Sutherland klagt wegen angeblicher Drohung \u00abIch werde dich t\u00f6ten\u00bb."},"content":{"rendered":"<p>In einer neuen Klage <strong>Kiefer Sutherland<\/strong> Mehrere Monate nach seiner Verhaftung in Los Angeles im Januar geriet er ins Zentrum schwerwiegender Anklagen.<\/p>\n<p> Ein Uber-Fahrer behauptet, der Schauspieler sei w\u00e4hrend einer n\u00e4chtlichen Fahrt gewaltt\u00e4tig geworden, wodurch er verletzt wurde und um seine Sicherheit f\u00fcrchtete.<\/p>\n<p> Die Klage zeichnet ein beunruhigendes Bild eines Vorfalls, der laut Ermittlern von Verwirrung und Frustration zu Drohungen, k\u00f6rperlicher Gewalt und einem Polizeieinsatz eskalierte.<\/p>\n<p> Kiefer Sutherland wird wegen K\u00f6rperverletzung angeklagt. <\/p>\n<figure><figcaption> RCF\/MEGA<\/figcaption><\/figure>\n<p> Laut Gerichtsdokumenten <em>Daily Mail<\/em> , Der Uber-Fahrer Rafael Manvelyan hat eine Klage gegen Sutherland eingereicht und ihm K\u00f6rperverletzung vorgeworfen, nachdem sich ein Vorfall angeblich am 12. Januar ereignet hatte.<\/p>\n<p> Der Schauspieler, der vor allem f\u00fcr seine Rolle als Jack Bauer in der Erfolgsserie &quot;24&quot; bekannt ist, wurde sp\u00e4ter am selben Tag von der Polizei wegen des Verdachts der Bedrohung festgenommen.<\/p>\n<p> In der Klage wird behauptet, dass Sutherland in der N\u00e4he der Kreuzung von Sunset Boulevard und Fairfax Avenue in Manvelyans Auto eingestiegen sei, woraufhin sich die Situation w\u00e4hrend der Fahrt verschlimmert habe.<\/p>\n<p> Manvelyan behauptet, dass er infolge des Konflikts Verletzungen an Kopf, Gesicht, Hals, Wirbels\u00e4ule und Schulter erlitten habe.<\/p>\n<p> Er verlangt Schadensersatz f\u00fcr die k\u00f6rperlichen und seelischen Sch\u00e4den, die er nach eigenen Angaben erlitten hat.<\/p>\n<h2> Einzelheiten zum Vorfall mit dem Fahrer<\/h2>\n<figure><figcaption> Mirrorpix \/ MEGA<\/figcaption><\/figure>\n<p> Die Klage enth\u00e4lt eine Reihe von Anschuldigungen, die das Verhalten von Kiefer Sutherland vor und w\u00e4hrend der Reise beschreiben.<\/p>\n<p> Laut Manvelyan wirkte der Schauspieler \u00aboffensichtlich betrunken\u00bb, als er ins Auto stieg, und ben\u00f6tigte angeblich die Hilfe einer anderen Person, um einzusteigen.<\/p>\n<p> Der Fahrer, der Russisch und Armenisch als Muttersprache spricht, behauptet, dass Kommunikationsschwierigkeiten schnell zu Spannungen zwischen ihnen f\u00fchrten. Aus den Gerichtsakten geht hervor, dass Sutherland \u00abaufgebracht\u00bb wurde, als er Schwierigkeiten hatte, ihn zu verstehen.<\/p>\n<p> In der Erkl\u00e4rung hie\u00df es au\u00dferdem, Sutherland sei w\u00e4hrend der Reise angeblich \u00abzunehmend feindselig, aggressiv und konfrontativ\u00bb geworden und habe \u00abandere angeschrien und beschimpft\u00bb.<\/p>\n<h2> Vorw\u00fcrfe k\u00f6rperlicher Misshandlung und Morddrohungen<\/h2>\n<figure><figcaption> AXELLE\/BAUER-GRIFFIN \/ MEGA<\/figcaption><\/figure>\n<p> Manvelyan behauptet, der Streit sei w\u00e4hrend der Fahrt in eine k\u00f6rperliche Auseinandersetzung eskaliert. Laut Klage habe Sutherland ihn angeblich \u00abvors\u00e4tzlich angegriffen\u00bb und ihm \u00abwiederholt gegen Kopf, Gesicht, Hals und Oberk\u00f6rper geschlagen\u00bb.<\/p>\n<p> In der Klage wird au\u00dferdem behauptet, der Schauspieler habe den Fahrer in einen W\u00fcrgegriff genommen und ihm mit dem Tod gedroht.<\/p>\n<p> Laut Manvelyan verfolgte Sutherland ihn, nachdem er aus dem Auto ausgestiegen war, die Stra\u00dfe entlang und rief: \u00abIch bringe dich um!\u00bb.<\/p>\n<p> Der Fahrer behauptet au\u00dferdem, dass seine Dashcam einen Teil des Vorfalls aufgezeichnet habe und dass zumindest w\u00e4hrend eines Teils der Auseinandersetzung Zeugen anwesend gewesen seien.<\/p>\n<p> Er behauptet au\u00dferdem, dass Polizisten, die am Tatort eintrafen, Prellungen und Schwellungen an seiner Stirn feststellten.<\/p>\n<h2> Die Ankl\u00e4gerin von Kiefer Sutherland hat \u00fcber ihren Anwalt eine Erkl\u00e4rung abgegeben.<\/h2>\n<figure><figcaption> MEGA<\/figcaption><\/figure>\n<p> Manvelyan selbst hat sich zu den Vorw\u00fcrfen nicht \u00f6ffentlich ge\u00e4u\u00dfert, seine Anw\u00e4ltin Mitra Saburi gab jedoch eine Erkl\u00e4rung ab, in der sie die Gr\u00fcnde f\u00fcr die Einreichung der Klage erl\u00e4uterte.<\/p>\n<p> Saburi erkl\u00e4rte <em>Daily Mail<\/em> \u00abHerr Manvelyan ist eine Privatperson, die nicht die \u00d6ffentlichkeit gesucht hat. Er hat diese Klage eingereicht, um eine Entsch\u00e4digung f\u00fcr die Verletzungen und Sch\u00e4den zu erlangen, die er nach eigenen Angaben erlitten hat.\u00bb.<\/p>\n<p> Sie \u00e4u\u00dferte sich auch zu der Existenz des angeblichen Videomaterials und erkl\u00e4rte: \u00abAus Respekt vor seiner Privatsph\u00e4re werden wir die Aufnahmen der Dashcam nicht ver\u00f6ffentlichen und die Fakten und Beweise erst im Laufe des Prozesses ber\u00fccksichtigen lassen.\u00bb.<\/p>\n<p> Die \u00c4u\u00dferungen des Anwalts lassen vermuten, dass etwaiges Videomaterial oder zus\u00e4tzliche Beweismittel im Zusammenhang mit dem Fall eher w\u00e4hrend des Prozesses als durch die Medien auftauchen k\u00f6nnten.<\/p>\n<p> Zum jetzigen Zeitpunkt handelt es sich bei diesen Anschuldigungen lediglich um Behauptungen im Rahmen eines Zivilprozesses, die vor Gericht noch nicht bewiesen wurden.<\/p>\n<h2> Die juristischen Probleme von Kiefer Sutherland sind erneut in den Fokus ger\u00fcckt.<\/h2>\n<figure><figcaption> MEGA<\/figcaption><\/figure>\n<p> Die Klage hat die Aufmerksamkeit erneut auf mehrere fr\u00fchere Rechtsstreitigkeiten gelenkt, in die Sutherland verwickelt war.<\/p>\n<p> Im Jahr 2007 bekannte sich der Schauspieler der Trunkenheit am Steuer schuldig, nachdem er einen Alkoholtest am Unfallort nicht bestanden hatte. Da er bereits 2004 wegen Trunkenheit am Steuer verurteilt worden war, wurde er zu 48 Tagen Haft verurteilt.<\/p>\n<p> Zwei Jahre sp\u00e4ter wurde Sutherland nach einer Auseinandersetzung mit dem Modedesigner Jack McCollough im Anschluss an eine Wohlt\u00e4tigkeitsveranstaltung im Metropolitan Museum of Art in New York festgenommen. Die Anklage wurde schlie\u00dflich fallen gelassen, nachdem sich der Schauspieler \u00f6ffentlich entschuldigt hatte.<\/p>\n<p> Er selbst hat das Thema seiner problematischen Alkoholsucht bereits angesprochen.<\/p>\n<p> In einem Interview mit dem Magazin <em>MENSCHEN<\/em> Im Jahr 2016 sprach Sutherland offen \u00fcber sein Verh\u00e4ltnis zum Alkohol und die Folgen, die sich daraus manchmal ergaben.<\/p>\n<p> \u00abIch geh\u00f6rte nie zu den Menschen, die, wenn etwas in ihrem Leben schiefging oder etwas nicht stimmte, ihren Kummer im Alkohol ertr\u00e4nkten\u00bb, sagte er.<\/p>\n<p> Der Schauspieler fuhr fort: \u00abEines meiner liebsten Hobbys ist es, Zeit mit Freunden zu verbringen, Geschichten zu erz\u00e4hlen und viel zu trinken\u2026\u00bb<\/p>\n<p> Sp\u00e4ter gab er eine noch offenere Einsch\u00e4tzung seiner bisherigen Erfahrungen ab.<\/p>\n<p> \u00abWenn ich auf mein Leben zur\u00fcckblicke, kann ich mit voller \u00dcberzeugung sagen, dass jedes schlechte Ding, das mir passiert ist, passiert ist, weil ich so gerne in Bars gehe und mit meinen Freunden trinke\u00bb, sagte Sutherland.<\/p>\n<p> Er f\u00fcgte hinzu: \u00abIch w\u00fcrde l\u00fcgen, wenn ich sagen w\u00fcrde, dass es nicht Momente gab, in denen ich das Gef\u00fchl hatte, die Situation aus den Augen verloren zu haben.\u00bb.<\/p>\n<p> <strong>Lesen Sie auch:<\/strong> Kiefer Sutherland musste seine US-Tournee aus einem dem\u00fctigenden Grund absagen, nachdem er verhaftet worden war.<\/p>","protected":false},"excerpt":{"rendered":"<p>Eine neue Klage sieht sich Kiefer Sutherland Monate nach seiner Festnahme im Januar in Los Angeles mit schweren Vorw\u00fcrfen konfrontiert. Der Uber-Fahrer behauptet\u2026<\/p>","protected":false},"author":1,"featured_media":18346,"comment_status":"open","ping_status":"closed","sticky":false,"template":"","format":"standard","meta":{"footnotes":""},"categories":[5],"tags":[],"class_list":["post-18345","post","type-post","status-publish","format-standard","has-post-thumbnail","hentry","category-selebriti","hvn-theme-has-thumbnail"],"_links":{"self":[{"href":"https:\/\/imgist.ru\/de\/wp-json\/wp\/v2\/posts\/18345","targetHints":{"allow":["GET"]}}],"collection":[{"href":"https:\/\/imgist.ru\/de\/wp-json\/wp\/v2\/posts"}],"about":[{"href":"https:\/\/imgist.ru\/de\/wp-json\/wp\/v2\/types\/post"}],"author":[{"embeddable":true,"href":"https:\/\/imgist.ru\/de\/wp-json\/wp\/v2\/users\/1"}],"replies":[{"embeddable":true,"href":"https:\/\/imgist.ru\/de\/wp-json\/wp\/v2\/comments?post=18345"}],"version-history":[{"count":5,"href":"https:\/\/imgist.ru\/de\/wp-json\/wp\/v2\/posts\/18345\/revisions"}],"predecessor-version":[{"id":142531,"href":"https:\/\/imgist.ru\/de\/wp-json\/wp\/v2\/posts\/18345\/revisions\/142531"}],"wp:featuredmedia":[{"embeddable":true,"href":"https:\/\/imgist.ru\/de\/wp-json\/wp\/v2\/media\/18346"}],"wp:attachment":[{"href":"https:\/\/imgist.ru\/de\/wp-json\/wp\/v2\/media?parent=18345"}],"wp:term":[{"taxonomy":"category","embeddable":true,"href":"https:\/\/imgist.ru\/de\/wp-json\/wp\/v2\/categories?post=18345"},{"taxonomy":"post_tag","embeddable":true,"href":"https:\/\/imgist.ru\/de\/wp-json\/wp\/v2\/tags?post=18345"}],"curies":[{"name":"wp","href":"https:\/\/api.w.org\/{rel}","templated":true}]}}