{"id":18699,"date":"2026-06-17T22:35:44","date_gmt":"2026-06-17T19:35:44","guid":{"rendered":"https:\/\/imgist.ru\/novyj-serial-disney-po-vselennoj-zvezdnyh-vojn-gotovit-pochvu-dlya-dolgozhdannogo-vozvrashheniya-kiry-v-ispolnenii-emilii-klark\/"},"modified":"2026-08-24T13:58:52","modified_gmt":"2026-08-24T10:58:52","slug":"disneys-neue-star-wars-serie-bereitet-den-boden-fur-die-lang-ersehnte-ruckkehr-von-emilia-clarkes-kira","status":"publish","type":"post","link":"https:\/\/imgist.ru\/de\/novyj-serial-disney-po-vselennoj-zvezdnyh-vojn-gotovit-pochvu-dlya-dolgozhdannogo-vozvrashheniya-kiry-v-ispolnenii-emilii-klark\/","title":{"rendered":"Die neue Star Wars-Serie von Disney+ bereitet den Boden f\u00fcr die lang ersehnte R\u00fcckkehr von Emilia Clarkes Qi&#039;ra."},"content":{"rendered":"<p>Lucasfilm hat Emilia Clarkes R\u00fcckkehr zu Star Wars als Kira in der k\u00fcrzlich erschienenen Disney+-Serie direkt vorbereitet und damit angedeutet, dass eine der geheimnisvollsten Geschichten der weit, weit entfernten Galaxis endlich auf dem Bildschirm aufgel\u00f6st werden k\u00f6nnte. Clarkes Kira wurde in \u00abSolo: A Star Wars Story\u00bb als die Geliebte von Alden Ehrenreichs Han Solo eingef\u00fchrt. Obwohl der Film von Kritikern und Fans gleicherma\u00dfen kritisiert wurde, waren sich viele einig, dass Clarke eine starke Leistung ablieferte, ihre Figur Kira zweifellos einer der interessantesten Aspekte des Projekts war und ihre Geschichte in einem Film oder einer Serie h\u00e4tte fortgesetzt werden sollen.<\/p>\n<p> Disney und Lucasfilm haben k\u00fcrzlich die Animationsserie \u00abMaul: Lord of Shadows\u00bb f\u00fcr Disney+ ver\u00f6ffentlicht, deren Premiere f\u00fcr 2026 geplant ist. Die Serie spielt w\u00e4hrend des Aufstiegs des Imperiums, unmittelbar nach den Ereignissen von \u00abDie Rache der Sith\u00bb, und konzentriert sich unter anderem auf Mauls Wiederaufbau seiner kriminellen Organisation, des Schattenkollektivs, nach dessen Aufl\u00f6sung am Ende der Klonkriege. In der ersten Staffel spielen jedoch auch die Crimson Dawn und Dryden Vos eine Rolle, eine Organisation und eine Figur, die eng mit Kira verbunden sind.<\/p>\n<figure><figcaption> Lucasfilm<\/figcaption><\/figure>\n<p> Am Ende der ersten Staffel von \u00abShadow Lord\u00bb rettet Dryden Vos Maul und einige seiner Kameraden auf Janix Island aus den F\u00e4ngen von Darth Vader und dem Imperium. Diese Begegnung zwischen Maul und Vos bereitet den Boden daf\u00fcr, dass \u00abCrimson Dawn\u00bb in der zweiten Staffel der Disney+-Serie eine wichtige Rolle spielt, und genau hier taucht Kira auf.<\/p>\n<p> Zur Erinnerung: Im Solo-Film wurde gezeigt, dass Kira, nachdem sie von Lady Proxima in die Sklaverei verkauft worden war, schlie\u00dflich in die H\u00e4nde von Dryden Vos als Sklavin geriet, sich aber schlie\u00dflich bew\u00e4hrte und ein offizielles Mitglied der Crimson Dawn wurde, des kriminellen Imperiums, dessen Aush\u00e4ngeschild Vos war.<\/p>\n<p> In \u00abSolo\u00bb war Dryden Vos nicht der wahre Anf\u00fchrer von Crimson Dawn. Der Film erweckte zwar den Eindruck, er sei es, und die gesamte Galaxis hielt ihn f\u00fcr den Anf\u00fchrer der Organisation, doch am Ende von \u00abSolo\u00bb enth\u00fcllte eine unerwartete Wendung, dass Maul der wahre Anf\u00fchrer war. Nach Dryden Vos\u00ab Tod erlaubte Kira Han, Chewbacca und einigen anderen Charakteren zu gehen und kontaktierte anschlie\u00dfend Maul, um ihn \u00fcber Vos\u00bb Tod zu informieren.<\/p>\n<p> Nachdem Maul als der wahre Anf\u00fchrer der Crimson Dawn etabliert wurde, ist klar, dass die zweite Staffel von Lords of Shadow viel Zeit damit verbringen wird, die Beziehung zwischen Maul und Dryden Vos weiterzuentwickeln und den Fans einen Blick hinter die Kulissen zu gew\u00e4hren, wie Maul zu ihrem Anf\u00fchrer wurde, w\u00e4hrend Vos weiterhin das \u00f6ffentliche Gesicht der Organisation bleibt.<\/p>\n<figure><figcaption> Lucasfilm<\/figcaption><\/figure>\n<p> Im Star-Wars-Kanon verbrachte Kira viel Zeit mit Dryden Vos, und am Ende von Solo kannte Maul ihren Namen und rief sie nach Dathomir, seinem Heimatplaneten. Er sagte ihr auch, dass sie bald zusammen sein w\u00fcrden. <strong>\u00ab&quot;viel enger zusammenarbeiten&quot;\u00bb<\/strong> . Es ist also klar, dass zwischen Kira und Maul vor den Ereignissen von Solo irgendeine Art von Beziehung bestand.<\/p>\n<p> Eine zweite Staffel von \u00abMaul: Herr der Schatten\u00bb wurde bereits von Disney und Lucasfilm best\u00e4tigt, doch der genaue Zeitpunkt innerhalb der Star-Wars-Chronologie ist noch unbekannt. Zwischen den Ereignissen der ersten Staffel und dem Film \u00abSolo\u00bb liegen jedoch einige Jahre, und da zwischen diesen beiden Projekten offensichtlich viele Ereignisse stattfinden, werden diese in der Animationsserie vermutlich detailliert beleuchtet.<\/p>\n<p> Dryden Vos wird uns erhalten bleiben, insbesondere angesichts seiner wichtigen Rolle im Finale der ersten Staffel. Maul und Dryden werden in der zweiten Staffel wahrscheinlich einen Plan entwickeln, um Crimson Dawn zu kontrollieren. Sollte dies der Fall sein, muss Kira unbedingt in die Serie eingebunden werden.<\/p>\n<p> Wie bereits erw\u00e4hnt, gibt es in Solo starke Hinweise darauf, dass Kira Vos sehr nahestand und die beiden m\u00f6glicherweise sogar eine k\u00f6rperliche Beziehung hatten. Um diesen Momenten in Solo Glaubw\u00fcrdigkeit zu verleihen, w\u00e4re es logisch, Kira in Maul: Lord of Shadows einzubauen, damit das Publikum dies selbst miterleben kann.<\/p>\n<figure><figcaption> Lucasfilm<\/figcaption><\/figure>\n<p> Es ist au\u00dferdem wichtig, Kiras Begegnung mit Maul in irgendeiner Form zu zeigen, da sie nach Drydens Tod direkt unter Maul arbeitete. Auch hier w\u00e4re es sinnvoll, dies in der zweiten Staffel von \u00abLord of Shadows\u00bb zu tun.<\/p>\n<p> Es ist durchaus m\u00f6glich, dass Disney und Lucasfilm \u00abMaul: Herr der Schatten\u00bb fortsetzen und nach der zweiten Staffel neue Folgen ver\u00f6ffentlichen. Die Serie war in ihrer ersten Staffel auf Disney+ ein Riesenerfolg und z\u00e4hlt immer noch zusammen mit \u00abAndor\u00bb und \u00abDas Imperium schl\u00e4gt zur\u00fcck\u00bb zu den bestbewerteten Star-Wars-Serien. Die Fans waren also eindeutig begeistert und wollen mehr.<\/p>\n<p> Sollte die zweite Staffel erfolgreich sein, werden Disney und Lucasfilm wohl keinen Grund sehen, \u00abShadow Lord\u00bb nicht um mindestens eine dritte Staffel zu verl\u00e4ngern. Sie m\u00fcssen die Serie nicht unn\u00f6tig in die L\u00e4nge ziehen, aber wenn gen\u00fcgend Material vorhanden und die Drehb\u00fccher wirklich hervorragend sind, k\u00f6nnte \u00abShadow Lord\u00bb mehrere Staffeln lang laufen.<\/p>\n<p> Sollte dies eintreten, k\u00f6nnte Lucasfilm Kira erst in der n\u00e4chsten Staffel zur\u00fcckbringen wollen. Es ist jedoch auch m\u00f6glich, dass sie in der zweiten Staffel einen kurzen Auftritt hat und dann in der dritten Staffel eine wichtigere Rolle spielt und in den Reihen von Crimson Dawn aufsteigt.<\/p>\n<h2> Wird Emilia Clarke als Kira in Maul zur\u00fcckkehren?<\/h2>\n<p> Die Frage scheint eher zu sein, wann Keira zur\u00fcckkehrt, als ob sie \u00fcberhaupt zur\u00fcckkehrt. Lucasfilm hat die Figur bereits in Dutzenden von Comics aufgegriffen, um ihre Geschichte zu beleuchten. Daher besteht eindeutig Interesse an ihrer R\u00fcckkehr sowohl seitens Lucasfilm als auch der Fans.<\/p>\n<p> Viele w\u00fcrden sich sicherlich \u00fcber eine R\u00fcckkehr von Emilia Clarke in ihrer Rolle freuen, selbst wenn sie nur als Synchronsprecherin t\u00e4tig w\u00e4re. Ob sie zur\u00fcckkehren wird, ist allerdings ungewiss, da einige Schauspieler der Realfilme ihre Charaktere auch in den Animationsfilmen synchronisierten, andere hingegen nicht.<\/p>\n<p> Es wird vermutlich von Clarkes Terminkalender und dem Angebot von Lucasfilm abh\u00e4ngen. Da \u00abShadow Lord\u00bb auf Disney+ jedoch so erfolgreich war und von den Fans so geliebt wurde, k\u00f6nnte das Angebot f\u00fcr Clarke attraktiver werden und sie dazu bewegen, Teil von etwas Besonderem zu sein. Die Schauspielerin hat bereits ge\u00e4u\u00dfert, dass sie lieber zu Star Wars zur\u00fcckkehren m\u00f6chte als zu jeder anderen Welt, in der sie je mitgewirkt hat. Ob dieser Wunsch noch besteht, ist allerdings ungewiss.<\/p>\n<p> Kiras Mitwirkung in der zweiten Staffel von \u00abMaul: Lord of Shadows\u00bb ist zwar noch nicht offiziell best\u00e4tigt, doch das Kreativteam der Serie scheint sein Handwerk zu verstehen und wird alles daransetzen, Mauls Geschichte zwischen \u00abDie Rache der Sith\u00bb und \u00abSolo\u00bb umfassend darzustellen. Da \u00abSolo\u00bb enth\u00fcllte, dass Kira mit Maul unter einer Decke steckte und die beiden sich gut kannten, musste ihre Begegnung irgendwo stattfinden, und die zweite Staffel von \u00abLord of Shadows\u00bb bietet daf\u00fcr den perfekten Rahmen.<\/p>","protected":false},"excerpt":{"rendered":"<p>Lucasfilm ebnete Emilia Clarkes R\u00fcckkehr zu Star Wars als Qi&#039;ra in der k\u00fcrzlich erschienenen Disney+-Serie und deutete au\u00dferdem an, dass\u2026<\/p>","protected":false},"author":1,"featured_media":18700,"comment_status":"open","ping_status":"closed","sticky":false,"template":"","format":"standard","meta":{"footnotes":""},"categories":[6],"tags":[],"class_list":["post-18699","post","type-post","status-publish","format-standard","has-post-thumbnail","hentry","category-kinoindustriya","hvn-theme-has-thumbnail"],"_links":{"self":[{"href":"https:\/\/imgist.ru\/de\/wp-json\/wp\/v2\/posts\/18699","targetHints":{"allow":["GET"]}}],"collection":[{"href":"https:\/\/imgist.ru\/de\/wp-json\/wp\/v2\/posts"}],"about":[{"href":"https:\/\/imgist.ru\/de\/wp-json\/wp\/v2\/types\/post"}],"author":[{"embeddable":true,"href":"https:\/\/imgist.ru\/de\/wp-json\/wp\/v2\/users\/1"}],"replies":[{"embeddable":true,"href":"https:\/\/imgist.ru\/de\/wp-json\/wp\/v2\/comments?post=18699"}],"version-history":[{"count":3,"href":"https:\/\/imgist.ru\/de\/wp-json\/wp\/v2\/posts\/18699\/revisions"}],"predecessor-version":[{"id":139812,"href":"https:\/\/imgist.ru\/de\/wp-json\/wp\/v2\/posts\/18699\/revisions\/139812"}],"wp:featuredmedia":[{"embeddable":true,"href":"https:\/\/imgist.ru\/de\/wp-json\/wp\/v2\/media\/18700"}],"wp:attachment":[{"href":"https:\/\/imgist.ru\/de\/wp-json\/wp\/v2\/media?parent=18699"}],"wp:term":[{"taxonomy":"category","embeddable":true,"href":"https:\/\/imgist.ru\/de\/wp-json\/wp\/v2\/categories?post=18699"},{"taxonomy":"post_tag","embeddable":true,"href":"https:\/\/imgist.ru\/de\/wp-json\/wp\/v2\/tags?post=18699"}],"curies":[{"name":"wp","href":"https:\/\/api.w.org\/{rel}","templated":true}]}}