{"id":19125,"date":"2026-06-23T22:34:51","date_gmt":"2026-06-23T19:34:51","guid":{"rendered":"https:\/\/imgist.ru\/studiya-marvel-vypustila-vtoroj-v-istorii-trejler-filma-cziklop\/"},"modified":"2026-08-24T13:59:56","modified_gmt":"2026-08-24T10:59:56","slug":"marvel-studios-hat-seinen-zweiten-trailer-zum-film-cyclops-veroffentlicht","status":"publish","type":"post","link":"https:\/\/imgist.ru\/de\/studiya-marvel-vypustila-vtoroj-v-istorii-trejler-filma-cziklop\/","title":{"rendered":"Marvel Studios hat den zweiten Trailer zum Film \u00abCyclops\u00bb ver\u00f6ffentlicht."},"content":{"rendered":"<p>Marvel Studios konzentriert sich voll und ganz auf Cyclops, und seine eindrucksvolle Pr\u00e4senz im fesselnden zweiten Trailer der Serie hat alle Blicke auf sich gezogen. Die Werbekampagne f\u00fcr X-Men &#039;97 setzt stark auf Fanlieblinge wie Cyclops (gesprochen von Ray Chase), um die Vorfreude auf die R\u00fcckkehr der Serie auf Disney+ zu steigern. Marvel Animation stellt Scott in Teasern und Postern in den Mittelpunkt und pr\u00e4sentiert seine F\u00fchrungsqualit\u00e4ten, seine m\u00e4chtigen optischen Strahlen und seine zentrale Beziehung zu Jean Grey. Diese Strategie kn\u00fcpft direkt an den Erfolg der ersten Staffel von X-Men &#039;97 an, in der Cyclops in Abwesenheit von Charles Xavier endlich den ihm geb\u00fchrenden Respekt als Feldkommandant erlangte.<\/p>\n<p> Marvel Studios hat offiziell den zweiten Trailer zum Cyclops-Film ver\u00f6ffentlicht, der in der zweiten Staffel von X-Men &#039;97 zu sehen sein wird. Der Trailer pr\u00e4sentiert sich im nostalgischen Retro-Stil und hebt Scott Summers&#039; Optiken sowie seinen neuen Look in den kommenden Episoden hervor. Dies ist der zweite Trailer zum Cyclops-Film; der erste wurde von Marvel Studios im Mai 2024 im Rahmen der Werbekampagne f\u00fcr die erste Staffel von X-Men &#039;97 ver\u00f6ffentlicht.<\/p>\n<p> Der 24-sek\u00fcndige Trailer beginnt mit Cyclops in seinem klassischen blau-gelben X-Men-Anzug, bevor es zu einer Actionszene \u00fcbergeht, in der er seinen Optikstrahl auf Feinde aus der Zukunft entfesselt.<\/p>\n<figure><figcaption> Marvel Animation<\/figcaption><\/figure>\n<p> In der Zukunft scheint Cyclops gegen die Streitkr\u00e4fte von Apokolips zu k\u00e4mpfen und arbeitet mit Jean Grey zusammen, um ihre Verb\u00fcndeten zu sch\u00fctzen.<\/p>\n<figure><figcaption> Marvel Animation<\/figcaption><\/figure>\n<p> Im Trailer war auch eine Szene zu sehen, in der Cyclops Nathan Summers (alias Cable) besch\u00fctzt, was darauf hindeutet, dass sich der zuk\u00fcnftige Cable an diesem Punkt der Geschichte in gro\u00dfer Gefahr befindet.<\/p>\n<figure><figcaption> Marvel Animation<\/figcaption><\/figure>\n<p> Es wurde auch eine ber\u00fchrende Wiedervereinigung zwischen Cyclops&#039; Familie, Jean Grey und Nathan Summers gezeigt, was darauf hindeutet, dass die Wahrheit \u00fcber Nathans Abstammung ihm in dieser zuk\u00fcnftigen Zeitlinie von seinen wahren Eltern enth\u00fcllt werden k\u00f6nnte.<\/p>\n<figure><figcaption> Marvel Animation<\/figcaption><\/figure>\n<p> Interessanterweise deutet eine Aufnahme der wiedervereinigten X-Men, in der Cyclops sich mit Beast zusammentut (von dem zuvor best\u00e4tigt wurde, dass er ebenfalls Teil des Teams ist), darauf hin, dass sich das Team irgendwann in der zweiten Staffel wiedervereinen wird.<\/p>\n<figure><figcaption> Marvel Animation<\/figcaption><\/figure>\n<p> Unten k\u00f6nnt ihr euch den offiziellen Trailer zur zweiten Staffel von X-Men &#039;97 mit Cyclops ansehen:<\/p>\n<figure><\/figure>\n<p> Die zweite Staffel von X-Men &#039;97 feiert am Mittwoch, dem 1. Juli, Premiere auf Disney+.<\/p>\n<h2> Warum trifft Marvel Studios die richtige Entscheidung, indem sie Cyclops mehr Aufmerksamkeit schenken?<\/h2>\n<figure><figcaption> Marvel Animation<\/figcaption><\/figure>\n<p> Marvel Studios trifft die richtige Entscheidung, indem es Cyclops die dringend ben\u00f6tigte Aufmerksamkeit schenkt, insbesondere nachdem er jahrelang ins Abseits gedr\u00e4ngt und in den Filmen auf die Rolle des Rivalen von Wolverine reduziert wurde.<\/p>\n<p> Die erste Staffel von X-Men aus dem Jahr 1997 zeigte deutlich eine neue Liebe und Bewunderung f\u00fcr Cyclops, der als taktischer Anf\u00fchrer dargestellt wurde, der seinen neuen Weg als Familienvater beschritt und im Chaos brillierte. Verst\u00e4rkt wurde dies durch Cyclops&#039; kreativen Einsatz seines Optikstrahls, der in seiner epischen Landeszene in der ersten Folge der ersten Staffel eindrucksvoll zur Geltung kam.<\/p>\n<p> Wenn man sich die Werbekampagne f\u00fcr die zweite Staffel von X-Men &#039;97 ansieht, wird Cyclops in den kommenden Episoden wahrscheinlich als emotionaler Anker in der Zeitreisegeschichte fungieren, wobei seine besch\u00fctzenden Eigenschaften hervorgehoben werden, wenn er seinen Sohn Nathan und Jean Grey im andauernden Kampf gegen Apokolips verteidigt.<\/p>\n<p> In X-Men &#039;97 wurde deutlich, dass Cyclops sich als prinzipientreuer Anf\u00fchrer und Held auszeichnete und den X-Men ein starkes moralisches Fundament f\u00fcr das gro\u00df angelegte, multiversale Chaos bot, das das Marvel Cinematic Universe anstrebt. Dies bildet die perfekte Grundlage f\u00fcr Cyclops&#039; R\u00fcckkehr in die Realverfilmung in Avengers: Doomsday und positioniert ihn als strategisches Herzst\u00fcck der X-Men im bevorstehenden Kampf gegen Doctor Doom.<\/p>","protected":false},"excerpt":{"rendered":"<p>Marvel Studios konzentrierte sich voll und ganz auf Cyclops, und seine eindrucksvolle Pr\u00e4senz im fesselnden zweiten Trailer der Serie stahl allen die Show. Die X-Men-Kampagne von 1997\u2026<\/p>","protected":false},"author":1,"featured_media":19126,"comment_status":"open","ping_status":"closed","sticky":false,"template":"","format":"standard","meta":{"footnotes":""},"categories":[6],"tags":[],"class_list":["post-19125","post","type-post","status-publish","format-standard","has-post-thumbnail","hentry","category-kinoindustriya","hvn-theme-has-thumbnail"],"_links":{"self":[{"href":"https:\/\/imgist.ru\/de\/wp-json\/wp\/v2\/posts\/19125","targetHints":{"allow":["GET"]}}],"collection":[{"href":"https:\/\/imgist.ru\/de\/wp-json\/wp\/v2\/posts"}],"about":[{"href":"https:\/\/imgist.ru\/de\/wp-json\/wp\/v2\/types\/post"}],"author":[{"embeddable":true,"href":"https:\/\/imgist.ru\/de\/wp-json\/wp\/v2\/users\/1"}],"replies":[{"embeddable":true,"href":"https:\/\/imgist.ru\/de\/wp-json\/wp\/v2\/comments?post=19125"}],"version-history":[{"count":6,"href":"https:\/\/imgist.ru\/de\/wp-json\/wp\/v2\/posts\/19125\/revisions"}],"predecessor-version":[{"id":140114,"href":"https:\/\/imgist.ru\/de\/wp-json\/wp\/v2\/posts\/19125\/revisions\/140114"}],"wp:featuredmedia":[{"embeddable":true,"href":"https:\/\/imgist.ru\/de\/wp-json\/wp\/v2\/media\/19126"}],"wp:attachment":[{"href":"https:\/\/imgist.ru\/de\/wp-json\/wp\/v2\/media?parent=19125"}],"wp:term":[{"taxonomy":"category","embeddable":true,"href":"https:\/\/imgist.ru\/de\/wp-json\/wp\/v2\/categories?post=19125"},{"taxonomy":"post_tag","embeddable":true,"href":"https:\/\/imgist.ru\/de\/wp-json\/wp\/v2\/tags?post=19125"}],"curies":[{"name":"wp","href":"https:\/\/api.w.org\/{rel}","templated":true}]}}