{"id":19193,"date":"2026-06-24T22:36:24","date_gmt":"2026-06-24T19:36:24","guid":{"rendered":"https:\/\/imgist.ru\/zvyozdnye-vojny-podtverdili-chto-ih-sleduyushhij-serial-na-disney-vyjdet-na-sleduyushhej-nedele\/"},"modified":"2026-08-24T14:00:11","modified_gmt":"2026-08-24T11:00:11","slug":"star-wars-hat-bestatigt-dass-die-nachste-disney-serie-nachste-woche-premiere-feiern-wird","status":"publish","type":"post","link":"https:\/\/imgist.ru\/de\/zvyozdnye-vojny-podtverdili-chto-ih-sleduyushhij-serial-na-disney-vyjdet-na-sleduyushhej-nedele\/","title":{"rendered":"\u00abStar Wars hat best\u00e4tigt, dass die n\u00e4chste Serie auf Disney+ n\u00e4chste Woche Premiere feiern wird."},"content":{"rendered":"<p>Star Wars hat best\u00e4tigt, dass die n\u00e4chste Serie auf Disney+ n\u00e4chste Woche Premiere feiert, und ein erster Einblick wurde bereits au\u00dferhalb des Streaming-Dienstes ver\u00f6ffentlicht. Seit Disney die Rechte an Star Wars erworben hat, hat das Unternehmen zahlreiche Serien f\u00fcr Disney+ herausgebracht \u2013 einige sensationell, andere eher entt\u00e4uschend. Die neueste Serie, \u00abMaul: Lord of Shadows\u00bb, war jedoch exzellent und lie\u00df die Fans gespannt auf die n\u00e4chste warten. Sie m\u00fcssen nicht lange warten, denn die n\u00e4chste Serie von Lucasfilm steht kurz bevor.<\/p>\n<p> Wir sprechen \u00fcber \u201eStar Wars: Visions Presents \u2013 The Ninth Jedi\u201c, die erste abendf\u00fcllende Fortsetzung der gefeierten Anime-Anthologie \u201eStar Wars: Visions\u201c. Production IG, das Studio hinter dem urspr\u00fcnglichen Kurzfilm, kehrt zur\u00fcck, um eine der beliebtesten Episoden der Anthologie zu erweitern und zu einer l\u00e4ngeren Geschichte auszubauen.<\/p>\n<figure><figcaption> Star Wars<\/figcaption><\/figure>\n<p> Lucasfilm und Production I.G. pr\u00e4sentieren die erste Folge von \u00abDie neunten Jedi\u00bb auf der Anime Expo 2026 in Los Angeles am Donnerstag, dem 2. Juli, dem Er\u00f6ffnungstag der Convention. Die Vorf\u00fchrung findet von 18:00 bis 19:20 Uhr Ortszeit im Diamond Ballroom des JW Marriott Hotels statt. Im Anschluss an die Vorf\u00fchrung gibt es eine Podiumsdiskussion mit dem Kreativteam der Serie.<\/p>\n<p> Die anwesenden Fans werden die Er\u00f6ffnungssequenz vor allen anderen sehen, bevor die komplette Serie diesen Sommer auf Disney+ startet. Das bedeutet auch, dass auf der Anime Expo erstmals echtes Filmmaterial aus einem der am meisten erwarteten Star-Wars-Projekte dieses Jahres gezeigt wird \u2013 und zwar nicht nur als Trailer.<\/p>\n<p> \u00abDer neunte Jedi\u00bb setzt die Geschichte fort, die 2021 als Kurzgeschichte im ersten Band von Star Wars: Visions begann und im dritten Band \u00abDer neunte Jedi: Kind der Hoffnung\u00bb fortgesetzt wurde. Im Mittelpunkt der Handlung steht Cara, eine machtsensitive junge Frau, die nach ihrem Lichtschwertschmied-Vater sucht und gleichzeitig daran arbeitet, den Jedi-Orden wiederherzustellen.<\/p>\n<p> Die Geschichte spielt in ferner Zukunft, lange nach \u00abDer Aufstieg Skywalkers\u00bb, in einer \u00c4ra, in der Lichtschwerter und die Jedi fast vollst\u00e4ndig aus der Galaxis verschwunden sind. Lucasfilm stellte das Projekt erstmals auf der Star Wars Celebration Japan 2025 vor und hat noch keinen genauen Ver\u00f6ffentlichungstermin f\u00fcr Streaming-Plattformen nach dem Sommer festgelegt. Der Starttermin auf Disney+ wird jedoch voraussichtlich auf der Anime Expo bekannt gegeben.<\/p>\n<p> \u00abDie neunten Jedi\u00bb ist einer der Gr\u00fcnde, warum die kommenden Monate f\u00fcr Star Wars vielversprechend aussehen. Im Anschluss an \u00abDie neunten Jedi\u00bb erscheinen mehrere mit Spannung erwartete Disney+-Projekte und Kinofilme, die voller aufregender Elemente stecken.<\/p>\n<h2> Lucasfilms Liste der kommenden Star Wars-Projekte ist beeindruckend, und das aus gutem Grund.<\/h2>\n<h3> <strong>Inhalte, die \u00fcber die Fortsetzungstrilogie hinausgehen<\/strong><\/h3>\n<figure><figcaption> Star Wars<\/figcaption><\/figure>\n<p> Shawn Levys \u00abStar Wars: Starfighter\u00bb hebt das Franchise auf ein v\u00f6llig neues Niveau. Der Film spielt etwa f\u00fcnf Jahre nach \u00abDer Aufstieg Skywalkers\u00bb und ist der erste Star-Wars-Film, der sich von der Sequel-Trilogie l\u00f6st. Levy beschreibt ihn als eigenst\u00e4ndiges Abenteuer, weder als Fortsetzung noch als Prequel, mit \u00fcberwiegend neuen Charakteren und einigen bekannten Gesichtern.<\/p>\n<p> Ryan Gosling f\u00fchrt ein Team an, zu dem auch Flynn Gray, Matt Smith, Mia Goth, Amy Adams und Aaron Pierre geh\u00f6ren. Die Dreharbeiten wurden im Dezember 2025 abgeschlossen, und der Film soll am 28. Mai 2027 in die Kinos kommen. Da sich Lucasfilm in den letzten zehn Jahren gr\u00f6\u00dftenteils auf dieselben Epochen konzentriert hat, erscheint ein Ausflug in neue Gefilde dringend notwendig. Simon Kinbergs Trilogie, die von der ehemaligen Lucasfilm-Pr\u00e4sidentin Kathleen Kennedy vor ihrem Ausscheiden aus dem Amt angek\u00fcndigt wurde, wird Star-Wars-Fans voraussichtlich auch einzigartige Inhalte jenseits der Fortsetzungen bieten.<\/p>\n<h3> <strong>Die ganze Macht von Thrawn<\/strong><\/h3>\n<figure><figcaption> Star Wars<\/figcaption><\/figure>\n<p> Gro\u00dfadmiral Thrawn kehrte in den letzten Minuten von Ahsokas erster Staffel stillschweigend in die Hauptgalaxie zur\u00fcck, und die zweite Staffel scheint ihn nun endlich in seiner vollen Macht zu entfesseln. W\u00e4hrend eines Gro\u00dfteils der ersten Staffel blieb er eine ferne Bedrohung und erschien erst gegen Ende auf dem Bildschirm. Die zweite Staffel d\u00fcrfte nun endlich sein ganzes K\u00f6nnen zeigen.<\/p>\n<p> Seriensch\u00f6pfer Dave Filoni schrieb alle acht Episoden und deutete eine gro\u00dfe Seeschlacht zwischen Thrawn und Admiral Ackbar an. In dieser Staffel r\u00fccken Ezra Bridger, der zur Neuen Republik zur\u00fcckkehrt, um die Folgen von Thrawns Flucht zu bew\u00e4ltigen, und Anakin Skywalker, dessen Rolle diesmal bedeutender wird, st\u00e4rker in den Fokus. Disney best\u00e4tigte bei seiner Upfronts-Pr\u00e4sentation 2026, dass die zweite Staffel von Ahsoka Anfang 2027 Premiere feiern wird.<\/p>\n<h3> <strong>Die Ankunft von Darth Talon<\/strong><\/h3>\n<figure><figcaption> Star Wars<\/figcaption><\/figure>\n<p> Die erste Staffel von \u00abMaul: Herr der Schatten\u00bb endete im Mai mit dem ersten Schritt einer Jedi-Padawan zur dunklen Seite. Devon Isara, eine roth\u00e4utige Twi&#039;lek, gesprochen von Gideon Adlon, willigte ein, bei Maul zu trainieren, nachdem Darth Vader ihren Meister get\u00f6tet hatte. Im Finale gelang es ihr, die H\u00e4lfte von Mauls rotem Lichtschwert an sich zu bringen.<\/p>\n<p> Fans vermuten schon lange, dass diese Handlung die Vorgeschichte von Darth Talon, dem Sith-Lord aus Star Wars: Legends, liefern wird. Der Name erinnert auch an George Lucas&#039; verworfene Pl\u00e4ne f\u00fcr eine Prequel-Trilogie, in der Maul als Verbrecherboss mit einem Twi&#039;lek-Sch\u00fcler namens Talon herrschte. Der Name wurde in der Serie bisher nicht erw\u00e4hnt, und Regisseur Brad Rau weicht Fragen zu den Fan-Theorien aus. Sam Witwer und Lucasfilm haben eine zweite Staffel best\u00e4tigt, die voraussichtlich 2027 erscheint. Dann soll Devons Charakter vollst\u00e4ndig ausgearbeitet sein.<\/p>","protected":false},"excerpt":{"rendered":"<p>Star Wars hat best\u00e4tigt, dass die n\u00e4chste Serie auf Disney+ n\u00e4chste Woche Premiere feiert, und erste Einblicke sind bereits au\u00dferhalb des Streaming-Dienstes erschienen.<\/p>","protected":false},"author":1,"featured_media":19194,"comment_status":"open","ping_status":"closed","sticky":false,"template":"","format":"standard","meta":{"footnotes":""},"categories":[6],"tags":[],"class_list":["post-19193","post","type-post","status-publish","format-standard","has-post-thumbnail","hentry","category-kinoindustriya","hvn-theme-has-thumbnail"],"_links":{"self":[{"href":"https:\/\/imgist.ru\/de\/wp-json\/wp\/v2\/posts\/19193","targetHints":{"allow":["GET"]}}],"collection":[{"href":"https:\/\/imgist.ru\/de\/wp-json\/wp\/v2\/posts"}],"about":[{"href":"https:\/\/imgist.ru\/de\/wp-json\/wp\/v2\/types\/post"}],"author":[{"embeddable":true,"href":"https:\/\/imgist.ru\/de\/wp-json\/wp\/v2\/users\/1"}],"replies":[{"embeddable":true,"href":"https:\/\/imgist.ru\/de\/wp-json\/wp\/v2\/comments?post=19193"}],"version-history":[{"count":4,"href":"https:\/\/imgist.ru\/de\/wp-json\/wp\/v2\/posts\/19193\/revisions"}],"predecessor-version":[{"id":140180,"href":"https:\/\/imgist.ru\/de\/wp-json\/wp\/v2\/posts\/19193\/revisions\/140180"}],"wp:featuredmedia":[{"embeddable":true,"href":"https:\/\/imgist.ru\/de\/wp-json\/wp\/v2\/media\/19194"}],"wp:attachment":[{"href":"https:\/\/imgist.ru\/de\/wp-json\/wp\/v2\/media?parent=19193"}],"wp:term":[{"taxonomy":"category","embeddable":true,"href":"https:\/\/imgist.ru\/de\/wp-json\/wp\/v2\/categories?post=19193"},{"taxonomy":"post_tag","embeddable":true,"href":"https:\/\/imgist.ru\/de\/wp-json\/wp\/v2\/tags?post=19193"}],"curies":[{"name":"wp","href":"https:\/\/api.w.org\/{rel}","templated":true}]}}