{"id":1924,"date":"2026-05-30T12:28:37","date_gmt":"2026-05-30T09:28:37","guid":{"rendered":"https:\/\/imgist.ru\/oliviya-rodrigo-o-gaze-immigraczionnoj-i-tamozhennoj-sluzhbe-i-politike-bylo-by-prosto-neiskrenne-molchat\/"},"modified":"2026-05-30T12:28:37","modified_gmt":"2026-05-30T09:28:37","slug":"olivia-rodrigo-wurde-zum-thema-einwanderungs-und-zollbehorde-und-deren-politik-einfach-heuchlerisch-schweigen","status":"publish","type":"post","link":"https:\/\/imgist.ru\/de\/oliviya-rodrigo-o-gaze-immigraczionnoj-i-tamozhennoj-sluzhbe-i-politike-bylo-by-prosto-neiskrenne-molchat\/","title":{"rendered":"Olivia Rodrigo \u00fcber Gaza, ICE und Politik: \u00abEs w\u00e4re heuchlerisch\u00bb, zu schweigen."},"content":{"rendered":"<p>Die Pops\u00e4ngerin Olivia Rodrigo sagt, sie habe keine Angst, sich zu politischen Themen wie der Einwanderungskontrolle und dem Gaza-Konflikt zu \u00e4u\u00dfern, und dass es f\u00fcr sie ein nat\u00fcrlicher Bestandteil ihrer Rolle als K\u00fcnstlerin sei, ihre Meinung zu diesen Themen zu \u00e4u\u00dfern.<\/p>\n<p> In einem Interview mit Popcast erkl\u00e4rt der Popstar, dass sie sich nach Kr\u00e4ften bem\u00fcht, \u00fcber die neuesten Entwicklungen in dem von ihr beschriebenen Bereich auf dem Laufenden zu bleiben, r\u00e4umt aber ein, dass ihr Wissen seine Grenzen hat.<\/p>\n<p> \u00abIch bem\u00fche mich sehr, stets informiert zu sein. Ich setze alles daran, die besten Ergebnisse zu erzielen, weil ich denke, dass dies f\u00fcr alle wichtig ist. Aber ich wei\u00df nicht alles\u00bb, bemerkte Rodrigo. <\/p>\n<p> Bekannt f\u00fcr ihre offene Kritik an der US-Einwanderungs- und Zollbeh\u00f6rde und ihre \u00c4u\u00dferungen zum Gazastreifen, ist Rodrigo der Ansicht, dass ihre politischen Ansichten untrennbar mit ihrer k\u00fcnstlerischen Arbeit verbunden sind.<\/p>\n<p> \u00abIch f\u00e4nde es heuchlerisch zu sagen, dass ich kein Mitgef\u00fchl f\u00fcr die Ereignisse in Gaza habe. Als K\u00fcnstlerin sehe ich das einfach als meine Aufgabe. Und es ist mein Beruf\u00bb, sagte sie.<\/p>\n<p> Rodrigo gab zu, dass sie manchmal das Gef\u00fchl habe, f\u00fcr ihre politischen \u00c4u\u00dferungen nicht viel Anerkennung zu verdienen, aber dennoch das Gef\u00fchl habe, dass sie sich aktiver und deutlicher zu Themen \u00e4u\u00dfern k\u00f6nne, die sie besch\u00e4ftigen.<\/p>\n<p> \u00abIch habe immer das Gef\u00fchl, ich k\u00f6nnte mehr tun und sagen\u00bb, f\u00fcgte die S\u00e4ngerin hinzu. <\/p>\n<p> Abschlie\u00dfend gibt sie zu, dass sie keine Notwendigkeit sieht, zu diesen Themen zu schweigen, und dass sie auch nie von anderen dazu gedr\u00e4ngt wurde.<\/p>\n<p> Der Artikel \u00abOlivia Rodrigo \u00fcber Gaza, ICE und Politik: \u00abEs w\u00e4re einfach unaufrichtig\u00bb zu schweigen\u00bb erschien zuerst auf Where Is The Buzz | Breaking News, Entertainment, Exclusive Interviews &amp; More. .<\/p>","protected":false},"excerpt":{"rendered":"<p>Die Pops\u00e4ngerin Olivia Rodrigo sagt, sie habe keine Angst, sich zu politischen Themen wie der Einwanderungskontrolle und dem Gaza-Konflikt zu \u00e4u\u00dfern, und dass es f\u00fcr sie...<\/p>","protected":false},"author":1,"featured_media":1925,"comment_status":"open","ping_status":"closed","sticky":false,"template":"","format":"standard","meta":{"footnotes":""},"categories":[7],"tags":[],"class_list":["post-1924","post","type-post","status-publish","format-standard","has-post-thumbnail","hentry","category-muzyka","hvn-theme-has-thumbnail"],"_links":{"self":[{"href":"https:\/\/imgist.ru\/de\/wp-json\/wp\/v2\/posts\/1924","targetHints":{"allow":["GET"]}}],"collection":[{"href":"https:\/\/imgist.ru\/de\/wp-json\/wp\/v2\/posts"}],"about":[{"href":"https:\/\/imgist.ru\/de\/wp-json\/wp\/v2\/types\/post"}],"author":[{"embeddable":true,"href":"https:\/\/imgist.ru\/de\/wp-json\/wp\/v2\/users\/1"}],"replies":[{"embeddable":true,"href":"https:\/\/imgist.ru\/de\/wp-json\/wp\/v2\/comments?post=1924"}],"version-history":[{"count":0,"href":"https:\/\/imgist.ru\/de\/wp-json\/wp\/v2\/posts\/1924\/revisions"}],"wp:featuredmedia":[{"embeddable":true,"href":"https:\/\/imgist.ru\/de\/wp-json\/wp\/v2\/media\/1925"}],"wp:attachment":[{"href":"https:\/\/imgist.ru\/de\/wp-json\/wp\/v2\/media?parent=1924"}],"wp:term":[{"taxonomy":"category","embeddable":true,"href":"https:\/\/imgist.ru\/de\/wp-json\/wp\/v2\/categories?post=1924"},{"taxonomy":"post_tag","embeddable":true,"href":"https:\/\/imgist.ru\/de\/wp-json\/wp\/v2\/tags?post=1924"}],"curies":[{"name":"wp","href":"https:\/\/api.w.org\/{rel}","templated":true}]}}