{"id":19274,"date":"2026-06-25T15:12:41","date_gmt":"2026-06-25T12:12:41","guid":{"rendered":"https:\/\/imgist.ru\/dejstvitelno-li-rejven-uchastvuet-v-shou-rupauls-drag-race-down-under-vs-the-world\/"},"modified":"2026-06-25T15:12:41","modified_gmt":"2026-06-25T12:12:41","slug":"nimmt-raven-wirklich-an-rupauls-drag-race-down-under-vs-the-world-teil","status":"publish","type":"post","link":"https:\/\/imgist.ru\/de\/dejstvitelno-li-rejven-uchastvuet-v-shou-rupauls-drag-race-down-under-vs-the-world\/","title":{"rendered":"Ist Raven wirklich bei RuPaul&#039;s Drag Race Down Under vs. the World dabei?"},"content":{"rendered":"<p>Falls Sie von der Teilnehmerliste der Show verwirrt sind <strong>RuPaul&#039;s Drag Race: Australien gegen den Rest der Welt<\/strong> , Willkommen im Club! World of Wonder hat soeben die Namen der elf Dragqueens bekannt gegeben, die in der kommenden Staffel antreten werden, und Ger\u00fcchten zufolge\u2026, <strong>Rabe<\/strong> \u2013 Eine von ihnen. Ja, genau die Raven \u2013 eine Finalistin der zweiten Staffel, die sich bei World of Wonder hochgearbeitet hat und nun als RuPauls pers\u00f6nliche Visagistin arbeitet. Die Fans sind v\u00f6llig verbl\u00fcfft und voller Zweifel.<\/p>\n<h2> Die Fans von RuPaul&#039;s Drag Race sind sich nicht sicher, ob Raven tats\u00e4chlich eine Kandidatin ist.<\/h2>\n<figure>\n<blockquote><\/blockquote>\n<\/figure>\n<p> Die kommende Staffel findet erstmals in Australien im Format \u00abGegen den Rest der Welt\u00bb statt, wobei eine Riege von Stars um den Titel \u00abK\u00f6nigin der verdammten Welt\u00bb k\u00e4mpft. Hier ist die vollst\u00e4ndige Liste:<\/p>\n<ul>\n<li> Art Simone (Down Under, Staffel 1)<\/li>\n<li> Coco Jumbo (Australien, Staffel 1)<\/li>\n<li> Estrella Xtravaganza (Staffel 2)<\/li>\n<li> Flor (Underland, Staffel 3)<\/li>\n<li> LaLa Ri (Drag Race Staffel 13; All Stars 8)<\/li>\n<li> Miss Jade So (Philippinen, Staffel 2)<\/li>\n<li> Michael Maruli (Drag Race UK, Staffel 5)<\/li>\n<li> Nicole Paige Brooks (Drag Race Staffel 2; All Stars 10)<\/li>\n<li> Nikita Iman (Staffel 4 der Serie \u00abDown Under\u00bb)<\/li>\n<li> Raven (Drag Race, Staffel 2; All Stars, Staffel 1)<\/li>\n<li> Vybe (Staffel 4, Down Under)<\/li>\n<\/ul>\n<p> In Australien k\u00e4mpfen Publikumslieblinge wie Art Simone und Coco Jumbo sowie Legenden wie Nicole Paige Brooks und LaLa Ri um die Krone. Und dann ist da noch Raven, die die Gem\u00fcter spaltet.<\/p>\n<p> Raven belegte sowohl in der zweiten Staffel von RuPaul&#039;s Drag Race als auch in der ersten Staffel von All Stars den zweiten Platz. Seitdem ist sie eine feste Gr\u00f6\u00dfe bei World of Wonder und moderiert Sendungen wie Fashion Photo RuView und Painted by Raven, ganz zu schweigen von ihrer T\u00e4tigkeit als RuPauls Visagistin. Angesichts all dessen k\u00f6nnen sich Fans kaum vorstellen, dass sie jemals wieder an einem Wettbewerb teilnehmen wird.<\/p>\n<p> \u00abDas ist ganz offensichtlich ein PR-Gag. Falls sie jemals wieder an einem Wettkampf teilnimmt (was h\u00f6chst unwahrscheinlich ist), dann ganz sicher nicht bei \u00abAustralien gegen den Rest der Welt\u00bb. Nichts f\u00fcr ungut, aber trotzdem\u00bb, schrieb ein skeptischer Fan online.<\/p>\n<p> Ein weiterer Kommentator f\u00fcgte hinzu: \u00abDas hat die Ank\u00fcndigung, dass alle anderen Kandidaten teilnehmen w\u00fcrden, v\u00f6llig \u00fcberschattet \u2013 wenn das ein PR-Gag ist, dann ist es extrem unfair ihnen gegen\u00fcber, ihnen den Moment zu stehlen, nur um zu \u00abbetr\u00fcgen\u00bb. Ich hoffe also, dass sie es tut.\u00bb.<\/p>\n<p> Offenbar deutet alles darauf hin, dass sie tats\u00e4chlich an dem Wettbewerb teilnehmen will. In ihrem Interview bei \u00abMeet the Queens\u00bb hat sie ihre Absichten ganz klar zum Ausdruck gebracht.<\/p>\n<p> \u00abIch wollte zur\u00fcckkommen und wieder antreten, weil ich den Wettkampf vermisst habe. Ich habe es vermisst, auf der Hauptb\u00fchne zu stehen\u00bb, gab Raven zu.<\/p>\n<p> Sie f\u00fcgte hinzu: \u00abIch bin hier, um die Krone zu gewinnen. Ich bin hier, um mich zu messen. Ich bin hier, um zu gewinnen. Nach all den Jahren bin ich endlich hier.\u00bb.<\/p>\n<p> Klingt ganz einfach, oder? Erw\u00e4hnenswert ist auch, dass RuPaul nicht mehr \u201eRuPaul\u2019s Drag Race Down Under\u201c moderiert, sondern die Leitung 2024 an Michelle Visage \u00fcbergibt. Wenn es eine Show gibt, in der Raven mitmachen k\u00f6nnte, dann wohl diese.<\/p>\n<p> Drag Race Down Under vs. the World feiert am 24. Juli Premiere auf WOW Presents Plus.<\/p>\n<p> <strong>Sagt uns eure Meinung zu diesem Kader! Glaubt ihr, Raven ist wirklich konkurrenzf\u00e4hig?<\/strong><\/p>","protected":false},"excerpt":{"rendered":"<p>Falls ihr von der Kandidatinnenliste bei RuPaul&#039;s Drag Race Down Under vs. the World verwirrt seid, willkommen im Club. World of Wonder\u2026<\/p>","protected":false},"author":1,"featured_media":19275,"comment_status":"open","ping_status":"closed","sticky":false,"template":"","format":"standard","meta":{"footnotes":""},"categories":[5],"tags":[],"class_list":["post-19274","post","type-post","status-publish","format-standard","has-post-thumbnail","hentry","category-selebriti","hvn-theme-has-thumbnail"],"_links":{"self":[{"href":"https:\/\/imgist.ru\/de\/wp-json\/wp\/v2\/posts\/19274","targetHints":{"allow":["GET"]}}],"collection":[{"href":"https:\/\/imgist.ru\/de\/wp-json\/wp\/v2\/posts"}],"about":[{"href":"https:\/\/imgist.ru\/de\/wp-json\/wp\/v2\/types\/post"}],"author":[{"embeddable":true,"href":"https:\/\/imgist.ru\/de\/wp-json\/wp\/v2\/users\/1"}],"replies":[{"embeddable":true,"href":"https:\/\/imgist.ru\/de\/wp-json\/wp\/v2\/comments?post=19274"}],"version-history":[{"count":0,"href":"https:\/\/imgist.ru\/de\/wp-json\/wp\/v2\/posts\/19274\/revisions"}],"wp:featuredmedia":[{"embeddable":true,"href":"https:\/\/imgist.ru\/de\/wp-json\/wp\/v2\/media\/19275"}],"wp:attachment":[{"href":"https:\/\/imgist.ru\/de\/wp-json\/wp\/v2\/media?parent=19274"}],"wp:term":[{"taxonomy":"category","embeddable":true,"href":"https:\/\/imgist.ru\/de\/wp-json\/wp\/v2\/categories?post=19274"},{"taxonomy":"post_tag","embeddable":true,"href":"https:\/\/imgist.ru\/de\/wp-json\/wp\/v2\/tags?post=19274"}],"curies":[{"name":"wp","href":"https:\/\/api.w.org\/{rel}","templated":true}]}}