{"id":19314,"date":"2026-06-25T22:34:59","date_gmt":"2026-06-25T19:34:59","guid":{"rendered":"https:\/\/imgist.ru\/studiya-dc-predstavila-vtoroj-v-istorii-kostyum-flesha\/"},"modified":"2026-08-24T14:00:24","modified_gmt":"2026-08-24T11:00:24","slug":"dc-studios-prasentierte-das-zweite-kostum-fleisch","status":"publish","type":"post","link":"https:\/\/imgist.ru\/de\/studiya-dc-predstavila-vtoroj-v-istorii-kostyum-flesha\/","title":{"rendered":"DC Studios hat das zweite Flash-Kost\u00fcm \u00fcberhaupt enth\u00fcllt."},"content":{"rendered":"<p>Das erste Design von DC Studios f\u00fcr Flash wurde endlich enth\u00fcllt, nachdem der Scharlachrote Blitz weiterhin im DC-Universum fehlt. Nach dem Ende seiner neun Staffeln umfassenden Serie \u00abArrow\u00bb auf The CW im Jahr 2023 und der anschlie\u00dfenden \u00abThe Flash\u00bb-Serie im DC Cinematic Universe steht der beliebte Speedster der Justice League vor einer schwierigen Zeit vor seinem Deb\u00fct im DC-Universum. Flash wurde im urspr\u00fcnglichen Plan f\u00fcr das erste Kapitel des DC-Universums leider nicht ber\u00fccksichtigt und fehlt auch Jahre sp\u00e4ter noch, was bei einigen Fans f\u00fcr Kontroversen sorgt, insbesondere angesichts der Ver\u00f6ffentlichung anderer, ungew\u00f6hnlicherer Projekte wie \u00abClayface\u00bb.<\/p>\n<p> Warner Bros. Animation und DC Studios sorgen auf dem Annecy Film Festival mit einem neuen Banner f\u00fcr Aufsehen, das ihren kommenden Projekten gewidmet ist (laut Discussing Film). Besonders hervorzuheben ist die Szene im animierten Trailer, in der Jesse Quick, eine Version von Flash, in ihrem Superheldenkost\u00fcm in einer zuk\u00fcnftigen Fernsehserie zu sehen ist.<\/p>\n<figure><figcaption> DC Studios<\/figcaption><\/figure>\n<p> Eine weibliche Version von Flash wird eine Hauptfigur in \u201eDC Super Powers\u201c sein, einer Elseworlds-Kinderserie, in der sie und andere junge Helden die Alliance School for Heroes unter der Leitung von Schulleiter Martian Manhunter besuchen. Illustrationen vom Annecy-Festival zeigen au\u00dferdem erstmals Flashs Mitsch\u00fcler Black Lightning und Plastic Man. Zus\u00e4tzlich wird sie von Terra, Aquagirl und Guy Gardner\/Green Lantern begleitet.<\/p>\n<figure><figcaption> DC Studios<\/figcaption><\/figure>\n<p> Der Flash des DC Super Powers-Universums ist nat\u00fcrlich nicht Barry Allen oder Wally West; es ist Jesse Chambers, auch bekannt als Jesse Quick, die Tochter des Speedsters aus dem Goldenen Zeitalter, die schon in jungen Jahren die Gleichung ihres Vaters erlernte, die es ihr erm\u00f6glichte, auf die Speed Force zuzugreifen.<\/p>\n<figure><figcaption> DC Studios \/ DC Comics<\/figcaption><\/figure>\n<p> Im Arrowverse von The CW spielte Violett Beane Jessie Quick, die Tochter von Harrison Wells von Erde-2, und erlangte ihre Kr\u00e4fte in der dritten Staffel von The Flash, indem sie die Teilchenbeschleunigerexplosion nachstellte, die in ganz Central City Metamenschen hervorbrachte.<\/p>\n<figure><figcaption> DC Studios \/ The CW<\/figcaption><\/figure>\n<p> Die Serie \u00abThe Flash\u00bb schloss ihre neunte Staffel im Mai 2023 ab, und nur einen Monat sp\u00e4ter, im Juni 2023, wurde der gleichnamige DCEU-Film mit Ezra Miller in der Hauptrolle ver\u00f6ffentlicht, der an den Kinokassen floppte, bevor James Gunns DCCU-Reboot startete. Dies f\u00fchrte dazu, dass die Figur bis heute in den Projekten der DC Studios nicht mehr auftauchte.<\/p>\n<figure><figcaption> DC Studios<\/figcaption><\/figure>\n<p> DC Studios enth\u00fcllte kurz das erste Flash-Kost\u00fcm in der Folge \u00abCreature Commando\u00bb und pr\u00e4sentierte darin eine Vision einer m\u00f6glichen Zukunft, entworfen von Wonder-Woman-Gegnerin Circe. Der verstorbene Scarlet Speeder aus dem DC-Universum, der auf einem Pfahl steht, ist Wally West, der von vielen als Flashs zuk\u00fcnftiges Ich in der Hauptzeitlinie angesehen wird, und nicht als Barry Allen.<\/p>\n<figure><figcaption> DC Studios<\/figcaption><\/figure>\n<p> Details zum Ver\u00f6ffentlichungstermin des DC Super Powers-Films sind noch unklar, aber in den kommenden Tagen k\u00f6nnten vom Annecy Film Festival Neuigkeiten und Aktualisierungen ver\u00f6ffentlicht werden, m\u00f6glicherweise auch Informationen dar\u00fcber, wer den ersten Flash in den Filmen der DC Studios spielen wird.<\/p>\n<h2> Warum James Gunn den Start von The Flash im DCEU verz\u00f6gert<\/h2>\n<p> Die Entscheidung von DC Studios, Jesse Quick anstelle von Barry Allen oder Wally West in der Kinderserie \u00abSuperpowers\u00bb einzusetzen, wirkt etwas ungew\u00f6hnlich. Sie k\u00f6nnte aber auch ein cleverer Schachzug sein, um die \u00abElseworlds\u00bb-Serie von fr\u00fcheren Fehltritten mit \u201eFlash\u201c \u2013 sowohl im DCEU als auch in den letzten Staffeln von The CW \u2013 und von den zuk\u00fcnftigen Entwicklungen im regul\u00e4ren DC-Universum abzugrenzen.<\/p>\n<p> Obwohl Superman mit \u00abMan of Tomorrow\u00bb bereits eine Fortsetzung erh\u00e4lt und Batman- und Wonder-Woman-Reboots in Entwicklung sind, gibt es noch immer keine Informationen \u00fcber das Auftreten anderer wichtiger Superhelden der Justice League. DC-Studios-Co-CEO James Gunn best\u00e4tigte letzten Sommer, dass Flash nicht dabei sein wird. <strong>\u00ab&quot;in den n\u00e4chsten zwei Jahren&quot;,<\/strong> Das Deb\u00fct wird voraussichtlich im Jahr 2028 oder sogar sp\u00e4ter erfolgen.<\/p>\n<p> Obwohl Gunn bisher keine Pl\u00e4ne f\u00fcr die Einf\u00fchrung von Flash au\u00dferhalb seiner Elseworlds-Projekte \u00f6ffentlich gemacht hat, wurde k\u00fcrzlich auf HBO Max die perfekte Serie f\u00fcr sein DC-Universe-Deb\u00fct angek\u00fcndigt. Das Studio arbeitet mit Hochdruck an einer Serie, die auf realen Ereignissen basiert und in der Jimmy Olsen (gespielt von Skyler Gisondo) den Flash-B\u00f6sewicht Gorilla Grodd untersucht. Die Einbindung des Speedsters der Justice League passt daher ideal.<\/p>\n<p> Das k\u00f6nnte sich als schwierig erweisen, da die Serie (angeblich mit dem Titel \u00abAmerican Villain\u00bb) bald mit den Dreharbeiten beginnen soll und im DC-Universum noch immer kein Schauspieler f\u00fcr die Rolle des Flash feststeht, obwohl Wally West sich k\u00fcrzlich als aussichtsreicher Kandidat herauskristallisiert hat. Es w\u00e4re jedenfalls falsch, eine Serie um Grodd zu entwickeln, ohne seinen Erzfeind anzudeuten. Daher k\u00f6nnte man den gesichtslosen roten Blitz im Kampf gegen DCs b\u00f6sen Affen zeigen, um die Existenz des Flash anzudeuten.<\/p>\n<p> Nach der nur neunmin\u00fctigen Ausstrahlung von \u00abThe Flash\u00bb auf The CW ist viel zu wenig Zeit f\u00fcr eine DC-Universe-Fernsehserie vergangen. Gleichzeitig reicht die Zeit nach dem finanziellen Misserfolg des DCEU-Blockbusters nicht aus, um einen neuen Kinofilm in Erw\u00e4gung zu ziehen. Das bedeutet, dass der Scharlachrote Blitz entweder in einer Animationsserie deb\u00fctieren, als Nebenfigur in der Geschichte eines anderen Helden eingef\u00fchrt werden oder f\u00fcr mindestens einige Jahre in der Schublade der DC-Studios bleiben wird.<\/p>","protected":false},"excerpt":{"rendered":"<p>Das erste Design von The Flash durch DC Studios wurde endlich enth\u00fcllt, nachdem der Scharlachrote Blitz weiterhin nicht im DC-Universum zu sehen ist. Nach dem Ende seiner neun Staffeln bei Arrow\u2026<\/p>","protected":false},"author":1,"featured_media":19315,"comment_status":"open","ping_status":"closed","sticky":false,"template":"","format":"standard","meta":{"footnotes":""},"categories":[6],"tags":[],"class_list":["post-19314","post","type-post","status-publish","format-standard","has-post-thumbnail","hentry","category-kinoindustriya","hvn-theme-has-thumbnail"],"_links":{"self":[{"href":"https:\/\/imgist.ru\/de\/wp-json\/wp\/v2\/posts\/19314","targetHints":{"allow":["GET"]}}],"collection":[{"href":"https:\/\/imgist.ru\/de\/wp-json\/wp\/v2\/posts"}],"about":[{"href":"https:\/\/imgist.ru\/de\/wp-json\/wp\/v2\/types\/post"}],"author":[{"embeddable":true,"href":"https:\/\/imgist.ru\/de\/wp-json\/wp\/v2\/users\/1"}],"replies":[{"embeddable":true,"href":"https:\/\/imgist.ru\/de\/wp-json\/wp\/v2\/comments?post=19314"}],"version-history":[{"count":6,"href":"https:\/\/imgist.ru\/de\/wp-json\/wp\/v2\/posts\/19314\/revisions"}],"predecessor-version":[{"id":140246,"href":"https:\/\/imgist.ru\/de\/wp-json\/wp\/v2\/posts\/19314\/revisions\/140246"}],"wp:featuredmedia":[{"embeddable":true,"href":"https:\/\/imgist.ru\/de\/wp-json\/wp\/v2\/media\/19315"}],"wp:attachment":[{"href":"https:\/\/imgist.ru\/de\/wp-json\/wp\/v2\/media?parent=19314"}],"wp:term":[{"taxonomy":"category","embeddable":true,"href":"https:\/\/imgist.ru\/de\/wp-json\/wp\/v2\/categories?post=19314"},{"taxonomy":"post_tag","embeddable":true,"href":"https:\/\/imgist.ru\/de\/wp-json\/wp\/v2\/tags?post=19314"}],"curies":[{"name":"wp","href":"https:\/\/api.w.org\/{rel}","templated":true}]}}