{"id":19456,"date":"2026-06-27T15:12:50","date_gmt":"2026-06-27T12:12:50","guid":{"rendered":"https:\/\/imgist.ru\/byvshaya-zvezda-realiti-shou-pravila-vanderpamp-otkrovenno-rasskazala-o-svoej-gomoseksualnosti\/"},"modified":"2026-06-27T15:12:50","modified_gmt":"2026-06-27T12:12:50","slug":"die-ehemalige-reality-show-darstellerin-vanderpump-rules-hat-offen-uber-ihre-homosexualitat-gesprochen","status":"publish","type":"post","link":"https:\/\/imgist.ru\/de\/byvshaya-zvezda-realiti-shou-pravila-vanderpamp-otkrovenno-rasskazala-o-svoej-gomoseksualnosti\/","title":{"rendered":"Der ehemalige Star der Reality-Show \u00abVanderpump Rules\u00bb hat offen \u00fcber ihre Homosexualit\u00e4t gesprochen."},"content":{"rendered":"<p>Ehemaliger Reality-Show-Teilnehmer <strong>\u00ab&quot;Vanderpump Rules&quot;\u00bb<\/strong> Dana Katan teilte ihre Coming-out-Geschichte. Sie feierte den Pride Month, indem sie ihre lesbische Orientierung in den sozialen Medien \u00f6ffentlich machte. W\u00e4hrend der Dreharbeiten zu \u00abVanderpump Rules\u00bb outete sich Katan als bisexuell. Nun spricht sie \u00fcber die Gr\u00fcnde f\u00fcr ihr \u00f6ffentliches Coming-out.<\/p>\n<h2> Dayna Katan hat sich zu ihrer sexuellen Orientierung ge\u00e4u\u00dfert, nachdem ihr Beitrag zum Pride Month viral gegangen war.<\/h2>\n<figure>\n<blockquote><p> @disrespectfullypod<\/p>\n<p> Baby, wurde sie so geboren?\ufe0f\u200d? @daynakathan @Katie Maloney<\/p>\n<p> \u266c Originalton - respektlos<\/p><\/blockquote>\n<\/figure>\n<p> Dayna, eine Kandidatin der achten Staffel der beliebten Reality-Show, verlie\u00df die Sendung nach nur einer Staffel. Aktuell moderiert sie einen Podcast mit ihrer Freundin und ehemaligen VPR-Kollegin Katie Maloney. In der Folge \u201eDisrespectfully\u201c sprach Dayna \u00fcber ihren Social-Media-Post.<\/p>\n<p> \u00abFalls du es noch nicht mitbekommen hast \u2013 dein Algorithmus ist da vielleicht nicht gerade aufgeschlossen \u2013, ich habe mich Anfang des Monats als lesbisch geoutet\u00bb, erkl\u00e4rte Dayna. \u00abIch habe schon l\u00e4nger privat dar\u00fcber gesprochen. Wir haben auf jeden Fall viel dar\u00fcber geredet\u00bb, sagte Dayna zu Katie.<\/p>\n<p> Sie fuhr fort: \u00abIch habe mich 2019 w\u00e4hrend der Dreharbeiten zu Vanderpump Rules, also w\u00e4hrend des Pride Month, geoutet, und obwohl ich mich damals schon geoutet habe, f\u00fchlte ich mich noch nicht ganz wohl und war noch dabei, das herauszufinden\u2026\u00ab Dayna erkl\u00e4rte dann, dass sie anfing, den Begriff \u00bbqueer\u00bb offen zu verwenden, als sich \u00abBisexualit\u00e4t einfach nicht richtig f\u00fcr mich anf\u00fchlte\u00bb.<\/p>\n<p> Die ehemalige Reality-TV-Darstellerin von \u00abPump Rules\u00bb erkl\u00e4rte: \u00abIch wusste eigentlich, dass ich lesbisch bin, aber ich hatte Angst, mich \u00f6ffentlich zu outen, und ich denke, daf\u00fcr gab es viele Gr\u00fcnde. Ich h\u00e4tte nicht gedacht, dass ich mich anders f\u00fchlen w\u00fcrde, wenn ich es \u00f6ffentlich mache, aber ich f\u00fchle mich anders \u2013 und zwar im positiven Sinne.\u00bb Dayna f\u00fcgte hinzu, dass es ihr ein \u00abunglaubliches und selbstbewusstes Gef\u00fchl\u00bb gebe, ihre Wahrheit zu teilen.<\/p>\n<p> Sie beendete den Beitrag auch mit einer positiven Botschaft. \u00abWenn du dich noch nicht wohl dabei f\u00fchlst, du selbst zu sein, und es gerne w\u00fcnschst\u00bb, sagte Dayna, \u201edann wirst du gesehen, und es wird geschehen, wenn die Zeit reif ist.\u201c.<\/p>\n<p> Vanderpump Rules kann man auf Peacock sehen.<\/p>\n<p> <strong>SAGT UNS \u2013 WAS DENKT IHR \u00dcBER DAYNAS WEG? WIRD IHRE POSITIVE BOTSCHAFT DIE FANS INSPIRIEREN?<\/strong><\/p>","protected":false},"excerpt":{"rendered":"<p>Eine ehemalige Teilnehmerin der Reality-Show \u00abVanderpump Rules\u00bb teilte ihre Coming-out-Geschichte. Dana Katan feierte den Pride Month, indem sie ihre lesbische Orientierung in den sozialen Medien bekannt gab. W\u00e4hrend der Dreharbeiten\u2026<\/p>","protected":false},"author":1,"featured_media":19457,"comment_status":"open","ping_status":"closed","sticky":false,"template":"","format":"standard","meta":{"footnotes":""},"categories":[5],"tags":[],"class_list":["post-19456","post","type-post","status-publish","format-standard","has-post-thumbnail","hentry","category-selebriti","hvn-theme-has-thumbnail"],"_links":{"self":[{"href":"https:\/\/imgist.ru\/de\/wp-json\/wp\/v2\/posts\/19456","targetHints":{"allow":["GET"]}}],"collection":[{"href":"https:\/\/imgist.ru\/de\/wp-json\/wp\/v2\/posts"}],"about":[{"href":"https:\/\/imgist.ru\/de\/wp-json\/wp\/v2\/types\/post"}],"author":[{"embeddable":true,"href":"https:\/\/imgist.ru\/de\/wp-json\/wp\/v2\/users\/1"}],"replies":[{"embeddable":true,"href":"https:\/\/imgist.ru\/de\/wp-json\/wp\/v2\/comments?post=19456"}],"version-history":[{"count":0,"href":"https:\/\/imgist.ru\/de\/wp-json\/wp\/v2\/posts\/19456\/revisions"}],"wp:featuredmedia":[{"embeddable":true,"href":"https:\/\/imgist.ru\/de\/wp-json\/wp\/v2\/media\/19457"}],"wp:attachment":[{"href":"https:\/\/imgist.ru\/de\/wp-json\/wp\/v2\/media?parent=19456"}],"wp:term":[{"taxonomy":"category","embeddable":true,"href":"https:\/\/imgist.ru\/de\/wp-json\/wp\/v2\/categories?post=19456"},{"taxonomy":"post_tag","embeddable":true,"href":"https:\/\/imgist.ru\/de\/wp-json\/wp\/v2\/tags?post=19456"}],"curies":[{"name":"wp","href":"https:\/\/api.w.org\/{rel}","templated":true}]}}