{"id":1979,"date":"2026-05-30T14:27:52","date_gmt":"2026-05-30T11:27:52","guid":{"rendered":"https:\/\/imgist.ru\/italiya-zapretila-konczerty-kane-uesta-i-trevisa-skotta-iz-za-opasenij-po-povodu-bezopasnosti\/"},"modified":"2026-05-30T14:27:52","modified_gmt":"2026-05-30T11:27:52","slug":"italien-hat-konzerte-mit-cane-west-und-treviso-scott-aus-sicherheitsgrunden-verboten","status":"publish","type":"post","link":"https:\/\/imgist.ru\/de\/italiya-zapretila-konczerty-kane-uesta-i-trevisa-skotta-iz-za-opasenij-po-povodu-bezopasnosti\/","title":{"rendered":"Italien hat Konzerte von Kanye West und Travis Scott aus Sicherheitsgr\u00fcnden verboten."},"content":{"rendered":"<p>ROM, 30. Mai (Reuters) \u2013 Italien hat zwei Konzerte der amerikanischen Rapper Kanye West und Travis Scott verboten, die im Juli in der norditalienischen Stadt Reggio Emilia stattfinden sollten, teilten die Beh\u00f6rden am Samstag mit.<\/p>\n<p> Der \u00f6rtliche Pr\u00e4fekt Salvatore Angieri ordnete die Absage der Veranstaltung aufgrund von Bedenken hinsichtlich der \u00f6ffentlichen Ordnung und Sicherheit, einschlie\u00dflich der M\u00f6glichkeit von Protesten, an.<\/p>\n<p> West, auch bekannt als Ye, sah sich diesen Sommer in ganz Europa mit einer Welle von Konzertabsagen konfrontiert, nachdem er jahrelang antisemitische \u00c4u\u00dferungen get\u00e4tigt hatte, darunter Aussagen, in denen er Adolf Hitler lobte und Inhalte mit Nazi-Symbolen ver\u00f6ffentlichte. <\/p>\n<p> Die Sicherheitsvorkehrungen bei Scotts Konzerten stehen derweil seit 2021 in der Kritik, als bei einer Massenpanik auf dem Astroworld-Festival in Houston 10 Menschen get\u00f6tet und Hunderte verletzt wurden.<\/p>\n<p> Scott sollte am 17. Juli beim Pulse of Gaia Festival in der RCF Arena mit einer Kapazit\u00e4t von 103.000 Zuschauern auftreten, Ye sollte am darauffolgenden Tag auftreten.<\/p>\n<p> Anghieri sagte, die Entscheidung sei nach Appellen der Verbraucherorganisation CODACONS und der j\u00fcdischen Gemeinde von Modena und Reggio Emilia getroffen worden, die besondere Besorgnis \u00fcber das Unternehmen Ye zum Ausdruck brachten.<\/p>\n<p> Die Beh\u00f6rden nannten den zeitlichen Abstand der beiden Konzerte und den erwarteten gro\u00dfen Menschenandrang innerhalb von 24 Stunden als Gr\u00fcnde f\u00fcr das Verbot. Sie verwiesen au\u00dferdem auf die Absage weiterer Konzerte von Ye in Europa und das \u00abreale Risiko\u00bb von Protesten. <\/p>\n<p> Im April verweigerte Gro\u00dfbritannien Ye die Einreise mit der Begr\u00fcndung, seine Anwesenheit trage nicht zum Gemeinwohl bei. Sp\u00e4ter im selben Monat verschob er ein Konzert in Marseille, nachdem Berichte \u00fcber Versuche der franz\u00f6sischen Regierung, es zu verhindern, bekannt geworden waren. Auch Konzerte in Polen und der Schweiz wurden abgesagt.<\/p>\n<p> Ye, der sich f\u00fcr seine fr\u00fcheren \u00c4u\u00dferungen entschuldigte und erkl\u00e4rte, diese st\u00fcnden im Zusammenhang mit seiner unbehandelten bipolaren St\u00f6rung, tritt weiterhin in L\u00e4ndern auf, die ihn herzlich willkommen gehei\u00dfen haben, und wird am Samstag in Istanbul auftreten.<\/p>\n<p> Er plant au\u00dferdem, n\u00e4chsten Monat Konzerte in den Niederlanden zu geben, nachdem der niederl\u00e4ndischen Migrationsminister erkl\u00e4rt hatte, es gebe keine rechtliche Grundlage, ihm die Einreise zu verweigern.<\/p>\n<p> Ye, Scott und die Organisatoren der Veranstaltung in Italien haben sich bisher nicht dazu ge\u00e4u\u00dfert.<\/p>\n<p> (Berichterstattung: Crispian Bulmer; Redaktion: Andrew Cawthorne)<\/p>","protected":false},"excerpt":{"rendered":"<p>ROM, 30. Mai (Reuters) \u2013 Italien hat zwei Konzerte der US-amerikanischen Rapper Kanye West und Travis Scott verboten, die im Juli stattfinden sollten\u2026<\/p>","protected":false},"author":1,"featured_media":1980,"comment_status":"open","ping_status":"closed","sticky":false,"template":"","format":"standard","meta":{"footnotes":""},"categories":[7],"tags":[],"class_list":["post-1979","post","type-post","status-publish","format-standard","has-post-thumbnail","hentry","category-muzyka","hvn-theme-has-thumbnail"],"_links":{"self":[{"href":"https:\/\/imgist.ru\/de\/wp-json\/wp\/v2\/posts\/1979","targetHints":{"allow":["GET"]}}],"collection":[{"href":"https:\/\/imgist.ru\/de\/wp-json\/wp\/v2\/posts"}],"about":[{"href":"https:\/\/imgist.ru\/de\/wp-json\/wp\/v2\/types\/post"}],"author":[{"embeddable":true,"href":"https:\/\/imgist.ru\/de\/wp-json\/wp\/v2\/users\/1"}],"replies":[{"embeddable":true,"href":"https:\/\/imgist.ru\/de\/wp-json\/wp\/v2\/comments?post=1979"}],"version-history":[{"count":0,"href":"https:\/\/imgist.ru\/de\/wp-json\/wp\/v2\/posts\/1979\/revisions"}],"wp:featuredmedia":[{"embeddable":true,"href":"https:\/\/imgist.ru\/de\/wp-json\/wp\/v2\/media\/1980"}],"wp:attachment":[{"href":"https:\/\/imgist.ru\/de\/wp-json\/wp\/v2\/media?parent=1979"}],"wp:term":[{"taxonomy":"category","embeddable":true,"href":"https:\/\/imgist.ru\/de\/wp-json\/wp\/v2\/categories?post=1979"},{"taxonomy":"post_tag","embeddable":true,"href":"https:\/\/imgist.ru\/de\/wp-json\/wp\/v2\/tags?post=1979"}],"curies":[{"name":"wp","href":"https:\/\/api.w.org\/{rel}","templated":true}]}}