{"id":20446,"date":"2026-08-12T22:09:19","date_gmt":"2026-08-12T19:09:19","guid":{"rendered":"https:\/\/imgist.ru\/zoi-saldana-osudila-vozmutitelnye-dvojnye-standarty-v-otnoshenii-politicheskih-voprosov-na-press-konferencziyah\/"},"modified":"2026-08-29T12:22:07","modified_gmt":"2026-08-29T09:22:07","slug":"zoe-saldana-prangerte-auf-pressekonferenzen-die-ungeheuerlichen-doppelstandards-in-bezug-auf-politische-fragen-an","status":"publish","type":"post","link":"https:\/\/imgist.ru\/de\/zoi-saldana-osudila-vozmutitelnye-dvojnye-standarty-v-otnoshenii-politicheskih-voprosov-na-press-konferencziyah\/","title":{"rendered":"Zoe Saldana hat die ihrer Meinung nach bei Pressekonferenzen beobachteten \u00abemp\u00f6renden\u00bb Doppelstandards in politischen Fragen verurteilt."},"content":{"rendered":"<p><strong>Zoe Saldanha<\/strong> Sie nutzte einen k\u00fcrzlichen Auftritt in der Branche, um auf ein Ungleichgewicht hinzuweisen, das sich ihrer Meinung nach immer wieder bei Presseterminen und Podiumsdiskussionen bemerkbar mache.<\/p>\n<p> Die 48-j\u00e4hrige Schauspielerin sprach das Thema am Dienstag, den 11. August, im Rahmen eines Gespr\u00e4chs beim Filmfestival von Locarno an, wo sie vom Festivaldirektor den besonderen Ehrenpreis \u00abPardo\u00bb (oder \u00abGoldener Leopard\u00bb) erhielt. <strong>Giona Nazzaro<\/strong> .<\/p>\n<p> Star der Serie <em>\u00ab&quot;L\u00f6win&quot;\u00bb<\/em> Salda\u00f1a erkl\u00e4rte, dass sie zwar gerne an Fragerunden teilnehme, um \u00fcber die Schauspielerei zu sprechen, ihr aber stattdessen oft Fragen zu Politik und Diversit\u00e4t gestellt w\u00fcrden. Als Beispiel nannte sie die h\u00e4ufig gestellte Frage: \u00abWas m\u00fcssen wir Ihrer Meinung nach tun, um Filme inklusiver zu gestalten?\u00bb<\/p>\n<p> \u00abTut mir leid, aber Sie fragen nicht die eine Person aus einer marginalisierten Gemeinschaft\u00bb, sagte Salda\u00f1a. \u201eSie fragen die anderen 80 Personen, die Teil des Zugangskontrollteams sind, ob sie die Antwort kennen, denn ich glaube, wir machen es farbigen Menschen doppelt so schwer, in den Raum zu gelangen.\u201c.<\/p>\n<p> Sie fuhr fort: \u00abWas unglaublich einschr\u00e4nkend und frustrierend ist, ist, wenn ich die einzige farbige Frau oder die einzige Frau auf der B\u00fchne bin, und das passiert ziemlich oft bei Frauen und farbigen Menschen.\u00bb.<\/p>\n<figure><figcaption>\n<p> Locarno Filmfestival\/YouTube<\/p>\n<\/figcaption><\/figure>\n<p> Dies ist nicht das erste Mal, dass die Schauspielerin <em>aus Guardians of the Galaxy\u00ab<\/em> ber\u00fchrt das Thema der ungleichen Selbstbeachtung. Laut Daten <em>Vielfalt<\/em> , danach <em>Emilia Perez<\/em> Als sie 2025 den Oscar als beste Nebendarstellerin gewann, fragte ein Journalist im Presseraum sie, wie die Darstellung Mexikos in dem Film \u00abf\u00fcr uns Mexikaner sehr beleidigend\u00bb sei.<\/p>\n<p> \u00abZun\u00e4chst einmal tut es mir sehr, sehr leid, dass sich so viele Mexikaner beleidigt f\u00fchlten\u00bb, antwortete Salda\u00f1a, die laut Bericht dominikanischer und puerto-ricanischer Abstammung ist. \u00abDas war nie unsere Absicht. Wir haben aus Liebe gesprochen. Ich teile Ihre Meinung nicht. F\u00fcr mich stand Mexiko nicht im Mittelpunkt dieses Films. Wir haben einen Film \u00fcber Freundschaft gedreht. Wir haben einen Film \u00fcber vier Frauen gedreht.\u00bb.<\/p>\n<figure><figcaption>\n<p> Locarno Filmfestival\/YouTube<\/p>\n<\/figcaption><\/figure>\n<p> Sie fuhr fort: \u00abDiese Frauen h\u00e4tten Russinnen sein k\u00f6nnen, sie h\u00e4tten Dominikanerinnen sein k\u00f6nnen, sie h\u00e4tten Schwarze aus Detroit sein k\u00f6nnen, sie h\u00e4tten aus Israel kommen k\u00f6nnen, sie h\u00e4tten aus Gaza kommen k\u00f6nnen. Und doch sind diese Frauen universell, sie k\u00e4mpfen jeden Tag, versuchen, systemische Unterdr\u00fcckung zu \u00fcberleben und ihre authentischste Stimme zu finden. Deshalb stehe ich zu dieser Position, bin aber auch jederzeit offen f\u00fcr liebevolle und respektvolle Gespr\u00e4che mit all meinen mexikanischen Br\u00fcdern und Schwestern dar\u00fcber, wie diese Geschichte besser erz\u00e4hlt werden kann.\u201c <em>Emilia Perez<\/em> . \u00bbDas begr\u00fc\u00dfe ich.\u201c.<\/p>\n<p> Lesen Sie mehr dazu in InTouch Weekly.<\/p>\n<ul>\n<li>\n<p> Travis Kelsey beschrieb Taylor Swifts Hochzeit in f\u00fcnf Worten.<\/p>\n<\/li>\n<li>\n<p> Meghan Markle hat dar\u00fcber gesprochen, wie ihre Tochter, Prinzessin Lilibet, sie inspiriert.<\/p>\n<\/li>\n<li>\n<p> Paris Jackson hat \u00fcber ihren fr\u00fcheren Heroinkonsum gesprochen: \u00abIch bin s\u00fcchtig.\u00bb.<\/p>\n<\/li>\n<\/ul>\n<p> Der Artikel \u00abZoe Saldana kritisiert auf Pressekonferenzen \u00abemp\u00f6rende\u00bb Doppelstandards in politischen Angelegenheiten\u00bb erschien zuerst auf der Website <em>InTouch Weekly<\/em> . Abonnieren <strong>InTouch Weekly<\/strong> \u0432 <strong>Yahoo<\/strong> , damit Sie die n\u00e4chsten Ver\u00f6ffentlichungen nicht verpassen.<\/p>","protected":false},"excerpt":{"rendered":"<p>Zoe Saldanha nutzte einen k\u00fcrzlichen Branchenauftritt, um auf ein Ungleichgewicht hinzuweisen, das ihrer Meinung nach bei Presseterminen und Podiumsdiskussionen immer wieder auftritt. Die 48-J\u00e4hrige\u2026<\/p>","protected":false},"author":1,"featured_media":0,"comment_status":"open","ping_status":"closed","sticky":false,"template":"","format":"standard","meta":{"footnotes":""},"categories":[5],"tags":[],"class_list":["post-20446","post","type-post","status-publish","format-standard","hentry","category-selebriti"],"_links":{"self":[{"href":"https:\/\/imgist.ru\/de\/wp-json\/wp\/v2\/posts\/20446","targetHints":{"allow":["GET"]}}],"collection":[{"href":"https:\/\/imgist.ru\/de\/wp-json\/wp\/v2\/posts"}],"about":[{"href":"https:\/\/imgist.ru\/de\/wp-json\/wp\/v2\/types\/post"}],"author":[{"embeddable":true,"href":"https:\/\/imgist.ru\/de\/wp-json\/wp\/v2\/users\/1"}],"replies":[{"embeddable":true,"href":"https:\/\/imgist.ru\/de\/wp-json\/wp\/v2\/comments?post=20446"}],"version-history":[{"count":2,"href":"https:\/\/imgist.ru\/de\/wp-json\/wp\/v2\/posts\/20446\/revisions"}],"predecessor-version":[{"id":161976,"href":"https:\/\/imgist.ru\/de\/wp-json\/wp\/v2\/posts\/20446\/revisions\/161976"}],"wp:attachment":[{"href":"https:\/\/imgist.ru\/de\/wp-json\/wp\/v2\/media?parent=20446"}],"wp:term":[{"taxonomy":"category","embeddable":true,"href":"https:\/\/imgist.ru\/de\/wp-json\/wp\/v2\/categories?post=20446"},{"taxonomy":"post_tag","embeddable":true,"href":"https:\/\/imgist.ru\/de\/wp-json\/wp\/v2\/tags?post=20446"}],"curies":[{"name":"wp","href":"https:\/\/api.w.org\/{rel}","templated":true}]}}