{"id":2133,"date":"2026-05-30T18:13:47","date_gmt":"2026-05-30T15:13:47","guid":{"rendered":"https:\/\/imgist.ru\/harper-bekhem-vyglyadit-kak-nikogda-svetlovolosoj-blistaya-sergami-chanel-vo-vremya-roskoshnoj-semejnoj-progulki-na-yahte\/"},"modified":"2026-08-29T11:16:04","modified_gmt":"2026-08-29T08:16:04","slug":"harper-beckham-sieht-so-schon-aus-wie-nie-zuvor-und-prasentiert-sich-in-einem-luxuriosen-familien-yachtausflug-in-chanel","status":"publish","type":"post","link":"https:\/\/imgist.ru\/de\/harper-bekhem-vyglyadit-kak-nikogda-svetlovolosoj-blistaya-sergami-chanel-vo-vremya-roskoshnoj-semejnoj-progulki-na-yahte\/","title":{"rendered":"Harper Beckham sieht blonder denn je aus, als sie w\u00e4hrend eines luxuri\u00f6sen Familienausflugs auf einer Yacht ihre Chanel-Ohrringe pr\u00e4sentiert."},"content":{"rendered":"<p>Harper Beckham entfloh der britischen Hitzewelle und unternahm mit ihren prominenten Eltern und ihrem Bruder Romeo einen luxuri\u00f6sen Yachtausflug \u2013 und wer k\u00f6nnte es ihr verdenken?<\/p>\n<p> Doch w\u00e4hrend die weitl\u00e4ufigen Meereslandschaften der Beckhams auf ihrer Sommerreise entlang der K\u00fcste Ibizas sicherlich ein beneidenswertes Highlight in Victoria Beckhams \u00abReisefotosammlung\u00bb waren, konnten wir nicht umhin, Harpers gl\u00e4nzendes blondes Haar und ihre Designer-Ohrringe zu bemerken. .<\/p>\n<p> Auf einem spontanen Foto an Bord der Superyacht der Beckhams strahlte Harper, eingeh\u00fcllt in eine dunkelgr\u00fcne Decke. Ihr langes blondes Haar schien die Sonnenstrahlen einzufangen; die 14-J\u00e4hrige hatte noch nie so hell ausgesehen. <\/p>\n<p> Auf dem Urlaubsfoto sah Harper sehr blond aus.<\/p>\n<p> Das M\u00e4dchen trug Chanel-Ohrstecker, besetzt mit Diamanten, die in den Strahlen der spanischen Sonne hell funkelten. <\/p>\n<p> \u00abDie beste Zeit \u00fcberhaupt xx\u00bb, antwortete Harper in den Kommentaren, worauf Victoria Beckham antwortete: \u00ab@harperbeckham Ich liebe dich!!!\u00bb und mehrere rote Herz-Emojis hinzuf\u00fcgte.<\/p>\n<p> Die treuen Fans des Modemoguls waren begeistert von dem Update, das auch Aufnahmen von David und Victoria vor dem Hintergrund eines Sonnenuntergangs sowie von David und Romeo beim Sonnenbaden enthielt.<\/p>\n<p> \u00abWundersch\u00f6ne Harper!\u00bb, kommentierte ein Follower. Ein anderer f\u00fcgte hinzu: \u00abHaltet die Familie zusammen, Erinnerungen sind alles!!!\u00bb Sogar Davids Mutter Sandra meldete sich zu Wort und antwortete mit einer Flut roter Herz-Emojis.<\/p>\n<h2> Flei\u00dfiger Harper<\/h2>\n<p> Die Reise war eine dringend ben\u00f6tigte Auszeit f\u00fcr Harper, die sich derzeit auf ihre GCSE-Pr\u00fcfungen vorbereitet. <\/p>\n<p> Vi Bi sprach \u00fcber ihre flei\u00dfige Tochter, die angeblich plant, in naher Zukunft eine Kosmetikmarke auf den Markt zu bringen, die sich an die Generationen Z und Alpha richtet und von s\u00fcdkoreanischen Kosmetika inspiriert ist. <\/p>\n<p> Harper ist begeistert von Hautpflege (Instagram).<\/p>\n<p> Victoria sagte im Style-Podcast der Sunday Times: \u00abSie ist sehr leidenschaftlich bei dem, was sie tut, und hat ihre eigene Sichtweise, aber im Moment studiert und arbeitet sie wirklich sehr, sehr hart. Wir werden sehen, was als N\u00e4chstes passiert\u00bb, sagte die Designerin.<\/p>\n<p> \u00abSie liebt Make-up und Hautpflege. Sie hatte einige ernsthafte Hautprobleme, aber eines bleibt konstant: Kleine M\u00e4dchen lieben Shopping. Harper liebt es, einzukaufen und Make-up zu kaufen, und es ist ein so sch\u00f6nes Gef\u00fchl, wenn wir das zusammen tun k\u00f6nnen.\u00bb.<\/p>\n<h3> Das k\u00f6nnte Ihnen auch gefallen <\/h3>\n<ol>\n<li>\n<h3> Wie Harper Beckham habe auch ich blondes Haar im Alter von 14 Jahren zu einem festen Bestandteil meiner Identit\u00e4t gemacht.<\/h3>\n<\/li>\n<li>\n<h3> Harper Beckham sieht auf einem bisher unver\u00f6ffentlichten Foto mit ihrem Vater David bei ihrer Hochzeit in Brooklyn umwerfend aus.<\/h3>\n<\/li>\n<\/ol>\n<p> \u00abEs war Harpers Idee, aber sie findet es wirklich toll und wir k\u00f6nnen es gemeinsam genie\u00dfen, obwohl sie sich momentan auf ihre GCSE-Pr\u00fcfungen konzentriert.\u00bb.<\/p>","protected":false},"excerpt":{"rendered":"<p>Harper Beckham entfloh der britischen Hitze und unternahm mit ihren prominenten Eltern und ihrem Bruder Romeo einen luxuri\u00f6sen Yachturlaub \u2013 und wer k\u00f6nnte es ihr verdenken?<\/p>","protected":false},"author":1,"featured_media":2134,"comment_status":"open","ping_status":"closed","sticky":false,"template":"","format":"standard","meta":{"footnotes":""},"categories":[5],"tags":[],"class_list":["post-2133","post","type-post","status-publish","format-standard","has-post-thumbnail","hentry","category-selebriti","hvn-theme-has-thumbnail"],"_links":{"self":[{"href":"https:\/\/imgist.ru\/de\/wp-json\/wp\/v2\/posts\/2133","targetHints":{"allow":["GET"]}}],"collection":[{"href":"https:\/\/imgist.ru\/de\/wp-json\/wp\/v2\/posts"}],"about":[{"href":"https:\/\/imgist.ru\/de\/wp-json\/wp\/v2\/types\/post"}],"author":[{"embeddable":true,"href":"https:\/\/imgist.ru\/de\/wp-json\/wp\/v2\/users\/1"}],"replies":[{"embeddable":true,"href":"https:\/\/imgist.ru\/de\/wp-json\/wp\/v2\/comments?post=2133"}],"version-history":[{"count":2,"href":"https:\/\/imgist.ru\/de\/wp-json\/wp\/v2\/posts\/2133\/revisions"}],"predecessor-version":[{"id":145049,"href":"https:\/\/imgist.ru\/de\/wp-json\/wp\/v2\/posts\/2133\/revisions\/145049"}],"wp:featuredmedia":[{"embeddable":true,"href":"https:\/\/imgist.ru\/de\/wp-json\/wp\/v2\/media\/2134"}],"wp:attachment":[{"href":"https:\/\/imgist.ru\/de\/wp-json\/wp\/v2\/media?parent=2133"}],"wp:term":[{"taxonomy":"category","embeddable":true,"href":"https:\/\/imgist.ru\/de\/wp-json\/wp\/v2\/categories?post=2133"},{"taxonomy":"post_tag","embeddable":true,"href":"https:\/\/imgist.ru\/de\/wp-json\/wp\/v2\/tags?post=2133"}],"curies":[{"name":"wp","href":"https:\/\/api.w.org\/{rel}","templated":true}]}}