{"id":2196,"date":"2026-05-30T18:27:35","date_gmt":"2026-05-30T15:27:35","guid":{"rendered":"https:\/\/imgist.ru\/vanilla-ajs-zashhishhaet-svoe-vystuplenie-na-konczerte-trampa-freedom-250-posle-togo-kak-drugie-artisty-otkazalis-ot-uchastiya\/"},"modified":"2026-08-29T11:18:19","modified_gmt":"2026-08-29T08:18:19","slug":"vanilla-ajs-hat-seinen-auftritt-beim-trampa-freedom-250-konzert-abgesagt-nachdem-andere-kunstler-ihre-teilnahme-zuruckgezogen-hatten","status":"publish","type":"post","link":"https:\/\/imgist.ru\/de\/vanilla-ajs-zashhishhaet-svoe-vystuplenie-na-konczerte-trampa-freedom-250-posle-togo-kak-drugie-artisty-otkazalis-ot-uchastiya\/","title":{"rendered":"Vanilla Ice verteidigt ihren Auftritt bei Trumps Freedom 250-Konzert, nachdem andere K\u00fcnstler abgesagt hatten."},"content":{"rendered":"<p>Vanilla Ice zeigte sich begeistert von seinem Auftritt auf der Great American State Fair, nachdem mehrere K\u00fcnstler abgesagt hatten.<\/p>\n<p> Das von Freedom 250, einer von Pr\u00e4sident Donald Trump ins Leben gerufenen \u00f6ffentlich-privaten Partnerschaft, organisierte amerikanische Flaggenfest ist Teil der landesweiten Feierlichkeiten zum 250. Jahrestag der Unabh\u00e4ngigkeitserkl\u00e4rung. Kurz nach der Ank\u00fcndigung der Veranstaltung in Washington vergangene Woche sagten jedoch zahlreiche S\u00e4nger ihre geplanten Auftritte ab, darunter Bret Michaels, Martina McBride, The Commodores, Young MC und Morris Day.<\/p>\n<p> Vanilla Ice hingegen freut sich schon sehr auf ihren bevorstehenden Auftritt im n\u00e4chsten Monat. In einem Interview am Freitag sagte sie: <em>TMZ<\/em> Er erkl\u00e4rte, er habe nicht die Absicht, sich in die politische Kontroverse um das Konzert hineinziehen zu lassen. <\/p>\n<p> \u00abIch bin hier, um mit Amerika zu feiern, Mann. Musik soll Menschen zusammenbringen, und genau deshalb sind wir hier. Und wir werden einfach die 90er repr\u00e4sentieren\u00bb, sagte der S\u00e4nger des Hits \u00abIce Ice Baby\u00bb.<\/p>\n<p> Der 58-j\u00e4hrige S\u00e4nger, der mit b\u00fcrgerlichem Namen Robert Van Winkle hei\u00dft, sagte, er trete bei der Show auf, um den Jahrestag der amerikanischen Unabh\u00e4ngigkeit zu feiern, nicht um \u00fcber Politik zu diskutieren. . <\/p>\n<p> Vanilla Ice sagte, es sei ihm eine Ehre gewesen, bei Trumps Konzert zum 250. Jahrestag der Unabh\u00e4ngigkeit aufzutreten (Getty).<\/p>\n<p> \u00abIch gehe ja nicht mal w\u00e4hlen, also ist es mir egal. Und wenn Biden anrufen und sagen w\u00fcrde: \u201eMeine Tochter heiratet, wir brauchen Vanilla Ice\u201c, w\u00fcrde ich spielen gehen. Es ist wirklich egal\u00bb, fuhr er fort. \u201eMan spielt f\u00fcr seine Fans. Wir k\u00f6nnen uns unsere Fans nicht aussuchen; sie suchen uns aus.\u201c.<\/p>\n<p> \u00abIch spiele f\u00fcr Putin und auch im Iran, wenn ihr wollt. Ist doch egal. Fans gibt es \u00fcberall. Musik ist nicht politisch, Mann. Sie ist universell, sie verbindet einfach die Menschen.\u00bb. <\/p>\n<p> Er reagierte auf die Entscheidung anderer K\u00fcnstler, die Teilnahme an einer Veranstaltung der Trump-Regierung abzulehnen. \u00abNehmt das nicht so ernst. Wir sind doch nur K\u00fcnstler\u00bb, fuhr er fort. \u201eIch finde, niemand sollte das so ernst nehmen, auch sie nicht. Ich finde, jeder sollte einfach hingehen und tanzen. Es ist doch nur Musik, was soll der ganze Aufruhr?\u201c<\/p>\n<p> Am Donnerstag \u00e4u\u00dferte sich Vanilla Ice auf Instagram \u00e4hnlich \u00fcber das Konzert. \u00abEs geht darum, die guten alten Zeiten von vor 250 Jahren zu genie\u00dfen, Mann. Von George Washington bis heute, jeder Pr\u00e4sident und alle dazwischen\u00bb, sagte er.<\/p>\n<p> In der Bildunterschrift f\u00fcgte er hinzu: \u00abDas wird eine riesige Party. Sie soll uns alle zusammenbringen. Ich habe es satt, dass die Nachrichtensender dieses Land spalten. Wir sind alle vereint. Dies ist keine politische Veranstaltung. Dies ist eine Feier zum Geburtstag Amerikas.\u00bb. <\/p>\n<p> Vanilla Ice k\u00fcndigt trotz Kontroversen eine \u00abepische Party\u00bb f\u00fcr Freedom 250 an (@vanillaiceofficial \/ Instagram)<\/p>\n<p> Mindestens sechs der angek\u00fcndigten K\u00fcnstler haben abgesagt. \u00abIch habe meinen Agenten mitgeteilt, dass ich nicht bei Freedom 250 auftreten werde\u00bb, schrieb Rapper Young MC, bekannt f\u00fcr seinen Hit \u00abBust a Move\u00bb aus dem Jahr 1989, auf Instagram. <\/p>\n<p> \u00abDie K\u00fcnstler wurden nie \u00fcber irgendwelche politischen Implikationen der Veranstaltung informiert\u00bb, schrieb er. \u00abUnd trotz der Behauptungen der Organisatoren, die Veranstaltung sei unparteiisch, berichtete das Magazin \u2026\u201c <em>DREHEN<\/em> beschreibt es als eine von Trump unterst\u00fctzte Veranstaltung\u2026 Ich hoffe, in naher Zukunft in Washington bei einer Veranstaltung zu sprechen, die nicht so stark politisch gepr\u00e4gt sein wird.\u00bb.<\/p>\n<p> Morris Day, Leads\u00e4nger der mit Prince verbundenen Band The Time, gab ebenfalls seinen R\u00fcckzug bekannt. \u00abEntgegen anderslautenden Ger\u00fcchten werden Morris Day und The Time nicht auf der Great American State Fair auftreten\u00bb, schrieb er auf Instagram. \u00abDas ist f\u00fcr mich inakzeptabel.\u00bb.<\/p>\n<p> Die Messe, die vom 25. Juni bis 10. Juli auf der National Mall stattfinden soll, wird laut einer Erkl\u00e4rung von Keith Krach, CEO von Freedom 250, \u00abLive-Auftritte, interaktive Ausstellungen, patriotische Veranstaltungen, Innovationspr\u00e4sentationen, kulturelle Programme und familienfreundliche Unterhaltung vom US-Kapitol bis zum Washington Monument\u00bb bieten.<\/p>","protected":false},"excerpt":{"rendered":"<p>Vanilla Ice zeigte sich begeistert von seinem Auftritt auf der Great American State Fair, nachdem mehrere K\u00fcnstler abgesagt hatten. Das Festival ist der amerikanischen Flagge gewidmet\u2026<\/p>","protected":false},"author":1,"featured_media":2197,"comment_status":"open","ping_status":"closed","sticky":false,"template":"","format":"standard","meta":{"footnotes":""},"categories":[7],"tags":[],"class_list":["post-2196","post","type-post","status-publish","format-standard","has-post-thumbnail","hentry","category-muzyka","hvn-theme-has-thumbnail"],"_links":{"self":[{"href":"https:\/\/imgist.ru\/de\/wp-json\/wp\/v2\/posts\/2196","targetHints":{"allow":["GET"]}}],"collection":[{"href":"https:\/\/imgist.ru\/de\/wp-json\/wp\/v2\/posts"}],"about":[{"href":"https:\/\/imgist.ru\/de\/wp-json\/wp\/v2\/types\/post"}],"author":[{"embeddable":true,"href":"https:\/\/imgist.ru\/de\/wp-json\/wp\/v2\/users\/1"}],"replies":[{"embeddable":true,"href":"https:\/\/imgist.ru\/de\/wp-json\/wp\/v2\/comments?post=2196"}],"version-history":[{"count":2,"href":"https:\/\/imgist.ru\/de\/wp-json\/wp\/v2\/posts\/2196\/revisions"}],"predecessor-version":[{"id":145100,"href":"https:\/\/imgist.ru\/de\/wp-json\/wp\/v2\/posts\/2196\/revisions\/145100"}],"wp:featuredmedia":[{"embeddable":true,"href":"https:\/\/imgist.ru\/de\/wp-json\/wp\/v2\/media\/2197"}],"wp:attachment":[{"href":"https:\/\/imgist.ru\/de\/wp-json\/wp\/v2\/media?parent=2196"}],"wp:term":[{"taxonomy":"category","embeddable":true,"href":"https:\/\/imgist.ru\/de\/wp-json\/wp\/v2\/categories?post=2196"},{"taxonomy":"post_tag","embeddable":true,"href":"https:\/\/imgist.ru\/de\/wp-json\/wp\/v2\/tags?post=2196"}],"curies":[{"name":"wp","href":"https:\/\/api.w.org\/{rel}","templated":true}]}}