{"id":2216,"date":"2026-05-30T18:28:50","date_gmt":"2026-05-30T15:28:50","guid":{"rendered":"https:\/\/imgist.ru\/vanilla-ice-zashhishhaet-svoj-konczert-na-yarmarke-great-american-state-fair-i-zayavlyaet-kritikam-chto-v-muzyke-net-politicheskih-pravil\/"},"modified":"2026-08-29T11:18:19","modified_gmt":"2026-08-29T08:18:19","slug":"vanilla-ice-sagt-sein-konzert-auf-der-great-american-state-fair-ab-und-erklart-kritikern-dass-es-in-der-musik-keine-politischen-regeln-gebe","status":"publish","type":"post","link":"https:\/\/imgist.ru\/de\/vanilla-ice-zashhishhaet-svoj-konczert-na-yarmarke-great-american-state-fair-i-zayavlyaet-kritikam-chto-v-muzyke-net-politicheskih-pravil\/","title":{"rendered":"Vanilla Ice verteidigt sein Konzert auf der Great American State Fair und erkl\u00e4rt den Kritikern, dass es in der Musik \u00abkeine politischen Regeln\u00bb gebe."},"content":{"rendered":"<p>Vanilla Ice wird bei den Konzerten zum 250. Jahrestag der Freiheit auf der Great American State Fair die B\u00fchne rocken, w\u00e4hrend andere K\u00fcnstler absagen.<\/p>\n<p> In einem auf seinem Instagram-Account ver\u00f6ffentlichten Video sagte der 58-j\u00e4hrige Rapper, er sei begeistert und f\u00fchle sich geehrt, bei der Veranstaltung aufzutreten, und versprach, \u00abdie 90er Jahre zur\u00fcckzubringen\u00bb.<\/p>\n<p> \u00abDas Wichtigste ist, die wundervolle Zeit vor 250 Jahren zu genie\u00dfen. Von George Washington bis heute. Alle Pr\u00e4sidenten und alle dazwischen \u2013 dieses magische Ereignis wird einfach stattfinden\u00bb, sagte er in dem Video. \u00abEs ist ein sehr seltenes Ereignis. Ich f\u00fchle mich zutiefst geehrt. Es wird spektakul\u00e4r. Das ist alles. Wir nehmen nichts allzu ernst und lassen den Vibe der 90er wieder aufleben \u2013 so l\u00e4uft das eben.\u00bb. <\/p>\n<p> In der Bildunterschrift schrieb er, dass das Konzert \u00abeine riesige Party\u00bb sein werde, die organisiert werde, \u00abum uns alle zu vereinen\u00bb. <\/p>\n<p> Vanilla Ice f\u00fchlt sich geehrt, anl\u00e4sslich des 250. Jahrestages der amerikanischen Unabh\u00e4ngigkeit auf der Great American State Fair aufzutreten. (Bilder: Getty Images)<\/p>\n<p> <strong>Trump startet eine massive \u00abFreedom 250\u00bb-Kampagne zum 250. Jahrestag der USA.<\/strong><\/p>\n<p> \u00abWir sind alle vereint. Dies ist keine politische Veranstaltung. Wir feiern Amerikas Geburtstag\u00bb, schrieb er. \u201eNichts Ernstes, einfach nur Spa\u00df haben, tanzen und sch\u00f6ne Erinnerungen schaffen. Ich hoffe, ihr seid dabei.\u201c.<\/p>\n<p> <strong>Lesen Sie weiter in der Fox News App<\/strong><\/p>\n<p> Er sah sich gemischten Kommentaren von Fans ausgesetzt. Einige lobten ihn f\u00fcr seine Entscheidung, an der Show teilzunehmen, und schrieben: \u00abIch bin bei dir, Bruder!! Mach weiter so \ud83d\udd25\ud83d\udd25\u00bb, w\u00e4hrend andere seine Entscheidung als \u00abentt\u00e4uschend\u00bb bezeichneten, da sie die aktuelle Regierung von Pr\u00e4sident Donald Trump ablehnen. . <\/p>\n<p> Als Reaktion auf die negativen Kommentare antwortete Vanilla Ice mit einem eigenen Kommentar und sagte seinen Fans: \u00abWenn Joe Biden anruft und sagt: \u201eHey, ich m\u00f6chte, dass du auf der Hochzeit meiner Tochter spielst\u201c, dann werde ich das tun.\u00bb.<\/p>\n<p> \u00abFans gibt es \u00fcberall. In der Musik gelten keine politischen Regeln. Wir sind einfach K\u00fcnstler\u00bb, schrieb er. \u00abIch w\u00e4hle nicht und habe es nie getan, und ich versuche immer, Menschen zu vereinen. Wir sind alle eins. Positivit\u00e4t ist die beste Hoffnung f\u00fcr alles. Liebe ist die Antwort.\u00bb.<\/p>\n<p> <strong>Gef\u00e4llt Ihnen, was Sie lesen? Klicken Sie hier f\u00fcr weitere Unterhaltungsnachrichten.<\/strong> <\/p>\n<p> Vanilla Ice erkl\u00e4rte seinen Anh\u00e4ngern, dass in der Musik keine Politik zu finden sei.<\/p>\n<p> Die Great American State Fair ist eine landesweite Gro\u00dfveranstaltung, die auf der National Mall in Washington, D.C., vom Kapitol bis zum Washington Monument stattfindet. Die Veranstaltung l\u00e4uft vom 25. Juni bis zum 10. Juli 2026 im Rahmen der Feierlichkeiten zu \u201eAmerica 250\u201c. <\/p>\n<p> Die Organisatoren der Veranstaltung, Freedom 250, ver\u00f6ffentlichten am Mittwoch eine Liste der f\u00fcr das Konzert vorgesehenen K\u00fcnstler, doch viele haben inzwischen abgesagt, darunter Bret Michaels, Young MC, Morris Day and The Time und C+C Music Factory.<\/p>\n<p> Die Country-S\u00e4ngerin Martina McBride sagte ihre Teilnahme am Konzert ebenfalls ab und gab ihre Entscheidung in einer ausf\u00fchrlichen Erkl\u00e4rung auf der Website von X bekannt.<\/p>\n<p> In ihrer Stellungnahme schrieb sie, dass ihr \u00abdie Gelegenheit gegeben wurde, bei einer \u00fcberparteilichen Veranstaltung zu sprechen\u00bb und dass sie ver\u00e4rgert war, als sich die bevorstehende Rede \u00abals irref\u00fchrend herausstellte\u00bb. <\/p>\n<p> Am Donnerstag gab die Musikerin Martina McBride ihren R\u00fcckzug von der Veranstaltung bekannt.<\/p>\n<p> \u00abIch habe meine gesamte Karriere damit verbracht, Lieder \u00fcber echte Menschen mit echten Problemen zu singen. Ich hatte das Gl\u00fcck, denen eine Stimme zu geben, die sich hilflos f\u00fchlten\u00bb, f\u00fcgte McBride hinzu. \u00abEs macht mich unglaublich traurig, dass Fans, die von meiner Musik ber\u00fchrt wurden, nun den Eindruck gewinnen k\u00f6nnten, ich w\u00fcrde die Bedeutung dieser Lieder aufgeben.\u00bb. <\/p>\n<p> Der Country-Star sah sich nach der Ver\u00f6ffentlichung ihrer Stellungnahme heftiger Kritik in den sozialen Medien ausgesetzt.<\/p>\n<p> <strong>Klicken Sie hier, um unseren Unterhaltungsnewsletter zu abonnieren.<\/strong><\/p>\n<p> \u00abFeigling. Heute ist Amerikas 250. Jahrestag, das ist keine Politik. Gib niemals dem \u00abprogressiven\u00bb Mob nach. Du hast es gerade getan\u00bb, schrieb ein Nutzer auf X. <\/p>\n<p> McBrides Entscheidung, seine Teilnahme am Konzert abzusagen, l\u00f6ste online eine Welle der Kritik aus.<\/p>\n<p> \u00abWow. Du hast also Widerstand von Leuten erfahren, die noch NIE Fans von dir waren, und hast nachgegeben. Du bist nicht mutig. Du setzt dich f\u00fcr niemanden ein. Du bist ein Feigling. Sch\u00e4me dich, @martinamcbride\u00bb, schrieb ein anderer Nutzer.<\/p>\n<p> <strong>Klicken Sie hier, um die Fox News App herunterzuladen.<\/strong> <\/p>\n<\/p>\n<p> <em>Originalartikel:<\/em> Vanilla Ice verteidigt sein Konzert auf der Great American State Fair und erkl\u00e4rt den Kritikern, dass es in der Musik \u00abkeine politischen Regeln\u00bb gebe.<\/p>","protected":false},"excerpt":{"rendered":"<p>Vanilla Ice wird bei den Konzerten zum 250. Jahrestag der Freiheit auf der Great American State Fair auftreten, w\u00e4hrend andere K\u00fcnstler abgesagt haben.<\/p>","protected":false},"author":1,"featured_media":2217,"comment_status":"open","ping_status":"closed","sticky":false,"template":"","format":"standard","meta":{"footnotes":""},"categories":[7],"tags":[],"class_list":["post-2216","post","type-post","status-publish","format-standard","has-post-thumbnail","hentry","category-muzyka","hvn-theme-has-thumbnail"],"_links":{"self":[{"href":"https:\/\/imgist.ru\/de\/wp-json\/wp\/v2\/posts\/2216","targetHints":{"allow":["GET"]}}],"collection":[{"href":"https:\/\/imgist.ru\/de\/wp-json\/wp\/v2\/posts"}],"about":[{"href":"https:\/\/imgist.ru\/de\/wp-json\/wp\/v2\/types\/post"}],"author":[{"embeddable":true,"href":"https:\/\/imgist.ru\/de\/wp-json\/wp\/v2\/users\/1"}],"replies":[{"embeddable":true,"href":"https:\/\/imgist.ru\/de\/wp-json\/wp\/v2\/comments?post=2216"}],"version-history":[{"count":4,"href":"https:\/\/imgist.ru\/de\/wp-json\/wp\/v2\/posts\/2216\/revisions"}],"predecessor-version":[{"id":145114,"href":"https:\/\/imgist.ru\/de\/wp-json\/wp\/v2\/posts\/2216\/revisions\/145114"}],"wp:featuredmedia":[{"embeddable":true,"href":"https:\/\/imgist.ru\/de\/wp-json\/wp\/v2\/media\/2217"}],"wp:attachment":[{"href":"https:\/\/imgist.ru\/de\/wp-json\/wp\/v2\/media?parent=2216"}],"wp:term":[{"taxonomy":"category","embeddable":true,"href":"https:\/\/imgist.ru\/de\/wp-json\/wp\/v2\/categories?post=2216"},{"taxonomy":"post_tag","embeddable":true,"href":"https:\/\/imgist.ru\/de\/wp-json\/wp\/v2\/tags?post=2216"}],"curies":[{"name":"wp","href":"https:\/\/api.w.org\/{rel}","templated":true}]}}