{"id":2291,"date":"2026-05-30T20:22:17","date_gmt":"2026-05-30T17:22:17","guid":{"rendered":"http:\/\/imgist.ru\/serial-diddy-doc-ot-50-centa-vstupaet-v-kampaniyu-za-premiyu-emmi-posle-triumfalnogo-debyuta-na-netflix\/"},"modified":"2026-08-29T11:19:58","modified_gmt":"2026-08-29T08:19:58","slug":"50-cents-diddy-doc-geht-nach-seinem-triumphalen-netflix-debut-in-die-emmy-kampagne","status":"publish","type":"post","link":"https:\/\/imgist.ru\/de\/serial-diddy-doc-ot-50-centa-vstupaet-v-kampaniyu-za-premiyu-emmi-posle-triumfalnogo-debyuta-na-netflix\/","title":{"rendered":"50 Cents \"Diddy Doc\" geht nach einem triumphalen Deb\u00fct auf Netflix in die Emmy-Kampagne."},"content":{"rendered":"<p>50 Cents Netflix-Dokumentation \u00fcber Sean &quot;Diddy&quot; Combs wandelt sich von einer Kontroverse um den Streamingdienst zu einer Kampagne f\u00fcr die Emmy-Saison.<\/p>\n<p> vierteilige Dokumentarserie von Netflix <em>\u00ab&quot;Sean Combs: Abrechnung&quot;\u00bb<\/em> , Die von Curtis \u00ab50 Cent\u00bb Jackson produzierte und von Alexandria Stapleton inszenierte Serie erschien am 14. Mai auf der Shortlist der Television Academy Awards und r\u00fcckte damit Monate nach ihrem Netflix-Deb\u00fct im Dezember wieder in den Fokus der \u00d6ffentlichkeit.<\/p>\n<p> Diese Wendung der Ereignisse verleiht dem Dokumentarfilm ein zweites Leben, nachdem seine Ver\u00f6ffentlichung ein riesiges Publikum anzog, rechtlichen Widerstand von Combs&#039; Team ausl\u00f6ste und die langj\u00e4hrige \u00f6ffentliche Fehde zwischen 50 Cent und Combs erneut in den Fokus r\u00fcckte.<\/p>\n<h2> Die Netflix-Serie erreichte bereits in der Anfangsphase ein riesiges Publikum. <\/h2>\n<\/p>\n<p> Der Erfolg von \u00abSean Combs: The Reckoning\u00bb wurde durch einen starken Start auf Netflix befeuert. Deadline berichtete, dass in den ersten sechs Tagen <em>Sean Combs: Die Abrechnung\u00ab<\/em> hat 21,8 Millionen Aufrufe erzielt und ist damit der zweitmeistgesehene Film auf Netflix in der Woche vom 1. bis 7. Dezember.<\/p>\n<p> Das Media Center von Netflix beschreibt die Serie als vierteilige Dokumentation, die die Vorw\u00fcrfe gegen Combs und sein Bad Boy-Imperium untersucht.<\/p>\n<p> Laut Angaben von Netflix \u00fcber Tudum enth\u00e4lt die Serie bisher unver\u00f6ffentlichtes Filmmaterial, Interviews und Videoaufnahmen, die in den Tagen vor Combs&#039; Anklage und Verhaftung entstanden sind.<\/p>\n<h2> 50 Cent pr\u00e4sentierte dieses Projekt als mehr als nur eine Fehde.<\/h2>\n<p> Jacksons Beteiligung machte das Projekt schon vor der Premiere zu einer Sensation. Seine \u00f6ffentliche Fehde mit Combs schwelt schon seit Jahren, daher war seine Rolle als ausf\u00fchrender Produzent untrennbar mit den Reaktionen auf den Dokumentarfilm verbunden. <\/p>\n<p> Netflix und die Filmemacher pr\u00e4sentierten die Serie als investigative Dokumentation, nicht als Racheprojekt. In Tudum erkl\u00e4rte Jackson, er habe sich \u00abseit Jahren der Aufgabe verschrieben, durch G-Unit Film and Television wahre Geschichten zu erz\u00e4hlen\u00bb und dankte allen, die dem Aufruf zur Teilnahme an dem Projekt gefolgt waren.<\/p>\n<p> Stapleton erweiterte das Thema auch \u00fcber Combs hinaus. Sie sagte, der Dokumentarfilm untersuche die Verg\u00f6tterung von Prominenten, Macht und die \u00f6ffentliche Wahrnehmung von Anschuldigungen gegen ber\u00fchmte Pers\u00f6nlichkeiten.<\/p>\n<h2> Combs&#039; Team erhob bereits vor der Premiere Einspruch. <\/h2>\n<p> Bild mit freundlicher Genehmigung von DFree\/Shutterstock.<\/p>\n<p> Combs&#039; Vertreter kritisierten die Dokumentation bereits vor ihrer Ver\u00f6ffentlichung auf Netflix. Der Hollywood Reporter berichtete, sein Team habe das Projekt als \u00absch\u00e4ndliches, verleumderisches Machwerk\u00bb bezeichnet und Netflix die Verwendung unautorisierten Filmmaterials vorgeworfen.<\/p>\n<p> Netflix und die Filmemacher weisen jegliches Fehlverhalten von sich. Stapleton erkl\u00e4rte gegen\u00fcber Tudum, das Filmmaterial sei \u00abzu uns gekommen\u00bb und das Team habe es rechtm\u00e4\u00dfig erworben und besitze die notwendigen Rechte. <\/p>\n<p> Stapleton sagte au\u00dferdem, dass Combs&#039; Anwaltsteam mehrfach um Interviews und Stellungnahmen gebeten worden sei, aber nicht reagiert habe.<\/p>\n<h2> Die Emmy-Nominierung verleiht der Serie ein neues Image. <\/h2>\n<p> Bild mit freundlicher Genehmigung von Bill Ingles \u2013 Flickr \u2013 CC BY 2.0\/Wiki Commons.<\/p>\n<p> Der Film ist im Kalender der Television Academy Awards aufgef\u00fchrt. <em>\u00ab&quot;Sean Combs: Abrechnung&quot;\u00bb<\/em> wurde f\u00fcr den 14. Mai angek\u00fcndigt, wodurch der Dokumentarfilm in die gleiche Kategorie wie die Auszeichnungen f\u00e4llt, die Netflix f\u00fcr Spielfilme und Dokumentarfilme vergibt.<\/p>\n<p> Dies berechtigt die Serie nicht zu einer Emmy-Nominierung. Es bedeutet, dass Netflix die Dokumentation den W\u00e4hlern im Rahmen seines Wahlkampfs pr\u00e4sentiert.<\/p>\n<p> Die Bewerbung der Serie \u00fcber FYC ver\u00e4ndert den Verlauf der Diskussion, ohne die damit verbundenen kontroversen Fragen auszul\u00f6schen. <em>Die Serie &quot;Sean Combs: Reckoning&quot;\u00ab<\/em> ist nun nicht nur als gro\u00dfe Netflix-Ver\u00f6ffentlichung positioniert, sondern auch als Kandidat f\u00fcr Dokumentarfilmpreise, basierend auf einer der meistdiskutierten Geschichten der Unterhaltungsbranche im vergangenen Jahr.<\/p>","protected":false},"excerpt":{"rendered":"<p>50 Cents Netflix-Dokumentation \u00fcber Sean \u00abDiddy\u00bb Combs wandelt sich von einer Kontroverse um den Streamingdienst zu einer Kampagne f\u00fcr die Preisverleihungssaison\u2026<\/p>","protected":false},"author":1,"featured_media":2292,"comment_status":"open","ping_status":"closed","sticky":false,"template":"","format":"standard","meta":{"footnotes":""},"categories":[6],"tags":[],"class_list":["post-2291","post","type-post","status-publish","format-standard","has-post-thumbnail","hentry","category-kinoindustriya","hvn-theme-has-thumbnail"],"_links":{"self":[{"href":"https:\/\/imgist.ru\/de\/wp-json\/wp\/v2\/posts\/2291","targetHints":{"allow":["GET"]}}],"collection":[{"href":"https:\/\/imgist.ru\/de\/wp-json\/wp\/v2\/posts"}],"about":[{"href":"https:\/\/imgist.ru\/de\/wp-json\/wp\/v2\/types\/post"}],"author":[{"embeddable":true,"href":"https:\/\/imgist.ru\/de\/wp-json\/wp\/v2\/users\/1"}],"replies":[{"embeddable":true,"href":"https:\/\/imgist.ru\/de\/wp-json\/wp\/v2\/comments?post=2291"}],"version-history":[{"count":2,"href":"https:\/\/imgist.ru\/de\/wp-json\/wp\/v2\/posts\/2291\/revisions"}],"predecessor-version":[{"id":145169,"href":"https:\/\/imgist.ru\/de\/wp-json\/wp\/v2\/posts\/2291\/revisions\/145169"}],"wp:featuredmedia":[{"embeddable":true,"href":"https:\/\/imgist.ru\/de\/wp-json\/wp\/v2\/media\/2292"}],"wp:attachment":[{"href":"https:\/\/imgist.ru\/de\/wp-json\/wp\/v2\/media?parent=2291"}],"wp:term":[{"taxonomy":"category","embeddable":true,"href":"https:\/\/imgist.ru\/de\/wp-json\/wp\/v2\/categories?post=2291"},{"taxonomy":"post_tag","embeddable":true,"href":"https:\/\/imgist.ru\/de\/wp-json\/wp\/v2\/tags?post=2291"}],"curies":[{"name":"wp","href":"https:\/\/api.w.org\/{rel}","templated":true}]}}