{"id":2432,"date":"2026-05-30T22:14:06","date_gmt":"2026-05-30T19:14:06","guid":{"rendered":"https:\/\/imgist.ru\/dzhon-travolta-obyasnyaet-pochemu-v-poslednee-vremya-ego-tak-privlekayut-berety\/"},"modified":"2026-08-29T11:20:52","modified_gmt":"2026-08-29T08:20:52","slug":"john-travolta-erklart-warum-er-sich-in-letzter-zeit-so-sehr-zu-baskenmutzen-hingezogen-fuhlt","status":"publish","type":"post","link":"https:\/\/imgist.ru\/de\/dzhon-travolta-obyasnyaet-pochemu-v-poslednee-vremya-ego-tak-privlekayut-berety\/","title":{"rendered":"John Travolta erkl\u00e4rt, warum er sich in letzter Zeit so sehr zu Baskenm\u00fctzen hingezogen f\u00fchlt."},"content":{"rendered":"<p>John Travolta ging diesen Monat im Internet viral, als er beim Filmfestival in Cannes 2026 mit einer Baskenm\u00fctze erschien, und er liebte die Reaktionen auf seinen neuen Look.<\/p>\n<p> Travolta besuchte die Filmfestspiele von Cannes zur Premiere seines Regiedeb\u00fcts.\u00ab <em>Einweg-Nachtbus mit Propeller\u00bb<\/em> , das am 15. Mai im Rahmen des Festivals au\u00dfer Konkurrenz gezeigt wurde. Am selben Tag der Premiere pr\u00e4sentierte er auch seinen neuen Baskenm\u00fctzen-Look bei der Premiere des franz\u00f6sischen Psychothrillers. <em>\u00ab&quot;Karma&quot;.<\/em><\/p>\n<p> In einem Interview mit CNN letzte Woche (18. Mai) erkl\u00e4rte er, sein Look sei von der Kleidung alter Regisseure bei Premieren inspiriert. \u00abRegisseure der alten Schule trugen Baskenm\u00fctzen und Brillen. Und ich dachte: \u00bbGenau das mache ich auch\u00ab\u00ab, erz\u00e4hlte er. \u00bbIch bin seit \u00fcber 50 Jahren in der Filmbranche, aber r\u00fcckblickend sehe ich keinen Unterschied zu den damaligen Veranstaltungen. Und ich sagte mir: \u201aDiesmal bin ich der Regisseur. Du bist der Schauspieler, spiel den Regisseur. Sieh aus wie ein Regisseur der alten Schule.\u2018\u201c. <\/p>\n<p> Er f\u00fcgte hinzu, dass er sich zur Inspiration \u00abFotos\u00bb talentierter Filmemacher verschiedener Epochen angesehen habe und die Gelegenheit, sein Regiedeb\u00fct in Cannes zu pr\u00e4sentieren, offensichtlich optimal genutzt habe. W\u00e4hrend des Festivals trug er insgesamt drei verschiedene Baskenm\u00fctzen: eine elfenbeinfarbene, eine marineblaue und eine schwarze, die er bei einem Fotoshooting f\u00fcr den Film trug. <em>\u00abEinweg-Nachtbus mit Propeller\u00bb<\/em> .<\/p>\n<p> ALLES AUS EINER HAND: Shoppen Sie Ihre Lieblingsmarken jederzeit und \u00fcberall. Entdecken Sie die neuesten Trends. Shoppen. Sammeln. Genie\u00dfen.<\/p>\n<p> \u00abIch werde dem Regieberuf meine Reverenz erweisen\u201e, sagte er. \u201eIch werde die Rolle eines Regisseurs spielen und dann zur\u00fcckblicken und mich erinnern: \u201aOh, das war\u2026\u2018\u201c <em>Der Film \u00abEinweg-Nachtbus mit Propeller\u00bb<\/em> , \u201eEs war bei den Filmfestspielen von Cannes, und in diesem Moment erhielt ich die Goldene Palme. Das wird mir noch lange in Erinnerung bleiben.\u201c Auf dem Festival wurde ihm unerwartet die Ehren-Goldene Palme verliehen.<\/p>\n<p> In einem Interview mit dem Magazin <em>Menschen<\/em> Bei der New Yorker Premiere des Films letzte Woche (20. Mai), bei der er erneut eine Baskenm\u00fctze trug, sagte er, er sei begeistert von der Reaktion des Publikums. \u00abIch mag es wirklich sehr\u00bb, teilte er mit. \u00abWenn <em>Mode<\/em> \u0438 <em>Harper&#039;s Bazaar<\/em> Ich wurde bei den Filmfestspielen von Cannes zur bestgekleideten Person gew\u00e4hlt und dachte: \u201eOkay, wir haben es geschafft.\u201c.<\/p>\n<h3> Verwandte Nachrichten <\/h3>\n<p> Euphoria-Star Natasha Lyonne w\u00e4hlte f\u00fcr die Filmfestspiele von Cannes ein gewagtes Minikleid mit transparentem Stoff. Lizzo trug bei der amfAR-Gala in Cannes ein Kleid mit einem Nippelpiercing. Barry Keoghan sagt, er sei bereit, nach dem Online-Mobbing nach vorn zu blicken: \u00abIch m\u00f6chte diese Geschichte endlich hinter mir lassen.\u00bb.<\/p>\n<h2> Verwandte Nachrichten<\/h2>\n<p> Wali Adeyemi pr\u00e4gte eine ganze \u00c4ra des britischen schwarzen Stils. Und jetzt ist er zur\u00fcck, um es erneut zu tun.<\/p>\n<p> Der Sohn des Mango-Gr\u00fcnders Jonathan Andic wurde unter Verdacht des Todes seines Vaters verhaftet.<\/p>\n<p> ALLES AUS EINER HAND: Shoppen Sie Ihre Lieblingsmarken jederzeit und \u00fcberall. Entdecken Sie die neuesten Trends. Shoppen. Sammeln. Genie\u00dfen.<\/p>\n<p> Wir machen Kultur lebendig. Hier findest du die aktuellsten Nachrichten aus der Welt der Unterhaltung sowie die besten Inhalte zu Musik, Popkultur, Sneakern, Mode und originellen Shows.<\/p>","protected":false},"excerpt":{"rendered":"<p>John Travolta ging diesen Monat online viral, als er bei den Filmfestspielen von Cannes 2026 mit einer Baskenm\u00fctze erschien, und er liebte die Reaktionen auf seine neue\u2026<\/p>","protected":false},"author":1,"featured_media":2433,"comment_status":"open","ping_status":"closed","sticky":false,"template":"","format":"standard","meta":{"footnotes":""},"categories":[5],"tags":[],"class_list":["post-2432","post","type-post","status-publish","format-standard","has-post-thumbnail","hentry","category-selebriti","hvn-theme-has-thumbnail"],"_links":{"self":[{"href":"https:\/\/imgist.ru\/de\/wp-json\/wp\/v2\/posts\/2432","targetHints":{"allow":["GET"]}}],"collection":[{"href":"https:\/\/imgist.ru\/de\/wp-json\/wp\/v2\/posts"}],"about":[{"href":"https:\/\/imgist.ru\/de\/wp-json\/wp\/v2\/types\/post"}],"author":[{"embeddable":true,"href":"https:\/\/imgist.ru\/de\/wp-json\/wp\/v2\/users\/1"}],"replies":[{"embeddable":true,"href":"https:\/\/imgist.ru\/de\/wp-json\/wp\/v2\/comments?post=2432"}],"version-history":[{"count":3,"href":"https:\/\/imgist.ru\/de\/wp-json\/wp\/v2\/posts\/2432\/revisions"}],"predecessor-version":[{"id":145306,"href":"https:\/\/imgist.ru\/de\/wp-json\/wp\/v2\/posts\/2432\/revisions\/145306"}],"wp:featuredmedia":[{"embeddable":true,"href":"https:\/\/imgist.ru\/de\/wp-json\/wp\/v2\/media\/2433"}],"wp:attachment":[{"href":"https:\/\/imgist.ru\/de\/wp-json\/wp\/v2\/media?parent=2432"}],"wp:term":[{"taxonomy":"category","embeddable":true,"href":"https:\/\/imgist.ru\/de\/wp-json\/wp\/v2\/categories?post=2432"},{"taxonomy":"post_tag","embeddable":true,"href":"https:\/\/imgist.ru\/de\/wp-json\/wp\/v2\/tags?post=2432"}],"curies":[{"name":"wp","href":"https:\/\/api.w.org\/{rel}","templated":true}]}}