{"id":251,"date":"2026-05-29T17:18:42","date_gmt":"2026-05-29T14:18:42","guid":{"rendered":"https:\/\/imgist.ru\/maks-ferstappen-rasskazal-pochemu-ego-doch-poka-ne-budet-v-paddoke-formuly-1-i-podelilsya-svoimi-myslyami-o-roditelstve\/"},"modified":"2026-05-29T17:18:42","modified_gmt":"2026-05-29T14:18:42","slug":"max-verstappen-erklarte-warum-seine-tochter-vorerst-nicht-im-formel-1-fahrerlager-sein-werden-und-teilte-seine-gedanken-zum-thema-elternschaft-mit","status":"publish","type":"post","link":"https:\/\/imgist.ru\/de\/maks-ferstappen-rasskazal-pochemu-ego-doch-poka-ne-budet-v-paddoke-formuly-1-i-podelilsya-svoimi-myslyami-o-roditelstve\/","title":{"rendered":"Max Verstappen erkl\u00e4rte, warum seine Tochter vorerst nicht im Formel-1-Fahrerlager sein wird, und teilte seine Gedanken zum Thema Elternschaft mit."},"content":{"rendered":"<p>Der viermalige Formel-1-Weltmeister Max Verstappen hat \u00fcber sein erstes Jahr als Vater gesprochen, nachdem er und seine Partnerin Kelly Piquet im Jahr 2025 ihre Tochter Lily begr\u00fc\u00dfen durften.<\/p>\n<p> Obwohl er bereits in der Familie Piquet Erfahrungen als Vater gesammelt hatte, wo er die Rolle des \u00abAdoptivvaters\u00bb spielte, sprach Verstappen dar\u00fcber, was er im ersten Lebensjahr von Lili gelernt hatte.<\/p>\n<p> \u00abAm wichtigsten ist mir, dass ich immer ich selbst bleibe\u00bb, sagte der Niederl\u00e4nder gegen\u00fcber der Zeitung. <em>Der Telegraf<\/em> . \u00abUnd soweit ich wei\u00df, steht es ihr frei, selbst zu entscheiden, was sie in Zukunft gerne tun m\u00f6chte.\u00bb. <\/p>\n<p> \u00abViele Eltern setzen ihre Kinder unter Druck und versuchen, sie in eine bestimmte Richtung zu lenken, beispielsweise im Sport. Das sollte man auf keinen Fall tun. Ich denke, es ist m\u00f6glich, ein Kind an bestimmte Sportarten heranzuf\u00fchren, aber letztendlich sollte es selbst entscheiden, was es machen m\u00f6chte.\u00bb.<\/p>\n<p> Verstappen argumentierte, dass Sporttreiben ein gesundes Hobby f\u00fcr jedes Kind sei, es sei aber auch wichtig, seiner Familie Mitgef\u00fchl und Freundlichkeit entgegenzubringen.<\/p>\n<p> \u00abSport zu treiben ist zwar generell gesund\u00bb, f\u00fcgte er hinzu, \u201eer hilft, gesund zu bleiben und weniger Zeit im Freien zu verbringen. Dadurch ist die Wahrscheinlichkeit geringer, dass man etwas Dummes anstellt. Au\u00dferdem finde ich es wichtig, freundlich zu seiner Familie zu sein. Und manchmal innezuhalten und dar\u00fcber nachzudenken, dass nicht jeder f\u00fcr immer da sein wird. Und mitf\u00fchlend zu sein, besonders gegen\u00fcber den Menschen um einen herum.\u201c. <\/p>\n<p> Die Red-Bull-Fahrerin wuchs in einem Haushalt auf, in dem ihr Vater, der ehemalige Formel-1-Fahrer Jos Verstappen, einen Gro\u00dfteil ihres Lebens im Rampenlicht verbrachte und nun seine Tochter vor dem Rampenlicht sch\u00fctzen will, bis sie alt genug ist, selbst zu entscheiden, ob sie diese Aufmerksamkeit m\u00f6chte. <\/p>\n<p> \u00abNat\u00fcrlich arbeite ich auch daran\u00bb, erkl\u00e4rte er auf die Frage, ob er Bedenken habe, Fotos von Lily in den sozialen Medien zu teilen. \u00abIch m\u00f6chte sie im Moment nicht auf den Fotos sehen. Sie muss sp\u00e4ter selbst entscheiden, ob sie das m\u00f6chte oder nicht.\u00bb.<\/p>\n<p> \u00abDeshalb m\u00f6chte ich sie jetzt nicht auf der Weide haben. Erstens, weil sie sich sowieso nicht daran erinnern wird, und zweitens aus Gr\u00fcnden des Datenschutzes. Ein Baby oder Kleinkind sollte ein unbeschwertes Leben f\u00fchren k\u00f6nnen.\u00bb.<\/p>\n<p> Um weitere Artikel auf Motorsport.com zu lesen, besuchen Sie unsere Website. .<\/p>","protected":false},"excerpt":{"rendered":"<p>Der viermalige Formel-1-Weltmeister Max Verstappen hat \u00fcber sein erstes Jahr als Vater gesprochen, nachdem er und seine Partnerin Kelly Piquet eine Tochter bekommen haben\u2026<\/p>","protected":false},"author":1,"featured_media":252,"comment_status":"open","ping_status":"closed","sticky":false,"template":"","format":"standard","meta":{"footnotes":""},"categories":[5],"tags":[],"class_list":["post-251","post","type-post","status-publish","format-standard","has-post-thumbnail","hentry","category-selebriti","hvn-theme-has-thumbnail"],"_links":{"self":[{"href":"https:\/\/imgist.ru\/de\/wp-json\/wp\/v2\/posts\/251","targetHints":{"allow":["GET"]}}],"collection":[{"href":"https:\/\/imgist.ru\/de\/wp-json\/wp\/v2\/posts"}],"about":[{"href":"https:\/\/imgist.ru\/de\/wp-json\/wp\/v2\/types\/post"}],"author":[{"embeddable":true,"href":"https:\/\/imgist.ru\/de\/wp-json\/wp\/v2\/users\/1"}],"replies":[{"embeddable":true,"href":"https:\/\/imgist.ru\/de\/wp-json\/wp\/v2\/comments?post=251"}],"version-history":[{"count":0,"href":"https:\/\/imgist.ru\/de\/wp-json\/wp\/v2\/posts\/251\/revisions"}],"wp:featuredmedia":[{"embeddable":true,"href":"https:\/\/imgist.ru\/de\/wp-json\/wp\/v2\/media\/252"}],"wp:attachment":[{"href":"https:\/\/imgist.ru\/de\/wp-json\/wp\/v2\/media?parent=251"}],"wp:term":[{"taxonomy":"category","embeddable":true,"href":"https:\/\/imgist.ru\/de\/wp-json\/wp\/v2\/categories?post=251"},{"taxonomy":"post_tag","embeddable":true,"href":"https:\/\/imgist.ru\/de\/wp-json\/wp\/v2\/tags?post=251"}],"curies":[{"name":"wp","href":"https:\/\/api.w.org\/{rel}","templated":true}]}}