{"id":2553,"date":"2026-05-31T00:13:19","date_gmt":"2026-05-30T21:13:19","guid":{"rendered":"https:\/\/imgist.ru\/ben-shapiro-razoblachaet-problemu-zagovora-v-kontekste-issledovaniya-kolczevoj-okklyuzii\/"},"modified":"2026-05-31T00:13:19","modified_gmt":"2026-05-30T21:13:19","slug":"ben-shapiro-untersucht-die-verschworungstheorie-im-kontext-seiner-studie-zur-ringokklusion","status":"publish","type":"post","link":"https:\/\/imgist.ru\/de\/ben-shapiro-razoblachaet-problemu-zagovora-v-kontekste-issledovaniya-kolczevoj-okklyuzii\/","title":{"rendered":"Ben Shapiro deckt das \u00abVerschw\u00f6rungsproblem\u00bb im Kontext der Annular Occlusion Studie auf."},"content":{"rendered":"<p>(Foto mit freundlicher Genehmigung der Ben Shapiro Show auf YouTube)<\/p>\n<p> Konservativer Publizist <strong>Ben Shapiro<\/strong> Er sagte, dass es in seinem Teil des politischen Spektrums ein \u00abVerschw\u00f6rungsproblem\u00bb gebe und dass es sich dabei meist um Antisemitismus handle.<\/p>\n<p> In einem Interview mit einem Reporter am Freitag <em>Die Zeitung \u201eThe Free Press\u201c<\/em> <strong>Eli Leyku<\/strong> Shapiro teilte seine Diagnose bez\u00fcglich der Probleme des rechten Fl\u00fcgels mit.<\/p>\n<p> \u00abIch glaube, die amerikanische Rechte hat ein Problem mit Verschw\u00f6rungstheorien, und im Kern jeder Verschw\u00f6rungstheorie steckt irgendeine Form von Antisemitismus\u00bb, sagte Shapiro. \u00abDenn Antisemitismus ist die Wurzel aller Verschw\u00f6rungstheorien.\u00bb. <\/p>\n<p> Lake schrieb, dass auch Shapiro \u00abnicht optimistisch\u00bb sei, was eine \u00c4nderung dieses Trends angehe. Er verwies auf den \u00abisraelbesessenen\u00bb Kongressabgeordneten. <strong>Thomas Massey<\/strong> (Republikaner aus Kentucky), der k\u00fcrzlich die republikanische Vorwahl gegen einen vom Pr\u00e4sidenten unterst\u00fctzten Kandidaten verloren hat. <strong>Donald Trump<\/strong> , <strong>An Ed Gallrein.<\/strong><\/p>\n<p> \u00abH\u00e4tte Massie genau dieselbe Position eingenommen, den Pr\u00e4sidenten aber nicht konfrontiert, ihn nicht zur sogenannten Epstein-Klasse gez\u00e4hlt und dieses dumme Spiel nicht mitgespielt, dann h\u00e4tte der Pr\u00e4sident ihn nicht konfrontiert, und Massie h\u00e4tte die Vorwahl wahrscheinlich nicht verloren\u00bb, sagte Shapiro. \u00abVor ein paar Jahren ist ihm das schon gelungen.\u00bb.<\/p>\n<p> Shapiro bezog sich auf Massie als einen der lautst\u00e4rksten Kritiker der Trump-Regierung, weil diese seiner Meinung nach nicht genug unternahm, um Akten im Zusammenhang mit einem verstorbenen Sexualstraft\u00e4ter freizugeben. <strong>Jeffrey Epstein<\/strong> .<\/p>\n<p> Massie hat Israel und pro-israelische amerikanische Politiker wiederholt kritisiert, unter anderem in einer Rede, die er Anfang des Monats vor Gallrein hielt. Der Abgeordnete, dessen Amtszeit endet, scherzte, es habe \u00abeine Weile gedauert, Gallrein in Tel Aviv f\u00fcr einen Gl\u00fcckwunschanruf zu erreichen\u00bb. <\/p>\n<p> Und diese Woche warf er der Trump-Regierung vor, an der Seite Israels Krieg zu f\u00fchren. Shapiro sagte jedoch, er h\u00e4tte die Vorwahlen wahrscheinlich \u00fcberstanden, wenn er Trump im Fall Epstein nicht so scharf angegriffen h\u00e4tte; die ehemalige Kongressabgeordnete <strong>Marjorie Taylor Greene<\/strong> Sie erlitt ein \u00e4hnliches Schicksal und beschloss Anfang dieses Jahres, aus dem Kongress auszuscheiden.<\/p>\n<p> Shapiro sprach auch \u00fcber die j\u00fcngsten Entlassungen bei The Daily Wire, der konservativen Publikation, die er 2015 mitbegr\u00fcndete. Den vollst\u00e4ndigen Artikel k\u00f6nnen Sie \u00fcber diesen Link lesen. .<\/p>\n<p> Der Artikel \u00abBen Shapiro deckt das \u201eVerschw\u00f6rungsproblem\u201c bei der Ringendoskopie auf\u00bb erschien zuerst auf Mediaite. .<\/p>","protected":false},"excerpt":{"rendered":"<p>(Foto mit freundlicher Genehmigung der Ben Shapiro Show auf YouTube) Der konservative Kommentator Ben Shapiro sagte, seine Seite des politischen Spektrums habe ein \u00abVerschw\u00f6rungsproblem\u00bb und\u2026<\/p>","protected":false},"author":1,"featured_media":2554,"comment_status":"open","ping_status":"closed","sticky":false,"template":"","format":"standard","meta":{"footnotes":""},"categories":[5],"tags":[],"class_list":["post-2553","post","type-post","status-publish","format-standard","has-post-thumbnail","hentry","category-selebriti","hvn-theme-has-thumbnail"],"_links":{"self":[{"href":"https:\/\/imgist.ru\/de\/wp-json\/wp\/v2\/posts\/2553","targetHints":{"allow":["GET"]}}],"collection":[{"href":"https:\/\/imgist.ru\/de\/wp-json\/wp\/v2\/posts"}],"about":[{"href":"https:\/\/imgist.ru\/de\/wp-json\/wp\/v2\/types\/post"}],"author":[{"embeddable":true,"href":"https:\/\/imgist.ru\/de\/wp-json\/wp\/v2\/users\/1"}],"replies":[{"embeddable":true,"href":"https:\/\/imgist.ru\/de\/wp-json\/wp\/v2\/comments?post=2553"}],"version-history":[{"count":0,"href":"https:\/\/imgist.ru\/de\/wp-json\/wp\/v2\/posts\/2553\/revisions"}],"wp:featuredmedia":[{"embeddable":true,"href":"https:\/\/imgist.ru\/de\/wp-json\/wp\/v2\/media\/2554"}],"wp:attachment":[{"href":"https:\/\/imgist.ru\/de\/wp-json\/wp\/v2\/media?parent=2553"}],"wp:term":[{"taxonomy":"category","embeddable":true,"href":"https:\/\/imgist.ru\/de\/wp-json\/wp\/v2\/categories?post=2553"},{"taxonomy":"post_tag","embeddable":true,"href":"https:\/\/imgist.ru\/de\/wp-json\/wp\/v2\/tags?post=2553"}],"curies":[{"name":"wp","href":"https:\/\/api.w.org\/{rel}","templated":true}]}}