{"id":38293,"date":"2026-01-27T20:29:14","date_gmt":"2026-01-27T18:29:14","guid":{"rendered":"http:\/\/aleksawn.bget.ru\/?p=38293"},"modified":"2026-08-30T13:03:45","modified_gmt":"2026-08-30T10:03:45","slug":"bmw-1er-reihe-2026","status":"publish","type":"post","link":"https:\/\/imgist.ru\/de\/bmw-1-series-2026\/","title":{"rendered":"BMW 1er (2026): Ein Testbericht zum kompakten Stadtauto."},"content":{"rendered":"<p><img loading=\"lazy\" decoding=\"async\" class=\"aligncenter size-full wp-image-14816\" src=\"https:\/\/imgist.ru\/wp-content\/uploads\/2022\/06\/bmw-1-series-2022-bavarskaya-edinichka-v-novoj-interpretaczii_62bae0ffd8c1e.jpeg\" alt=\"BMW 1er F\u00fcnft\u00fcrer, Baujahr 2026, Vorderansicht\" width=\"1000\" height=\"672\" \/><\/p>\n<p>Kompakte Schr\u00e4gheckmodelle feiern ihr Comeback: Sie sind praktisch in der Stadt, lassen sich leichter parken und sind dennoch vollwertige Alltagsautos. Der BMW 1er des Modelljahrs 2026 setzt diese Philosophie fort, legt aber Wert auf ein ausgereifteres Design, eine digitale Interieurarchitektur und ein umfassendes Angebot an Fahrerassistenzsystemen, ohne dabei zu einem gesichtslosen Gebrauchsgegenstand zu verkommen.<\/p>\n<p>Es ist wichtig, den Kontext des Modells zu verstehen: Es handelt sich um einen f\u00fcnft\u00fcrigen Schr\u00e4gheckwagen mit Fokus auf Fahrverhalten und Verarbeitungsqualit\u00e4t, nicht um einen vielseitigen Crossover. Daher konzentriert sich der Testbericht auf das Au\u00dfendesign, die Praktikabilit\u00e4t des Innenraums, die sinnvollen Antriebsoptionen und das zu erwartende Fahrverhalten.<\/p>\n<h2>Au\u00dfenbereich<\/h2>\n<p>Das Exterieur des BMW 1er (2026) vereint eine elegante, professionelle Linienf\u00fchrung mit sportlichen Akzenten. Die Silhouette bleibt klassentypisch: kurze \u00dcberh\u00e4nge, harmonische Proportionen, ein optisch skulpturales Heck und eine markante Fensterlinie.<\/p>\n<p>Die Frontpartie wirkt dank der Geometrie der Scheinwerfer und der Lufteinl\u00e4sse im unteren Sto\u00dff\u00e4nger harmonischer. Der Schl\u00fcssel zum Design liegt jedoch nicht in den einzelnen Elementen, sondern im Gesamteindruck: Das Auto wirkt breiter und selbstbewusster, als man es angesichts seiner kompakten Gr\u00f6\u00dfe erwarten w\u00fcrde.<\/p>\n<p><img loading=\"lazy\" decoding=\"async\" class=\"aligncenter size-full wp-image-14817\" src=\"https:\/\/imgist.ru\/wp-content\/uploads\/2022\/06\/bmw-1-series-2022-bavarskaya-edinichka-v-novoj-interpretaczii_62bae10022364.jpeg\" alt=\"Nahaufnahme der Scheinwerfer und des K\u00fchlergrills des BMW 1er 2026.\" width=\"1000\" height=\"739\" \/><\/p>\n<h3>Was f\u00e4llt von vorne ins Auge?<\/h3>\n<ul>\n<li>Eine skulpturale Motorhaube mit markanten Kanten dr\u00fcckt die Fahrzeugfront optisch auf die Stra\u00dfe.<\/li>\n<li>Der charakteristische K\u00fchlergrill zeichnet sich durch ein modernes Design und eine saubere Verarbeitung aus.<\/li>\n<li>LED-Optik mit markanter Tagfahrlichtsignatur; h\u00f6her ausgestattete Versionen verf\u00fcgen in der Regel \u00fcber verbesserte Beleuchtungsfunktionen.<\/li>\n<li>Die untere Ebene des Sto\u00dff\u00e4ngers betont die Luftkan\u00e4le und aerodynamischen Elemente, wodurch die Frontpartie \u00abaggressiver\u00bb wirkt, ohne dabei \u00fcbertrieben theatralisch zu sein.<\/li>\n<\/ul>\n<p><img loading=\"lazy\" decoding=\"async\" class=\"aligncenter size-full wp-image-14818\" src=\"https:\/\/imgist.ru\/wp-content\/uploads\/2022\/06\/bmw-1-series-2022-bavarskaya-edinichka-v-novoj-interpretaczii_62bae1005c248.jpeg\" alt=\"Seitenansicht und Karosserielinien des BMW 1er (2026)\" width=\"1000\" height=\"669\" \/><\/p>\n<p>Im Profil wirkt das Modell dynamisch: Die A-S\u00e4ule ist moderat geneigt, das Dach f\u00e4llt sanft nach hinten ab, und die Seitenpartie ist mit markanten, muskul\u00f6sen Radl\u00e4ufen konturiert. Die gro\u00dfz\u00fcgigen T\u00fcr\u00f6ffnungen sind f\u00fcr den Alltag wichtig: Der Einstieg ist m\u00fchelos, und die T\u00fcren bieten ausreichend Platz f\u00fcr allt\u00e4gliche Erledigungen.<\/p>\n<ul>\n<li>Das Panoramadach (je nach Ausf\u00fchrung) sorgt f\u00fcr mehr Licht und l\u00e4sst den oberen Teil der Karosserie optisch leichter wirken.<\/li>\n<li>Zierleisten und kontrastierende S\u00e4ulendetails erzeugen den Eindruck eines teureren Autos.<\/li>\n<li>R\u00e4der in g\u00e4ngigen Gr\u00f6\u00dfen wirken proportional und wirken nicht \u00abauffressend\u00bb von der Silhouette, es sei denn, man strebt den maximalen Durchmesser an.<\/li>\n<\/ul>\n<p><img loading=\"lazy\" decoding=\"async\" class=\"aligncenter size-full wp-image-14819\" src=\"https:\/\/imgist.ru\/wp-content\/uploads\/2022\/06\/bmw-1-series-2022-bavarskaya-edinichka-v-novoj-interpretaczii_62bae1009346c.jpeg\" alt=\"Heckansicht und Leuchten des BMW 1er (2026)\" width=\"1000\" height=\"754\" \/><\/p>\n<p>Das Heckdesign wirkt im Allgemeinen zur\u00fcckhaltender als die Front: komplex geformte R\u00fcckleuchten, ein eleganter Dachkantenspoiler und ein massives unteres Karosserieteil, das dem Fahrzeug optische Stabilit\u00e4t verleiht. Wichtig ist dabei, dass es sich nicht nur um eine Stilfrage handelt: Die Form des Hecks und die Kante der Heckklappe tragen bei dieser Karosserievariante zur Aerodynamik bei und sorgen f\u00fcr klare Sicht durch die Heckscheibe auch bei schlechtem Wetter.<\/p>\n<h2>Innenraum und Ergonomie<\/h2>\n<p><img loading=\"lazy\" decoding=\"async\" class=\"aligncenter size-full wp-image-14824\" src=\"https:\/\/imgist.ru\/wp-content\/uploads\/2022\/06\/bmw-1-series-2022-bavarskaya-edinichka-v-novoj-interpretaczii_62bae100d0f5f.jpeg\" alt=\"BMW 1er-Reihe (2026) \u2013 Interieur: Armaturenbrett und Bildschirme\" width=\"1000\" height=\"667\" \/><\/p>\n<p>Die wichtigste Neuerung, die beim BMW 1er des Modelljahres 2026 sofort ins Auge f\u00e4llt, ist die digitale Architektur des Fahrerarbeitsplatzes. Im Gegensatz zu <a href=\"https:\/\/avtomancar.ru\/publ\/evropejskie_avtomobili\/bmw\/kitajskij_bmv_1_serii_2017_2018\/23-1-0-1755\" target=\"_blank\" rel=\"noopener\">Chinesische Versionen der BMW 1er-Reihe<\/a> Dieses Modell verwendet eine gebogene Einzelanzeigeeinheit (BMW Curved Display), die das Kombiinstrument und den zentralen Bildschirm zu einer einzigen Sichtebene kombiniert; dieser Ansatz vereinfacht die Wahrnehmung und reduziert das &quot;visuelle Rauschen&quot; von einzelnen Bildschirmen.<\/p>\n<p>Insgesamt ist der Innenraum minimalistisch gestaltet, ohne dabei asketisch zu wirken: Eine Vielzahl an Materialien und Texturen kommt zum Einsatz, ohne dass sie sich gegenseitig st\u00f6ren. Ein besonderes Plus ist die Sitzposition: Die Vordersitze bieten vielf\u00e4ltige Einstellm\u00f6glichkeiten und sind so geformt, dass sie auch auf langen Strecken hohen Komfort bieten.<\/p>\n<h3>Frontplattenausr\u00fcstung<\/h3>\n<ul>\n<li>Das digitale Instrumentenpanel und der zentrale Bildschirm sind in einem einheitlichen Stil gestaltet, mit logischer Grafik und schnellem Zugriff auf wichtige Funktionen.<\/li>\n<li>Ein Mediensystem mit moderner Benutzeroberfl\u00e4che und der M\u00f6glichkeit zur drahtlosen Aktualisierung (sofern im Paket enthalten).<\/li>\n<li>Die physischen Bedienelemente befinden sich genau dort, wo sie unterwegs tats\u00e4chlich ben\u00f6tigt werden: F\u00fcr h\u00e4ufig genutzte Funktionen ist dies bequemer als das Durchsuchen von Men\u00fcs.<\/li>\n<\/ul>\n<p>Der Mitteltunnel ist effizient gestaltet: Ablagef\u00e4cher f\u00fcr Kleinigkeiten, Getr\u00e4nkehalter, eine Ladefl\u00e4che (je nach Version) und eine \u00fcbersichtliche Anordnung der Gangwahltasten. Im Vergleich zu \u00e4lteren Modellen gibt es weniger Kn\u00f6pfe und eine intuitivere Bedienung: Viele Einstellungen wurden in Schnellzugriffe und pers\u00f6nliche Profile verschoben.<\/p>\n<p><img loading=\"lazy\" decoding=\"async\" class=\"aligncenter size-full wp-image-14827\" src=\"https:\/\/imgist.ru\/wp-content\/uploads\/2022\/06\/bmw-1-series-2022-bavarskaya-edinichka-v-novoj-interpretaczii_62bae101346f1.jpeg\" alt=\"Vordersitze und Mitteltunnelverkleidung f\u00fcr den BMW 1er (2026).\" width=\"1000\" height=\"667\" \/><\/p>\n<h3>Sitze und zweite Reihe<\/h3>\n<p>Die erste Sitzreihe des BMW 1er (2026) \u00e4hnelt eher den h\u00f6herwertigen Modellen der Marke: dichte Polsterung, griffige Oberfl\u00e4che und guter Seitenhalt. Je nach Ausstattungsvariante sind Sportsitze mit ausgepr\u00e4gten Seitenwangen sowie Sitzheizung und zus\u00e4tzlichen Einstellm\u00f6glichkeiten erh\u00e4ltlich.<\/p>\n<p>Die R\u00fcckbank entspricht den Erwartungen in dieser Fahrzeugklasse: Zwei Erwachsene sitzen bequem, drei hingegen haben wenig Schulterfreiheit und Sitzbreite. F\u00fcr Familien oder Gruppen auf kurzen Fahrten ist sie ausreichend, doch wer Wert auf viel Platz im Fond legt, muss im Kompaktwagensegment Kompromisse eingehen.<\/p>\n<h3>Kofferraum und Praktikabilit\u00e4t<\/h3>\n<p>Die Praktikabilit\u00e4t des Schr\u00e4gheckmodells zeigt sich im Kofferraum: Die gut geformte \u00d6ffnung und die M\u00f6glichkeit, die R\u00fccksitzlehne schnell umzuklappen, machen das Auto alltagstauglich. Als Richtwert wird f\u00fcr die Version von 2026 h\u00e4ufig ein Kofferraumvolumen von rund 380 Litern angegeben, das sich bei umgeklappten Sitzen auf etwa 1.200 Liter erweitern l\u00e4sst (modell- und messtechnisch bedingt).<\/p>\n<h2>Abmessungen und Plattform<\/h2>\n<p>Das kompakte Format ist das Hauptverkaufsargument des 1er: Er bietet weiterhin Komfort in der Stadt, wirkt aber im Innenraum nicht mehr \u00abklein\u00bb. Zum Vergleich: Laut g\u00e4ngigen Referenzhandb\u00fcchern betr\u00e4gt die L\u00e4nge des Modells von 2026 etwa 4.361 mm, die Breite 1.800 mm und die H\u00f6he 1.459 mm, der Radstand liegt bei etwa 2.670 mm.<\/p>\n<p>Diese Geometrie bietet in der Regel einen guten Kompromiss: Stabilit\u00e4t bei hohen Geschwindigkeiten und ausreichende Man\u00f6vrierf\u00e4higkeit in dichtem Gel\u00e4nde. Auch die Reifengr\u00f6\u00dfe ist wichtig: Ein zu niedriges Profil verbessert zwar die Optik und das Ansprechverhalten, erh\u00f6ht aber auch die \u00dcbertragung kleiner Unebenheiten.<\/p>\n<h2>Technik und Stra\u00dfenverhalten<\/h2>\n<p><img loading=\"lazy\" decoding=\"async\" class=\"aligncenter size-full wp-image-14830\" src=\"https:\/\/imgist.ru\/wp-content\/uploads\/2022\/06\/bmw-1-series-2022-bavarskaya-edinichka-v-novoj-interpretaczii_62bae10193487.jpeg\" alt=\"Antriebsstrang des BMW 1er (2026): Unter der Motorhaube\" width=\"1000\" height=\"667\" \/><\/p>\n<p>Die technische Philosophie des BMW 1er (2026) zielt darauf ab, hohen Fahrkomfort im Alltag zu gew\u00e4hrleisten und gleichzeitig die markentypischen Merkmale zu bewahren: ein klares Lenkgef\u00fchl, pr\u00e4zises Ansprechverhalten und ein souver\u00e4nes Fahrwerk. Die Federung in dieser Klasse basiert typischerweise auf einer gemeinsamen Konstruktion mit McPherson-Federbeinen vorn und Einzelradaufh\u00e4ngung hinten, was zu einem ausgewogenen Verh\u00e4ltnis zwischen Komfort und Stabilit\u00e4t beitr\u00e4gt.<\/p>\n<h3>Motoren und Getriebe: Wie man die richtigen ausw\u00e4hlt<\/h3>\n<p>Das Antriebsangebot im Kompaktsegment der Premiumklasse besteht zumeist aus turbogeladenen Benzin- und Dieselmotoren sowie in ausgew\u00e4hlten Ausstattungsvarianten aus Mild-Hybrid-Versionen. Der praktische Nutzen dieser Elektrifizierung liegt in einem sanfteren Ansprechverhalten im Stadtverkehr, einer leichten Reduzierung der Motorlast im Stop-and-go-Verkehr und einer verbesserten Start-Stopp-Funktion.<\/p>\n<ul>\n<li>Wenn Sie ein entspanntes Fahrgef\u00fchl in der Stadt suchen, bieten die Basisversionen mit Benzinmotor in der Regel ausreichend Traktion und einen vorhersehbaren Kraftstoffverbrauch, insbesondere in Kombination mit einem Automatikgetriebe.<\/li>\n<li>Wer h\u00e4ufig auf Autobahnen und mit voller Ladung unterwegs ist, kann mit leistungsst\u00e4rkeren Versionen beim \u00dcberholen merklich leichter das Tempo halten und ist weniger abh\u00e4ngig vom Terrain.<\/li>\n<li>Wenn Emotionen wichtig sind: Die \u00abaufgeladenen\u00bb Versionen (je nach Verf\u00fcgbarkeit im Sortiment) bieten eine starke Traktion und aggressivere Fahrwerkseinstellungen, erfordern aber oft eine sorgf\u00e4ltige Auswahl von Reifen und R\u00e4dern f\u00fcr den Komfort.<\/li>\n<\/ul>\n<h3>Kontrollierbarkeit und Komfort<\/h3>\n<p>Auf gutem Asphalt spielt ein Schr\u00e4gheckwagen dieser Art seine St\u00e4rken am besten aus: schnelle Spurwechsel, gute Wankstabilit\u00e4t und ein solides Fahrgef\u00fchl. Auf unebenen Stra\u00dfen h\u00e4ngt viel von der Fahrwerksabstimmung und dem Reifenprofil ab: Mit gro\u00dfen, hochwertigen R\u00e4dern kann der Fahrkomfort sp\u00fcrbar straffer ausfallen, das Ansprechverhalten wird aber pr\u00e4ziser.<\/p>\n<p>Die Ger\u00e4uschd\u00e4mmung moderner Versionen ist im Alltag in der Regel ausreichend: Bei Stadtgeschwindigkeit f\u00e4hrt sich das Auto angenehm ruhig, w\u00e4hrend auf der Autobahn die Reifenwahl und die Fahrbahnbeschaffenheit eine gr\u00f6\u00dfere Rolle spielen. Besonders hervorzuheben ist die Stabilit\u00e4t bei h\u00f6heren Geschwindigkeiten: Der lange Radstand in Kombination mit modernen elektronischen Assistenzsystemen sorgt f\u00fcr ein berechenbares Fahrverhalten.<\/p>\n<h2>Sicherheitskr\u00e4fte und Assistenten<\/h2>\n<p>Der BMW 1er des Modelljahres 2026 gilt als Fahrzeug, bei dem elektronische Fahrassistenzsysteme zur Grundvoraussetzung des sicheren Fahrens geh\u00f6ren. Je nach Ausstattungsvariante sind aktive Sicherheitssysteme wie Spurverlassenswarnung, Kollisionswarnung, adaptive Geschwindigkeitsregelung, Totwinkelassistent sowie Kameras und Parksensoren verf\u00fcgbar.<\/p>\n<p>Ein praktischer Tipp zur Wahl der Ausstattungsvariante: Wenn Sie viel in der Stadt unterwegs sind und h\u00e4ufig parken, sind Kameras, eine 360-Grad-Kamera (falls verf\u00fcgbar) und erweiterte Parkszenarien besonders n\u00fctzlich. Bei Autobahnfahrten sind hingegen adaptive Geschwindigkeitsregelung und Spurhalteassistent wertvoller, da sie die Erm\u00fcdung auf langen Strecken reduzieren.<\/p>\n<h2>Wettbewerber und Positionierung<\/h2>\n<p>Der Wettbewerb in der Kompaktklasse der Premium-Schr\u00e4ghecklimousinen ist traditionell hart: Konkurrierende Modelle bieten in der Regel \u00e4hnliche Technologiepakete, markante Designakzente und leicht unterschiedliche Fahrwerkseinstellungen. Der BMW 1er des Modelljahrs 2026 zeichnet sich durch sein Bestreben aus, trotz des allgemeinen Trends zur Digitalisierung des Innenraums und der zunehmenden Anzahl von Fahrerassistenzsystemen seinen fahrerorientierten Charakter beizubehalten.<\/p>\n<p>Dieses Auto eignet sich am besten f\u00fcr alle, die kompakte Abmessungen w\u00fcnschen, ohne dabei auf ein zu sportliches Fahrgef\u00fchl zu verzichten. Wenn hochwertige Materialien, pr\u00e4zises Ansprechverhalten und ein modernes Infotainmentsystem wichtig sind, bleibt der 1er einer der besten Einstiegspunkte in das Segment der Premium-Kompaktwagen.<\/p>","protected":false},"excerpt":{"rendered":"<p>Kompakte Schr\u00e4gheckmodelle sind wieder im Trend: Sie sind praktisch in der Stadt, leichter zu parken und k\u00f6nnen trotzdem als vollwertiges Alltagsauto dienen. Der BMW 1\u2026<\/p>","protected":false},"author":1,"featured_media":38294,"comment_status":"open","ping_status":"closed","sticky":false,"template":"","format":"standard","meta":{"footnotes":""},"categories":[60],"tags":[],"class_list":["post-38293","post","type-post","status-publish","format-standard","has-post-thumbnail","hentry","category-avtomobili","hvn-theme-has-thumbnail"],"_links":{"self":[{"href":"https:\/\/imgist.ru\/de\/wp-json\/wp\/v2\/posts\/38293","targetHints":{"allow":["GET"]}}],"collection":[{"href":"https:\/\/imgist.ru\/de\/wp-json\/wp\/v2\/posts"}],"about":[{"href":"https:\/\/imgist.ru\/de\/wp-json\/wp\/v2\/types\/post"}],"author":[{"embeddable":true,"href":"https:\/\/imgist.ru\/de\/wp-json\/wp\/v2\/users\/1"}],"replies":[{"embeddable":true,"href":"https:\/\/imgist.ru\/de\/wp-json\/wp\/v2\/comments?post=38293"}],"version-history":[{"count":1,"href":"https:\/\/imgist.ru\/de\/wp-json\/wp\/v2\/posts\/38293\/revisions"}],"predecessor-version":[{"id":162366,"href":"https:\/\/imgist.ru\/de\/wp-json\/wp\/v2\/posts\/38293\/revisions\/162366"}],"wp:featuredmedia":[{"embeddable":true,"href":"https:\/\/imgist.ru\/de\/wp-json\/wp\/v2\/media\/38294"}],"wp:attachment":[{"href":"https:\/\/imgist.ru\/de\/wp-json\/wp\/v2\/media?parent=38293"}],"wp:term":[{"taxonomy":"category","embeddable":true,"href":"https:\/\/imgist.ru\/de\/wp-json\/wp\/v2\/categories?post=38293"},{"taxonomy":"post_tag","embeddable":true,"href":"https:\/\/imgist.ru\/de\/wp-json\/wp\/v2\/tags?post=38293"}],"curies":[{"name":"wp","href":"https:\/\/api.w.org\/{rel}","templated":true}]}}