{"id":4231,"date":"2026-06-01T03:18:52","date_gmt":"2026-06-01T00:18:52","guid":{"rendered":"https:\/\/imgist.ru\/dzhenku-ujguru-iz-organizaczii-molodye-turki-zapreshhen-vezd-v-velikobritaniyu\/"},"modified":"2026-06-01T03:18:52","modified_gmt":"2026-06-01T00:18:52","slug":"jenku-ujguru-von-der-organisation-jungturken-hat-ein-einreiseverbot-fur-grosbritannien","status":"publish","type":"post","link":"https:\/\/imgist.ru\/de\/dzhenku-ujguru-iz-organizaczii-molodye-turki-zapreshhen-vezd-v-velikobritaniyu\/","title":{"rendered":"Cenk Uygur von der Organisation Jungt\u00fcrken wurde die Einreise nach Gro\u00dfbritannien verboten."},"content":{"rendered":"<p>(Foto mit freundlicher Genehmigung des YouTube-Kanals The Young Turks)<\/p>\n<p> Wie die Zeitung am Sonntag berichtete, <em>Mal<\/em> , Chefexperte und Mitbegr\u00fcnder von The Young Turks <strong>Jenku Uyghur<\/strong> Ihm wurde die Einreise nach Gro\u00dfbritannien verweigert, da die Regierung bef\u00fcrchtete, seine Anwesenheit sei \u00abnicht f\u00f6rderlich f\u00fcr das Gemeinwohl\u00bb.<\/p>\n<p> Uyghur sollte Ende dieser Woche beim SXSW-Festival in London auftreten. Doch der britische Innenminister sagte ab. <strong>Shabana Mahmud<\/strong> Das Unternehmen entschied, dass der linksorientierte Kommentator nicht geeignet sei, ins Land einzureisen, unter anderem wegen seiner scharfen \u00c4u\u00dferungen \u00fcber Israel.<\/p>\n<p> <em>Die Times-Zeitung<\/em> berichteten:<\/p>\n<blockquote>\n<p> Die Entscheidung, Uyghur die Einreise nach Gro\u00dfbritannien zu verweigern, beruhte Berichten zufolge auf mehreren Gr\u00fcnden, darunter der Bef\u00fcrchtung, dass seine Anwesenheit den Antisemitismus aufgrund seiner Rhetorik nach den Anschl\u00e4gen vom 7. Oktober 2023 versch\u00e4rfen k\u00f6nnte.<\/p>\n<p> Dazu geh\u00f6rte die Wiederholung klassischer antisemitischer Stereotype, wie etwa die Behauptung, Israel kontrolliere Amerika. Im vergangenen Juli behauptete er in seinem Podcast f\u00e4lschlicherweise, die Israel-Lobby habe dem Kongress mehr Spenden zukommen lassen als jede andere Gruppe.<\/p>\n<\/blockquote>\n<p> Am Sonntag best\u00e4tigte Uyghur in einem Beitrag auf X-Stop, dass ihm die Einreise nach Gro\u00dfbritannien verweigert worden sei. Er behauptete, dies sei geschehen, weil er \u00abIsrael kritisiert\u00bb habe.<\/p>\n<p> \u00abSind wir denn noch frei?\u00bb, fuhr er fort. \u201eDas ist Unterdr\u00fcckung westlicher B\u00fcrger durch unsere eigenen Regierungen im Auftrag eines anderen Landes!\u201c<\/p>\n<p> Sein Neffe, ein beliebter Streamer und ehemaliger TYT-Kommentator <strong>Hasan Payker<\/strong> , sagte er am Sonntag in einer Live-Sendung, dass ihm auch die Einreise nach Gro\u00dfbritannien verboten worden sei.<\/p>\n<p> \u00abIch wollte eigentlich nicht dar\u00fcber reden, aber, \u00e4h, mein Visum wurde auch annulliert\u00bb, sagte Piker. \u00abWir haben es gerade erst erfahren \u2026 Ich wei\u00df nicht, mit wem ich dar\u00fcber sprechen soll.\u00bb.<\/p>\n<p> Piker sorgte im Laufe der Jahre mit einer Reihe von Aussagen f\u00fcr Schlagzeilen, unter anderem mit der Aussage, Amerika habe die Anschl\u00e4ge vom 11. September \u00abverdient\u00bb.<\/p>\n<p> Er bezeichnete die Hamas au\u00dferdem als \u00abdas kleinere \u00dcbel\u00bb und verglich die Terrororganisation mit Israel. Und letzten Monat nannte Piker in einem Auftritt im Podcast \u00abPod Save America\u00bb die Republikanische Partei \u00abdie gr\u00f6\u00dfte inl\u00e4ndische Terrororganisation der Welt\u00bb und \u201eden gr\u00f6\u00dften internationalen Terroristen der Welt\u201c.<\/p>\n<p> Der Artikel \u00abCenk Uygur von den Jungt\u00fcrken darf nicht nach Gro\u00dfbritannien einreisen\u00bb erschien zuerst auf der Website Mediaite.<\/p>","protected":false},"excerpt":{"rendered":"<p>(Foto mit freundlicher Genehmigung des YouTube-Kanals \u201eThe Young Turks\u201c) Wie die Times am Sonntag berichtete, ist Cenk Uygur, Chef-Experte und Mitbegr\u00fcnder von \u201eThe Young Turks\u201c, \u2026<\/p>","protected":false},"author":1,"featured_media":4232,"comment_status":"open","ping_status":"closed","sticky":false,"template":"","format":"standard","meta":{"footnotes":""},"categories":[5],"tags":[],"class_list":["post-4231","post","type-post","status-publish","format-standard","has-post-thumbnail","hentry","category-selebriti","hvn-theme-has-thumbnail"],"_links":{"self":[{"href":"https:\/\/imgist.ru\/de\/wp-json\/wp\/v2\/posts\/4231","targetHints":{"allow":["GET"]}}],"collection":[{"href":"https:\/\/imgist.ru\/de\/wp-json\/wp\/v2\/posts"}],"about":[{"href":"https:\/\/imgist.ru\/de\/wp-json\/wp\/v2\/types\/post"}],"author":[{"embeddable":true,"href":"https:\/\/imgist.ru\/de\/wp-json\/wp\/v2\/users\/1"}],"replies":[{"embeddable":true,"href":"https:\/\/imgist.ru\/de\/wp-json\/wp\/v2\/comments?post=4231"}],"version-history":[{"count":0,"href":"https:\/\/imgist.ru\/de\/wp-json\/wp\/v2\/posts\/4231\/revisions"}],"wp:featuredmedia":[{"embeddable":true,"href":"https:\/\/imgist.ru\/de\/wp-json\/wp\/v2\/media\/4232"}],"wp:attachment":[{"href":"https:\/\/imgist.ru\/de\/wp-json\/wp\/v2\/media?parent=4231"}],"wp:term":[{"taxonomy":"category","embeddable":true,"href":"https:\/\/imgist.ru\/de\/wp-json\/wp\/v2\/categories?post=4231"},{"taxonomy":"post_tag","embeddable":true,"href":"https:\/\/imgist.ru\/de\/wp-json\/wp\/v2\/tags?post=4231"}],"curies":[{"name":"wp","href":"https:\/\/api.w.org\/{rel}","templated":true}]}}