{"id":495,"date":"2026-05-29T18:19:35","date_gmt":"2026-05-29T15:19:35","guid":{"rendered":"https:\/\/imgist.ru\/stiven-a-smit-priznalsya-chto-ego-uzhasno-zadelo-chto-kevin-hart-vklyuchil-ego-v-goru-rashmor-rasizma-vo-vremya-svoego-vystupleniya\/"},"modified":"2026-05-29T18:19:35","modified_gmt":"2026-05-29T15:19:35","slug":"stephen-a-smith-gab-zu-dass-er-zutiefst-beleidigt-war-dass-kevin-hart-ihn-wahrend-seiner-rede-in-eine-tirade-uber-rassismus-einbezogen-hatte","status":"publish","type":"post","link":"https:\/\/imgist.ru\/de\/stiven-a-smit-priznalsya-chto-ego-uzhasno-zadelo-chto-kevin-hart-vklyuchil-ego-v-goru-rashmor-rasizma-vo-vremya-svoego-vystupleniya\/","title":{"rendered":"Stephen A. Smith gab zu, dass er sich \u00abzutiefst beleidigt\u00bb f\u00fchlte, als Kevin Hart ihn in seiner Rede auf den \u00abMount Rushmore des Rassismus\u00bb aufnahm."},"content":{"rendered":"<p><strong>Stephen A. Smith<\/strong> gab zu, dass ihn die Tatsache verletzt habe, <strong>Kevin Hart<\/strong> Er hat es in seinem j\u00fcngsten Comedy-Programm in die \u00abMount Rushmore des Rassismus\u00bb aufgenommen.<\/p>\n<p> Hart ist das Thema der neuesten Comedy-Show von Netflix, die vom Komiker moderiert wird. <strong>Shane Gillis<\/strong> . An einer Stelle der Sendung scherzte Hart, Gillis geh\u00f6re zu seinem \u00abMount Rushmore des Rassismus\u00bb.<\/p>\n<p> Die Liste, so Hart weiter, umfasste auch <strong>Kid Rock<\/strong> , <strong>Hulk Hogan<\/strong> und Smith.<\/p>\n<p> Am Mittwoch strahlte er sein Programm im Fernsehen aus. <em>Direkter Sch\u00fctze<\/em> Auf SiriusXM sagte Smith, der Witz habe ihn \u00abbis ins Mark getroffen\u00bb. <\/p>\n<p> \u00abZun\u00e4chst einmal hatte ich \u2013 oder zumindest dachte ich das \u2013 ein ziemlich gutes Verh\u00e4ltnis zu Kevin Hart\u00bb, begann Smith. \u00abEr war schon oft Gast in meiner Show. Ich kenne ihn schon seit vielen Jahren.\u00bb.<\/p>\n<p> Er fuhr fort: <\/p>\n<blockquote>\n<p> Ich wei\u00df nicht. Ich meine, es ist ja eine Art Roast, aber, wissen Sie, es wird so viel dar\u00fcber diskutiert, weil viele Leute fanden, dass zu viele Witze bei diesem Roast geschmacklos waren. Ich bin der Meinung, dass ein Roast ein Roast ist und die Leute hingehen, um kritisiert zu werden. Er wurde ja schon vorher kritisiert, und so weiter. Aber ich werde nicht so tun, als ob ich nicht w\u00fcsste, dass dieses Jahr ein sehr, sehr schwieriges Jahr f\u00fcr mich war. Zwar hatte ich das gro\u00dfe Gl\u00fcck, meine Zukunft auf eine Weise zu sichern, von der ich nie zu tr\u00e4umen gewagt h\u00e4tte \u2013 zuerst bei ESPN und dann hier bei SiriusXM \u2013, aber die Kehrseite der Medaille ist, dass ich viel Kritik f\u00fcr vermeintliche Positionen einstecken musste.<\/p>\n<\/blockquote>\n<p> Anschlie\u00dfend griff Smith die Demokratische Partei an und beschuldigte deren Mitglieder, ihn \u00abzum Schweigen bringen\u00bb zu wollen.<\/p>\n<p> Er sagte au\u00dferdem, die Kritik best\u00e4rke ihn nur noch mehr in seinem Entschluss, f\u00fcr das Pr\u00e4sidentenamt zu kandidieren \u2013 eine Idee, die er schon seit \u00fcber einem Jahr verfolgt, seitdem sein Name auf den Kandidatenlisten f\u00fcr die Wahlen 2028 auftauchte.<\/p>\n<p> Der Artikel \u00abStephen A. Smith gibt zu, dass er sich \u00abschrecklich beleidigt\u00bb f\u00fchlte, als Kevin Hart ihn in seiner Rede in die \u00abMount Rushmore des Rassismus\u00bb aufnahm\u00bb erschien zuerst auf Mediaite. .<\/p>","protected":false},"excerpt":{"rendered":"<p>Stephen A. Smith gab zu, dass er sich durch Kevin Harts Einbeziehung in die Liste der \u00abMount Rushmore des Rassismus\u00bb in seinem j\u00fcngsten Comedy-Programm beleidigt f\u00fchlte. Hart wurde daraufhin...<\/p>","protected":false},"author":1,"featured_media":496,"comment_status":"open","ping_status":"closed","sticky":false,"template":"","format":"standard","meta":{"footnotes":""},"categories":[5],"tags":[],"class_list":["post-495","post","type-post","status-publish","format-standard","has-post-thumbnail","hentry","category-selebriti","hvn-theme-has-thumbnail"],"_links":{"self":[{"href":"https:\/\/imgist.ru\/de\/wp-json\/wp\/v2\/posts\/495","targetHints":{"allow":["GET"]}}],"collection":[{"href":"https:\/\/imgist.ru\/de\/wp-json\/wp\/v2\/posts"}],"about":[{"href":"https:\/\/imgist.ru\/de\/wp-json\/wp\/v2\/types\/post"}],"author":[{"embeddable":true,"href":"https:\/\/imgist.ru\/de\/wp-json\/wp\/v2\/users\/1"}],"replies":[{"embeddable":true,"href":"https:\/\/imgist.ru\/de\/wp-json\/wp\/v2\/comments?post=495"}],"version-history":[{"count":0,"href":"https:\/\/imgist.ru\/de\/wp-json\/wp\/v2\/posts\/495\/revisions"}],"wp:featuredmedia":[{"embeddable":true,"href":"https:\/\/imgist.ru\/de\/wp-json\/wp\/v2\/media\/496"}],"wp:attachment":[{"href":"https:\/\/imgist.ru\/de\/wp-json\/wp\/v2\/media?parent=495"}],"wp:term":[{"taxonomy":"category","embeddable":true,"href":"https:\/\/imgist.ru\/de\/wp-json\/wp\/v2\/categories?post=495"},{"taxonomy":"post_tag","embeddable":true,"href":"https:\/\/imgist.ru\/de\/wp-json\/wp\/v2\/tags?post=495"}],"curies":[{"name":"wp","href":"https:\/\/api.w.org\/{rel}","templated":true}]}}