{"id":5096,"date":"2026-06-01T17:19:42","date_gmt":"2026-06-01T14:19:42","guid":{"rendered":"https:\/\/imgist.ru\/istochnik-iz-korolevskoj-semi-utverzhdaet-chto-princz-uilyam-okazyvaet-davlenie-na-korolya-charlza-chtoby-tot-otreksya-ot-prestola\/"},"modified":"2026-06-01T17:19:42","modified_gmt":"2026-06-01T14:19:42","slug":"eine-quelle-aus-dem-konigshaus-behauptet-prinz-william-ube-druck-auf-konig-charles-aus-abzudanken","status":"publish","type":"post","link":"https:\/\/imgist.ru\/de\/istochnik-iz-korolevskoj-semi-utverzhdaet-chto-princz-uilyam-okazyvaet-davlenie-na-korolya-charlza-chtoby-tot-otreksya-ot-prestola\/","title":{"rendered":"Eine Quelle aus dem K\u00f6nigshaus behauptet, Prinz William \u00fcbe Druck auf K\u00f6nig Charles aus, vom Thron abzudanken."},"content":{"rendered":"<p>Es wird berichtet, dass <strong>Prinz William<\/strong> begann, den 77-J\u00e4hrigen beharrlicher zu \u00fcberzeugen <strong>K\u00f6nig Karl<\/strong> Verzichtet auf den Thron und konzentriert euch auf Gesundheitsprobleme.<\/p>\n<p> Nach seiner Krebsdiagnose im Jahr 2024 m\u00f6chte K\u00f6nig Charles, dem Beispiel seiner Mutter, K\u00f6nigin Elizabeth II., folgend, seine Regentschaft auf absehbare Zeit fortsetzen. Auch K\u00f6nigin Camilla, 78, scheint sich Sorgen um die Gesundheit ihres Mannes und seinen vollen Terminkalender zu machen.<\/p>\n<h2> Will Prinz William, dass K\u00f6nig Charles aus gesundheitlichen Gr\u00fcnden abdankt?<\/h2>\n<p> K\u00f6nig Karl scheint jedoch kein Interesse daran zu haben, auf den Thron zu verzichten, und wird das Erbe der Windsors bis zum Ende weiterf\u00fchren.<\/p>\n<p> Die Spannungen zwischen dem Monarchen und dem Thronfolger scheinen \u00fcber den Thron hinauszugehen. W\u00e4hrend K\u00f6nig Charles weiterhin offen f\u00fcr eine gute Beziehung zu Prinz Harry und Meghan Markle ist, hat sein Sohn erkl\u00e4rt, dass er keinerlei Kontakt zum Herzog und zur Herzogin von Sussex haben will.<\/p>\n<p> Prinz William ist weiterhin entschlossen, die Beziehungen zu Prinz Andrew wegen dessen Verwicklung in die Jeffrey-Epstein-Aff\u00e4re abzubrechen, w\u00e4hrend K\u00f6nig Charles gegen\u00fcber dem in Ungnade gefallenen Royal einen milderen Ansatz verfolgt.<\/p>\n<p> Vater und Sohn sind sich uneinig \u00fcber das Treffen des K\u00f6nigs mit US-Pr\u00e4sident Donald Trump, der zuvor seine Unzufriedenheit mit der britischen Regierung ge\u00e4u\u00dfert hatte, da diese die von den USA angef\u00fchrte Flotte zur \u00d6ffnung der strategisch wichtigen Stra\u00dfe von Hormus vor der iranischen K\u00fcste nicht unterst\u00fctzt habe. Der K\u00f6nigshausexperte Duncan Larcombe merkte an: \u00abDonald Trump kritisiert den Premierminister offen \u2013 etwas, womit sich Charles noch nie auseinandersetzen musste.\u00bb.<\/p>\n<p> Larcombe \u00e4u\u00dferte sich auch dahingehend, dass der K\u00f6nig trotz des Drucks zur Abdankung wahrscheinlich weiterhin seine k\u00f6niglichen Pflichten wahrnehmen w\u00fcrde: \u00abIch w\u00fcrde sagen: Wenn er sich aufgrund von Krankheit nicht in der Lage s\u00e4he, seine Pflichten zu erf\u00fcllen, und wenn er das Gef\u00fchl h\u00e4tte, dass seine Gesundheit seine Position in irgendeiner Weise beeintr\u00e4chtigt, dann w\u00fcrde er nicht unbedingt versuchen, zur\u00fcckzutreten.\u00bb.<\/p>\n<p> <strong>Was haltet ihr von diesem k\u00f6niglichen Riss?<\/strong><\/p>\n<p> Der Originalartikel wurde von Srimanthi Sengupta auf der Website Reality Tea ver\u00f6ffentlicht.<\/p>\n<p> Der Artikel \u00abEin Insider des K\u00f6nigshauses behauptet, Prinz William setze K\u00f6nig Charles unter Druck, abzudanken\u00bb erschien zuerst auf der Website Mandatory.<\/p>","protected":false},"excerpt":{"rendered":"<p>Prinz William soll seine Bem\u00fchungen, den 77-j\u00e4hrigen K\u00f6nig Charles zum Abdanken und zur Konzentration auf seine Gesundheit zu bewegen, verst\u00e4rkt haben. Nach\u2026<\/p>","protected":false},"author":1,"featured_media":5097,"comment_status":"open","ping_status":"closed","sticky":false,"template":"","format":"standard","meta":{"footnotes":""},"categories":[5],"tags":[],"class_list":["post-5096","post","type-post","status-publish","format-standard","has-post-thumbnail","hentry","category-selebriti","hvn-theme-has-thumbnail"],"_links":{"self":[{"href":"https:\/\/imgist.ru\/de\/wp-json\/wp\/v2\/posts\/5096","targetHints":{"allow":["GET"]}}],"collection":[{"href":"https:\/\/imgist.ru\/de\/wp-json\/wp\/v2\/posts"}],"about":[{"href":"https:\/\/imgist.ru\/de\/wp-json\/wp\/v2\/types\/post"}],"author":[{"embeddable":true,"href":"https:\/\/imgist.ru\/de\/wp-json\/wp\/v2\/users\/1"}],"replies":[{"embeddable":true,"href":"https:\/\/imgist.ru\/de\/wp-json\/wp\/v2\/comments?post=5096"}],"version-history":[{"count":0,"href":"https:\/\/imgist.ru\/de\/wp-json\/wp\/v2\/posts\/5096\/revisions"}],"wp:featuredmedia":[{"embeddable":true,"href":"https:\/\/imgist.ru\/de\/wp-json\/wp\/v2\/media\/5097"}],"wp:attachment":[{"href":"https:\/\/imgist.ru\/de\/wp-json\/wp\/v2\/media?parent=5096"}],"wp:term":[{"taxonomy":"category","embeddable":true,"href":"https:\/\/imgist.ru\/de\/wp-json\/wp\/v2\/categories?post=5096"},{"taxonomy":"post_tag","embeddable":true,"href":"https:\/\/imgist.ru\/de\/wp-json\/wp\/v2\/tags?post=5096"}],"curies":[{"name":"wp","href":"https:\/\/api.w.org\/{rel}","templated":true}]}}