{"id":558,"date":"2026-01-27T23:01:01","date_gmt":"2026-01-27T21:01:01","guid":{"rendered":"http:\/\/aleksawn.bget.ru\/drugie\/stihi-pro-les.html"},"modified":"2026-08-24T13:20:50","modified_gmt":"2026-08-24T10:20:50","slug":"gedichte-uber-walder","status":"publish","type":"post","link":"https:\/\/imgist.ru\/de\/stihi-pro-les\/","title":{"rendered":"Gedichte \u00fcber den Wald: wundersch\u00f6ne Werke \u00fcber die Sch\u00f6nheit der Natur"},"content":{"rendered":"<p>Ein Wald ist mehr als nur eine Ansammlung von B\u00e4umen; er ist eine Welt f\u00fcr sich, die ihren eigenen Gesetzen folgt. Hier herrscht eine besondere Stille, die nur vom Rascheln der Bl\u00e4tter und dem Gesang der V\u00f6gel unterbrochen wird. Im Wald kann man sich der Natur verbunden f\u00fchlen, der Hektik der Stadt entfliehen und zu sich selbst finden. Diese Gedichte sind der Versuch, Momente, Erlebnisse und Gedanken einzufangen, die von der Sch\u00f6nheit des Waldes inspiriert sind.<\/p>\n<div class=\"poems\">\n<div class=\"poem\">\n<h2>Erster Strahl<\/h2>\n<pre class=\"poem-text\">\nDie Sonne brach zaghaft durch die Baumwipfel und tauchte das Laub in goldenes Licht. Der feuchte Boden erwachte aus seinem n\u00e4chtlichen Schlaf und wurde etwas blasser. Der Schatten der Birke fiel schr\u00e4g, und die V\u00f6gel begannen im Morgengrauen zu singen. Dieser Augenblick ist ein Moment der Natur, des Gl\u00fccks und des Friedens auf der feuchten Erde.\n    <\/pre>\n<\/p><\/div>\n<\/div>\n<div class=\"poems\">\n<div class=\"poem\">\n<h2>Waldweg<\/h2>\n<pre class=\"poem-text\">\nDer Pfad schl\u00e4ngelt sich, lockt in die Ferne, durch das Dickicht, wo die D\u00e4mmerung wohnt. Hier ist jedes Rascheln ein Zeichen, jeder Seufzer eine Melodie. Ein Teppich aus Bl\u00e4ttern, Moos und dichten Kiefernnadeln breitet sich unter deinen F\u00fc\u00dfen aus. Vergiss die Zeit, all die Streitereien und versinke in der Stille des Waldes. Atme die k\u00fchle, kraftvolle Luft ein und sp\u00fcre die Ber\u00fchrung der Heimat. Der Wald ist eine Welt, die dem Herzen teuer ist, und in ihm findest du Frieden.\n    <\/pre>\n<\/p><\/div>\n<\/div>\n<div class=\"poems\">\n<div class=\"poem\">\n<h2>Das Fl\u00fcstern der Kiefern<\/h2>\n<pre class=\"poem-text\">\nHohe Kiefern, wie uralte W\u00e4chter, bewahren die Stille der Waldtiefen. Ihre Kronen wiegen sich, kaum noch lebendig, im wechselnden Wind. Sie fl\u00fcstern von Geheimnissen, von ewigem Frieden, von der Zeit, die in der Ferne verrinnt. Und in diesem leisen, schlichten Fl\u00fcstern findet sich wahre Moral.\n    <\/pre>\n<\/p><\/div>\n<\/div>\n<div class=\"poems\">\n<div class=\"poem\">\n<h2>Regen im Wald<\/h2>\n<pre class=\"poem-text\">\nDer Regen trommelt m\u00fcde auf die Bl\u00e4tter und w\u00e4scht den Staub von den Waldwegen. Alles ist erstarrt, still, gefangen in der Umarmung feuchter, k\u00fchler Linien. Die Erde trinkt gierig und langsam Wasser, erf\u00fcllt von lebensspendender Kraft. Und der Wald seufzt, frei und entspannt, findet Frieden und Idylle im Regen. Der Duft von Kiefernnadeln, Pilzen und Erde vermischt sich in der Luft, berauschend und lockend. Im Regen scheint der Wald zu erwachen, zu erbl\u00fchen, und seine Sch\u00f6nheit ist \u00fcberirdisch.\n    <\/pre>\n<\/p><\/div>\n<\/div>\n<div class=\"poems\">\n<div class=\"poem\">\n<h2>Pilzlichtung<\/h2>\n<pre class=\"poem-text\">\nZwischen Moos und Farnen tat sich wie durch ein Wunder eine Pilzwiese auf. Steinpilze, Pfifferlinge und Birkenpilze wuchsen \u00fcberall, die Natur bot eine reiche Ernte. Leg sie in deinen Korb, nimm dir Zeit und genie\u00dfe die F\u00fclle des Waldes. Und denk daran: Der Wald ist nicht nur Balsam f\u00fcr die Seele, sondern auch f\u00fcr den K\u00f6rper, mit seiner Best\u00e4ndigkeit.\n    <\/pre>\n<\/p><\/div>\n<\/div>\n<div class=\"poems\">\n<div class=\"poem\">\n<h2>Herbstwald<\/h2>\n<pre class=\"poem-text\">\nPurpurrot, Gold, Kupfer und Ocker \u2013 der Herbstwald in seiner ganzen Pracht. Ein Abschiedstanz, stille Trauer und die melancholischen Lieder des Windes. Bl\u00e4tter wirbeln und fallen und bedecken den Boden mit einem bunten Teppich. Alles erstarrt, bereitet sich auf den Winter vor, in Erwartung des reinen, wei\u00dfen Schnees. Und in dieser Stille, in dieser Sch\u00f6nheit sp\u00fcrt man eine tiefe Verbundenheit mit der Natur. Der Herbstwald ist eine Zeit der Tr\u00e4ume und der Besinnung auf ein vergangenes Leben.\n    <\/pre>\n<\/p><\/div>\n<\/div>\n<div class=\"poems\">\n<div class=\"poem\">\n<h2>Waldfluss<\/h2>\n<pre class=\"poem-text\">\nDer Fluss pl\u00e4tschert, bricht sich durch die Steine und spiegelt den Himmel in seiner Oberfl\u00e4che. Fische planschen darin, verspielt und geheimnisvoll, und die B\u00e4ume fl\u00fcstern von ewiger K\u00fchle. Das Wasser ist klar wie Bergkristall, und man kann den gesamten Grund darin sehen. Der Fluss ist der Ursprung des Lebens und ein Symbol des ewigen, strahlenden Grundes.\n    <\/pre>\n<\/p><\/div>\n<\/div>\n<div class=\"poems\">\n<div class=\"poem\">\n<h2>Vergessener Pfad<\/h2>\n<pre class=\"poem-text\">\nEin vergessener, moosbewachsener Pfad f\u00fchrt tief in den Wald hinein, in unbekannte Weiten. Hier steht die Zeit still, und jedes Haus birgt seine Geheimnisse, seinen Kummer und seine Ferne. Ihn zu beschreiten bedeutet, zur\u00fcckzukehren \u2013 in die Kindheit, zu Tr\u00e4umen, zu vergessenen Tagen. Und das Herz im Einklang mit der Natur, dem Wald, der Heimat schlagen zu sp\u00fcren.\n    <\/pre>\n<\/p><\/div>\n<\/div>\n<div class=\"poems\">\n<div class=\"poem\">\n<h2>Waldtier<\/h2>\n<pre class=\"poem-text\">\nIm Dickicht des Waldes, zwischen den dichten B\u00e4umen, huschte ein Schatten wie ein Gespenst der Nacht. Ein Waldtier, vorsichtig und still, verschwand im Nu und hinterlie\u00df Frieden. Nur das Rascheln der Bl\u00e4tter und das Knistern der Zweige erinnerten an seine schnelle Flucht. Und in diesem Augenblick, voller Staunen, sp\u00fcrte der Wald seine Kraft und seine Last.\n    <\/pre>\n<\/p><\/div>\n<\/div>\n<div class=\"poems\">\n<div class=\"poem\">\n<h2>Abendwald<\/h2>\n<pre class=\"poem-text\">\nDie Sonne ist untergegangen, der Wald liegt in Dunkelheit geh\u00fcllt, nur Mondlicht dringt durch die Baumwipfel. Alles ist still, ruhig in der Stille der Nacht, und nur der Ruf einer Eule ist zu h\u00f6ren, wie ein St\u00f6hnen. Die Luft duftet nach Kiefernnadeln und Feuchtigkeit, und es scheint, als ob der Wald lebte und atmete. Im geheimnisvollen Abendwald findet die Seele Frieden und Ruhe.\n    <\/pre>\n<\/p><\/div>\n<\/div>\n<div class=\"poems\">\n<div class=\"poem\">\n<h2>Waldgeschichte<\/h2>\n<pre class=\"poem-text\">\nIm Wald lebt ein M\u00e4rchen voller Wunder, wo Feen im Mondlicht tanzen, wo Gnome ihr geheimes Gewicht bewahren und die Tiere den Walddialekt sprechen. In diesem M\u00e4rchen kannst du an alles glauben, an G\u00fcte und Liebe, an Magie und Wunder. Und du kannst Kummer, Schmerz und B\u00f6ses vergessen und einfach das Leben \u00fcberall genie\u00dfen.\n    <\/pre>\n<\/p><\/div>\n<\/div>\n<div class=\"poems\">\n<div class=\"poem\">\n<h2>Winterwald<\/h2>\n<pre class=\"poem-text\">\nEine wei\u00dfe Decke bedeckt die Landschaft, die B\u00e4ume erstrahlen in silbernem Glanz. Der Winterwald ist Stille und Klang zugleich, Schneeflocken tanzen in der winterlichen K\u00e4lte. Alles ist erstarrt, still, in einen tiefen Schlaf gefallen und erwartet Fr\u00fchling und W\u00e4rme. Und in dieser Stille, in dieser Sch\u00f6nheit sp\u00fcrt man die Verbundenheit mit der Natur, ein Licht.\n    <\/pre>\n<\/p><\/div>\n<\/div>\n<div class=\"poems\">\n<div class=\"poem\">\n<h2>Waldecho<\/h2>\n<pre class=\"poem-text\">\nDer Ruf eines Vogels im Wald hallt wie ein Echo in die Ferne, hinter die B\u00e4ume. Er verklingt, dann erklingt er erneut und erf\u00fcllt den Wald mit \u00fcberirdischen Kl\u00e4ngen. Echos sind das Ged\u00e4chtnis des Waldes, der Vergangenheit, der Gegenwart und der Zukunft. Sie bergen alle Geheimnisse in sich und erf\u00fcllen uns mit Staunen.\n    <\/pre>\n<\/p><\/div>\n<\/div>\n<div class=\"poems\">\n<div class=\"poem\">\n<h2>Waldgesang<\/h2>\n<pre class=\"poem-text\">\nDas Rascheln der Bl\u00e4tter, das Pl\u00e4tschern eines Baches, der Gesang der V\u00f6gel, das Knistern der Zweige unter den F\u00fc\u00dfen. All dies, meine Freunde, ist ein Waldgesang, voller Leben und Wunder. Er erklingt in jedem Winkel des Waldes, in jedem Baum, in jedem Grashalm. Und in diesem Gesang h\u00f6rt man die Stimme der Natur, rein und klar. Er schenkt uns Freude und Inspiration und l\u00e4sst uns alle Sorgen vergessen. Ein Waldgesang ist heilsam f\u00fcr eine Seele, die der Welt und der Ferne m\u00fcde ist.\n    <\/pre>\n<\/p><\/div>\n<\/div>","protected":false},"excerpt":{"rendered":"<p>Ein Wald ist mehr als nur eine Ansammlung von B\u00e4umen; er ist eine Welt f\u00fcr sich, die ihren eigenen Gesetzen folgt. Hier herrscht eine besondere Stille, die nur vom Rascheln der Bl\u00e4tter und dem Gesang der V\u00f6gel unterbrochen wird.<\/p>","protected":false},"author":1,"featured_media":0,"comment_status":"open","ping_status":"open","sticky":false,"template":"","format":"standard","meta":{"footnotes":""},"categories":[59],"tags":[],"class_list":["post-558","post","type-post","status-publish","format-standard","hentry","category-stihi"],"_links":{"self":[{"href":"https:\/\/imgist.ru\/de\/wp-json\/wp\/v2\/posts\/558","targetHints":{"allow":["GET"]}}],"collection":[{"href":"https:\/\/imgist.ru\/de\/wp-json\/wp\/v2\/posts"}],"about":[{"href":"https:\/\/imgist.ru\/de\/wp-json\/wp\/v2\/types\/post"}],"author":[{"embeddable":true,"href":"https:\/\/imgist.ru\/de\/wp-json\/wp\/v2\/users\/1"}],"replies":[{"embeddable":true,"href":"https:\/\/imgist.ru\/de\/wp-json\/wp\/v2\/comments?post=558"}],"version-history":[{"count":1,"href":"https:\/\/imgist.ru\/de\/wp-json\/wp\/v2\/posts\/558\/revisions"}],"predecessor-version":[{"id":137528,"href":"https:\/\/imgist.ru\/de\/wp-json\/wp\/v2\/posts\/558\/revisions\/137528"}],"wp:attachment":[{"href":"https:\/\/imgist.ru\/de\/wp-json\/wp\/v2\/media?parent=558"}],"wp:term":[{"taxonomy":"category","embeddable":true,"href":"https:\/\/imgist.ru\/de\/wp-json\/wp\/v2\/categories?post=558"},{"taxonomy":"post_tag","embeddable":true,"href":"https:\/\/imgist.ru\/de\/wp-json\/wp\/v2\/tags?post=558"}],"curies":[{"name":"wp","href":"https:\/\/api.w.org\/{rel}","templated":true}]}}