{"id":5649,"date":"2026-06-01T21:14:43","date_gmt":"2026-06-01T18:14:43","guid":{"rendered":"https:\/\/imgist.ru\/zvezda-seriala-semejka-bredi-govorit-chto-vse-svysoka-smotreli-na-etot-sitkom-kogda-on-vyhodil-v-efir\/"},"modified":"2026-08-29T11:50:58","modified_gmt":"2026-08-29T08:50:58","slug":"der-star-der-serie-semejka-bredi-sagt-dass-jeder-diese-sitcom-gesehen-hat-als-sie-ausgestrahlt-wurde","status":"publish","type":"post","link":"https:\/\/imgist.ru\/de\/zvezda-seriala-semejka-bredi-govorit-chto-vse-svysoka-smotreli-na-etot-sitkom-kogda-on-vyhodil-v-efir\/","title":{"rendered":"Der Star aus \u00abThe Brady Bunch\u00bb sagt, dass alle die Sitcom bei ihrer Erstausstrahlung \u00abverachtet\u00bb h\u00e4tten."},"content":{"rendered":"<p>Stern <em>Die Brady Bunch-Serie\u00ab<\/em> <strong>Yves Plumb<\/strong> Sie wei\u00df, dass die Leute die Kultserie liebten, aber sie wei\u00df auch, dass sie es nicht gerne zugaben.<\/p>\n<p> Die Schauspielerin, die in der Familie die mittlere Tochter Jen Brady spielt, sprach in einem k\u00fcrzlichen Auftritt in der australischen Zeitung dar\u00fcber, wie es war, Teil eines so ikonischen Fernsehprojekts zu sein. <em>Fernsehsendung &quot;The Morning Show&quot;\u00ab<\/em> .<\/p>\n<p> \u00abWir haben uns nie wie gro\u00dfe Stars gef\u00fchlt\u00bb, erkl\u00e4rte sie den Moderatoren. \u00abDie Show war nie ein gro\u00dfer Erfolg beim Publikum. Die Kritiker haben ihr nie gute Kritiken gegeben. Alle haben sie verachtet und sie f\u00fcr oberfl\u00e4chlich und trivial gehalten.\u00bb.<\/p>\n<p> Sie fuhr fort: \u00abWir merkten erst, wie beliebt wir waren, als wir anfingen, Alben aufzunehmen. An den Wochenenden gingen wir in Kaufh\u00e4user, um Autogramme zu geben, und es versammelte sich eine riesige Menschenmenge. Da wurde uns klar: Ja, wir waren wirklich beliebt, aber damals wollte niemand, kein einziger Erwachsener, zugeben, uns zugeschaut zu haben.\u201c <em>\u00abDie Brady Bunch<\/em> \u00bb\u00bb.<\/p>\n<p> Dieser sehr bescheidene Star sprach auch \u00fcber ihre Beziehungen zu ihren Kollegen am Set und best\u00e4tigte dabei das Ger\u00fccht, dass sie wusste <strong>Maureen McCormick<\/strong> sogar bevor sie gemeinsam mit den Dreharbeiten zur Serie begannen.<\/p>\n<p> \u00abDas habe ich geh\u00f6rt\u00bb, sagte Plumb. \u201eIch erinnere mich nicht mehr genau, aber ich glaube, wir haben zusammen einen Werbespot gedreht. Damals haben wir viele kleine M\u00e4dchen beim Vorsprechen gesehen. Wir sind alle an verschiedene Orte gegangen. Wir waren ungef\u00e4hr acht bis zehn. So haben wir nat\u00fcrlich viele M\u00e4dchen kennengelernt. Es war irgendwie ein Teufelskreis.\u201c.<\/p>\n<p> Sie best\u00e4tigte au\u00dferdem, dass sie, <strong>Christopher Knight<\/strong> (Peter Brady) und ihre Ehepartner treffen sich monatlich per Zoom, um bei einem Glas Wein zu plaudern.<\/p>\n<p> Sie bestritt nicht, dass sie und Knight es einmal mit einer Beziehung versucht hatten, erkl\u00e4rte aber, dass schnell klar wurde, dass es f\u00fcr keinen von beiden das Richtige war.<\/p>\n<p> \u00abWir waren so etwas wie ein Paar, aber dann merkten wir, dass wir eher Freunde waren\u00bb, sagte sie. \u00abLange Zeit waren wir die einzigen Menschen, die wir kannten.\u00bb. <\/p>\n<p> Eva Plumb ist \u00abThe Brady Bunch\u00bb zutiefst dankbar. Autor: Sunrise\/YouTube<\/p>\n<p> Insgesamt ist Plumb sehr dankbar f\u00fcr ihre Zeit in der Serie. <em>\u00abDie Brady Bunch\u00bb<\/em> , Die Serie lief von 1969 bis 1974 und diente als Grundlage f\u00fcr zahlreiche Ableger.<\/p>\n<p> \u00abEs war ein wirklich wunderbarer Ort zum Aufwachsen\u00bb, sagte sie. \u00abAls ich die Rolle bekam, <em>in &quot;The Brady Bunch&quot;\u00ab<\/em> , \u00bbIch arbeitete bereits seit etwa vier Jahren beim Fernsehen. Ich hatte schon mehrere Pilotfolgen gedreht. Als alles begann, hatte ich keine Ahnung \u2013 niemand hatte eine Ahnung \u2013, dass es so lange dauern w\u00fcrde.\u201c.<\/p>\n<p> Heute betrachtet Plumb es als gro\u00dfes Gl\u00fcck, sich von der Rolle, die typischerweise von Jan Brady gespielt wurde, l\u00f6sen und nach dem Ende der Serie zahlreiche Fernseh- und Theaterrollen ergattern zu k\u00f6nnen. Sie war unter anderem in folgenden Serien zu sehen: <em>\u00ab&quot;Blaues Blut&quot;\u00bb<\/em> , <em>\u00ab&quot;Absturz&quot;\u00bb<\/em> \u0438 <em>\u00abTage unseres Lebens\u00bb<\/em> .<\/p>\n<p> Sie wirbt derzeit aktiv f\u00fcr ihre Memoiren. <em>\u00abGl\u00fccklich unterwegs: Jen Brady und mehr\u00bb<\/em> , die im April ver\u00f6ffentlicht wurden.<\/p>","protected":false},"excerpt":{"rendered":"<p>Eve Plumb, Star der Serie \u00abThe Brady Bunch\u00bb, wei\u00df, dass die Leute die Kultserie liebten, aber sie wei\u00df auch, dass sie es nicht gerne zugaben. Die Schauspielerin\u2026<\/p>","protected":false},"author":1,"featured_media":5650,"comment_status":"open","ping_status":"closed","sticky":false,"template":"","format":"standard","meta":{"footnotes":""},"categories":[6],"tags":[],"class_list":["post-5649","post","type-post","status-publish","format-standard","has-post-thumbnail","hentry","category-kinoindustriya","hvn-theme-has-thumbnail"],"_links":{"self":[{"href":"https:\/\/imgist.ru\/de\/wp-json\/wp\/v2\/posts\/5649","targetHints":{"allow":["GET"]}}],"collection":[{"href":"https:\/\/imgist.ru\/de\/wp-json\/wp\/v2\/posts"}],"about":[{"href":"https:\/\/imgist.ru\/de\/wp-json\/wp\/v2\/types\/post"}],"author":[{"embeddable":true,"href":"https:\/\/imgist.ru\/de\/wp-json\/wp\/v2\/users\/1"}],"replies":[{"embeddable":true,"href":"https:\/\/imgist.ru\/de\/wp-json\/wp\/v2\/comments?post=5649"}],"version-history":[{"count":1,"href":"https:\/\/imgist.ru\/de\/wp-json\/wp\/v2\/posts\/5649\/revisions"}],"predecessor-version":[{"id":149553,"href":"https:\/\/imgist.ru\/de\/wp-json\/wp\/v2\/posts\/5649\/revisions\/149553"}],"wp:featuredmedia":[{"embeddable":true,"href":"https:\/\/imgist.ru\/de\/wp-json\/wp\/v2\/media\/5650"}],"wp:attachment":[{"href":"https:\/\/imgist.ru\/de\/wp-json\/wp\/v2\/media?parent=5649"}],"wp:term":[{"taxonomy":"category","embeddable":true,"href":"https:\/\/imgist.ru\/de\/wp-json\/wp\/v2\/categories?post=5649"},{"taxonomy":"post_tag","embeddable":true,"href":"https:\/\/imgist.ru\/de\/wp-json\/wp\/v2\/tags?post=5649"}],"curies":[{"name":"wp","href":"https:\/\/api.w.org\/{rel}","templated":true}]}}