{"id":6109,"date":"2026-06-02T00:18:39","date_gmt":"2026-06-01T21:18:39","guid":{"rendered":"https:\/\/imgist.ru\/zhasmin-rot-iz-hgtv-podrobno-rasskazala-o-travmatichnoj-avarii-v-rezultate-kotoroj-ee-malenkaya-doch-popala-v-otdelenie-neotlozhnoj-pomoshhi-nikogda-nichego-podobnogo-ne-videla\/"},"modified":"2026-08-29T11:51:59","modified_gmt":"2026-08-29T08:51:59","slug":"jasmine-roth-von-hgtv-berichtete-ausfuhrlich-uber-den-traumatischen-unfall-der-ihre-junge-tochter-in-die-notaufnahme-brachte-sie-hatte-noch-nie-etwas-vergleichbares-erlebt","status":"publish","type":"post","link":"https:\/\/imgist.ru\/de\/zhasmin-rot-iz-hgtv-podrobno-rasskazala-o-travmatichnoj-avarii-v-rezultate-kotoroj-ee-malenkaya-doch-popala-v-otdelenie-neotlozhnoj-pomoshhi-nikogda-nichego-podobnogo-ne-videla\/","title":{"rendered":"Jasmine Roth von HGTV schilderte den &quot;traumatischen&quot; Unfall, der ihre junge Tochter in die Notaufnahme brachte: &quot;So etwas habe ich noch nie gesehen.&quot;."},"content":{"rendered":"<h3>WICHTIG ZU WISSEN<\/h3>\n<ul>\n<li>\n<p> Jasmine Roths 21 Monate alte Tochter Darla musste nach einem Sturz, bei dem sie mit dem Kopf gegen einen Couchtisch schlug, mit sieben Stichen gen\u00e4ht werden.<\/p>\n<\/li>\n<li>\n<p> Roth, die derzeit ihr drittes Kind erwartet, teilte auch ihre Bedenken mit, nachdem sie zun\u00e4chst keinen Herzschlag ihres Babys feststellen konnte.<\/p>\n<\/li>\n<li>\n<p> Der HGTV-Star erinnerte die Eltern daran, der Sicherheit ihrer Kinder Priorit\u00e4t einzur\u00e4umen und versicherte ihnen, dass sie in schwierigen Zeiten nicht allein sind.<\/p>\n<\/li>\n<\/ul>\n<p> Jasmine Roth hat neue Details \u00fcber den k\u00fcrzlichen \u00abtraumatischen\u00bb Unfall ihrer Tochter bekannt gegeben.<\/p>\n<p> In mehreren Instagram-Stories schilderte die 41-j\u00e4hrige HGTV-Moderatorin den anstrengenden Tag, den sie durchmachte, nachdem ihre 21 Monate alte Tochter Darla nach einem schweren Unfall zu Hause zum ersten Mal in die Notaufnahme eingeliefert werden musste. Roth, die mit ihrem Mann Brett Roth auch die sechsj\u00e4hrige Tochter Hazel hat, erkl\u00e4rte, dass ihre Tochter vom Sofa gefallen und mit dem Kopf gegen einen Couchtisch geknallt sei, wodurch eine Delle an der Augenbraue entstanden sei.<\/p>\n<p> \u00abHeute war ein anstrengender Tag. Darla musste zum ersten Mal in die Notaufnahme (unser erster Besuch seit der Geburt unserer Kinder), und es war wirklich schlimm\u00bb, schrieb Roth. \u00abSie fiel vom Sofa und knallte gegen den Couchtisch, wobei eine etwa 1,2 cm tiefe Delle zur\u00fcckblieb, wo eigentlich ihre Augenbraue h\u00e4tte sein sollen.\u00bb.<\/p>\n<p> \u00abIch war mit den beiden M\u00e4dchen allein zu Hause, und wir mussten sofort ins Krankenhaus. Brett kam dort vorbei. Darla geht es gut, aber die Wunde musste mit sieben Stichen gen\u00e4ht werden\u00bb, f\u00fcgte sie hinzu. \u00abEs geht ihr super. Ich r\u00e4ume unseren Couchtisch weg, bis die Kinder studieren gehen \ud83e\udd7a.\u00bb. <\/p>\n<p> Jasmine Roth und ihre Tochter. Foto: Jasmine Roth\/Instagram<\/p>\n<p> Moderator der Sendung &quot;\u00ab <em>Verborgenes Potenzial<\/em> \u00bbSie dr\u00fcckte dem \u00f6rtlichen Krankenhaus ihre immense Dankbarkeit f\u00fcr die Hilfe f\u00fcr ihre Tochter aus. Roth zeigte anschlie\u00dfend ein schockierendes Bild der Wunde ihrer Tochter und erkl\u00e4rte, sie habe \u00abso etwas noch nie gesehen\u00bb.<\/p>\n<p> \u00abEin riesiges Dankesch\u00f6n an unser \u00f6rtliches Krankenhaus, dass sie ihr wieder auf die Beine geholfen haben\u00bb, schrieb sie. \u00abLeute, so etwas habe ich noch nie erlebt. Ich hatte solche Angst um sie. Hazel schrie auch vor Angst, aber wir mussten schnell handeln. Die Arme hat geweint, aber sie war so tapfer.\u00bb.<\/p>\n<p> Die liebevolle Mutter, die ihr drittes Kind erwartet, nutzte die Gelegenheit, Eltern daran zu erinnern, dass Elternschaft nicht bedeutet, sich selbst unter Druck zu setzen, perfekt sein zu m\u00fcssen. Stattdessen versicherte Roth anderen M\u00fcttern und V\u00e4tern, dass sie in schwierigen Zeiten nicht allein sind.<\/p>\n<p> \u00abNur zur Erinnerung: Elternsein bedeutet nicht, sich selbst unter Druck zu setzen, perfekt sein zu m\u00fcssen\u00bb, schrieb sie. \u201eEs geht darum, sie so gut wie m\u00f6glich zu besch\u00fctzen und f\u00fcr sie da zu sein, wenn die Dinge nicht so laufen, wie man es sich w\u00fcnscht.\u201c.<\/p>\n<p> \u00abEs war ein traumatischer Tag, aber als die Wirkung der Narkose nachlie\u00df, war es, als w\u00e4re nichts geschehen\u00bb, f\u00fcgte Roth hinzu. \u00abWir hatten Gl\u00fcck, dass es keine schlimmeren Folgen gab, und wir konnten sie mit nach Hause nehmen, damit sie sich ausruhen und spielen konnte. Ich sende allen Eltern, die diese schwere Zeit durchmachen, meine Liebe. Ihr seid nicht allein \u2764\ufe0f.\u00bb.<\/p>\n<p> <strong>Verpassen Sie keine Neuigkeiten \u2013 abonnieren Sie uns!<\/strong> <strong>kostenloser t\u00e4glicher Newsletter PEOPLE<\/strong> <strong>, Um stets \u00fcber die besten Inhalte von PEOPLE informiert zu sein \u2013 von Promi-News bis hin zu fesselnden menschlichen Schicksalen.<\/strong><\/p>\n<p> Die dreifache Mutter sagte au\u00dferdem, dass ihr schwieriger Tag noch dadurch verschlimmert wurde, dass sie den Herzschlag ihres ungeborenen Kindes nicht sp\u00fcren konnte.<\/p>\n<p> \u00abUnd wo ich schon mal dabei bin, die Details meines Tages zu erz\u00e4hlen: Ungef\u00e4hr zehn Minuten bevor Darla sich den Kopf stie\u00df, haben wir diesen Trick ausprobiert: Wir haben mit einem iPhone und Kopfh\u00f6rern versucht, den Herzschlag des Babys zu h\u00f6ren\u00bb, erkl\u00e4rte sie. \u00abIch wusste, es war wahrscheinlich noch zu fr\u00fch, deshalb war ich nicht allzu beunruhigt, als ich keinen Herzschlag finden konnte.\u00bb.<\/p>\n<p> \u00abNachdem Darla in der Notaufnahme gen\u00e4ht wurde, erw\u00e4hnte ich das gegen\u00fcber dem Arzt und bat um eine kurze Ultraschalluntersuchung, um mich zu beruhigen. Auch sie konnten keinen Herzschlag feststellen, was, wie gesagt, kein Grund zur Sorge war, da es nicht ihr Fachgebiet war\u00bb, fuhr Roth fort. \u00abAber ich nahm Darla mit nach Hause, legte sie hin und fuhr dann selbst zur Notaufnahme der Geburtsklinik in Salt Lake City, nur um sicherzugehen. Dort fanden sie sofort einen Herzschlag und machten sogar einen kurzen Ultraschall, um zu zeigen, wie das Baby quasi Gymnastik machte, ohne dass ich etwas sp\u00fcrte. \ud83d\ude44\ud83d\ude44\u201c <strong>\u00bb<\/strong> .<\/p>\n<p> Lesen Sie den Originalartikel auf People.<\/p>","protected":false},"excerpt":{"rendered":"<p>WICHTIG ZU WISSEN: Jasmine Roths 21 Monate alte Tochter Darla musste nach einem Sturz, bei dem sie mit dem Kopf auf einen Couchtisch aufschlug, mit sieben Stichen gen\u00e4ht werden. Roth, die derzeit ihr drittes Kind erwartet, \u2026<\/p>","protected":false},"author":1,"featured_media":6110,"comment_status":"open","ping_status":"closed","sticky":false,"template":"","format":"standard","meta":{"footnotes":""},"categories":[5],"tags":[],"class_list":["post-6109","post","type-post","status-publish","format-standard","has-post-thumbnail","hentry","category-selebriti","hvn-theme-has-thumbnail"],"_links":{"self":[{"href":"https:\/\/imgist.ru\/de\/wp-json\/wp\/v2\/posts\/6109","targetHints":{"allow":["GET"]}}],"collection":[{"href":"https:\/\/imgist.ru\/de\/wp-json\/wp\/v2\/posts"}],"about":[{"href":"https:\/\/imgist.ru\/de\/wp-json\/wp\/v2\/types\/post"}],"author":[{"embeddable":true,"href":"https:\/\/imgist.ru\/de\/wp-json\/wp\/v2\/users\/1"}],"replies":[{"embeddable":true,"href":"https:\/\/imgist.ru\/de\/wp-json\/wp\/v2\/comments?post=6109"}],"version-history":[{"count":1,"href":"https:\/\/imgist.ru\/de\/wp-json\/wp\/v2\/posts\/6109\/revisions"}],"predecessor-version":[{"id":150015,"href":"https:\/\/imgist.ru\/de\/wp-json\/wp\/v2\/posts\/6109\/revisions\/150015"}],"wp:featuredmedia":[{"embeddable":true,"href":"https:\/\/imgist.ru\/de\/wp-json\/wp\/v2\/media\/6110"}],"wp:attachment":[{"href":"https:\/\/imgist.ru\/de\/wp-json\/wp\/v2\/media?parent=6109"}],"wp:term":[{"taxonomy":"category","embeddable":true,"href":"https:\/\/imgist.ru\/de\/wp-json\/wp\/v2\/categories?post=6109"},{"taxonomy":"post_tag","embeddable":true,"href":"https:\/\/imgist.ru\/de\/wp-json\/wp\/v2\/tags?post=6109"}],"curies":[{"name":"wp","href":"https:\/\/api.w.org\/{rel}","templated":true}]}}