{"id":6136,"date":"2026-06-02T00:21:06","date_gmt":"2026-06-01T21:21:06","guid":{"rendered":"https:\/\/imgist.ru\/na-novyh-fotografiyah-sdelannyh-v-chest-13-letiya-docheri-chenninga-tatuma-i-dzhenny-devan-everli-okazalas-vyshe-svoej-materi\/"},"modified":"2026-08-29T11:52:03","modified_gmt":"2026-08-29T08:52:03","slug":"auf-neuen-fotos-die-anlasslich-des-13-geburtstags-von-channing-tatum-und-jenni-devan-aufgenommen-wurden-wirkt-everly-groser-als-ihre-mutter","status":"publish","type":"post","link":"https:\/\/imgist.ru\/de\/na-novyh-fotografiyah-sdelannyh-v-chest-13-letiya-docheri-chenninga-tatuma-i-dzhenny-devan-everli-okazalas-vyshe-svoej-materi\/","title":{"rendered":"Auf neuen Fotos, die anl\u00e4sslich des 13. Geburtstags von Channing Tatum und Jenna Dewans Tochter aufgenommen wurden, wirkt Everly gr\u00f6\u00dfer als ihre Mutter."},"content":{"rendered":"<h3>Das Wesentliche<\/h3>\n<ul>\n<li>\n<p> Am 31. Mai feierte Everly, die Tochter von Channing Tatum und Jenna Dewan, ihren 13. Geburtstag.<\/p>\n<\/li>\n<li>\n<p> Anl\u00e4sslich dieses Ereignisses ver\u00f6ffentlichte Dewan auf Instagram eine Bilderserie des Teenagers.<\/p>\n<\/li>\n<li>\n<p> Neue Fotos zeigen, dass Everly bereits gr\u00f6\u00dfer ist als ihre Mutter, die 157 Zentimeter gro\u00df ist.<\/p>\n<\/li>\n<\/ul>\n<p> Channing Tatum und Jenna Dewans Tochter Everly ist nun offiziell Teenager! Am 31. Mai feierte Dewan den 13. Geburtstag ihrer Tochter mit einem r\u00fchrenden Instagram-Post voller Fotos.<\/p>\n<p> Auf dem Cover posierten Dewan und ihre \u00e4lteste Tochter l\u00e4chelnd am Strand. Everly \u00fcberragte ihre 1,80 Meter gro\u00dfe Mutter deutlich. Auch in einem anderen Video, in dem sie ihre Mutter umarmt und auf den Mund k\u00fcsst, war die Teenagerin deutlich gr\u00f6\u00dfer als Dewan. Mehrere weitere Fotos zeigten Everly als Kind. <\/p>\n<p> Jenna Dewan und ihre Tochter Everly. Foto: Jenna Dewan\/Instagram<\/p>\n<p> \u00abF\u00fcr meine Evie\u00bb, begann Dewan die Bildunterschrift ihres Instagram-Posts. \u00ab13 \ud83e\udd2f Ich schaue immer wieder auf diese Zahl und frage mich, wie das m\u00f6glich ist.\u00bb.<\/p>\n<p> \u00abEs kommt mir vor, als h\u00e4tte ich dich erst gestern in den Schlaf gewiegt, und jetzt stehe ich vor dieser unglaublichen jungen Frau. Was ich am meisten an dir liebe, ist nicht, was du erreicht hast, wie talentiert du bist oder wie kreativ und brillant du bist \u2026 Es ist, wer du bist, wenn dich niemand beobachtet\u00bb, f\u00fcgte sie hinzu.<\/p>\n<p> Dewan, 45, schrieb, dass Empathie eine der \u00abgr\u00f6\u00dften Gaben\u00bb ihrer Tochter sei und lobte au\u00dferdem Everlys \u00abFantasie, Humor und einzigartigen Charme\u00bb. <\/p>\n<p> Channing Tatum und seine Tochter Everly am 9. September 2025. Foto: Getty<\/p>\n<p> \u00abDanke, dass du mich zur Mutter gemacht hast. Danke, dass du mich in diesem Leben wiedergefunden und dein Licht in diese Familie gebracht hast. Du bist meine Seele. Danke, dass du meine beste Freundin bist\u00bb, schloss die dreifache Mutter.<\/p>\n<p> Dewan und Tatum waren von 2009 bis 2019 verheiratet und hatten eine gemeinsame Tochter namens Everly. Seitdem hat die Schauspielerin und T\u00e4nzerin mit ihrem Verlobten Steve Kazee zwei weitere Kinder bekommen. <\/p>\n<p> Channing Tatums Tochter Everly. Foto: Instagram\/Channing Tatum<\/p>\n<p> Im April ver\u00f6ffentlichte Tatum auf Instagram* eine Reihe von Fotos von Everly. Er hielt ihren Tag auf einem Renaissance-Festival fest, wo seine Tochter ein passendes Korsettkleid mit Damastmuster ausw\u00e4hlte.<\/p>\n<p> \u00abJeder Mensch auf dem Renaissance-Festival ist ein Held dieser Welt. Wenn wir doch alle so sein k\u00f6nnten! Schwerter tragen und unglaublich freundlich zueinander sein\u00bb, schrieb der Star des Films.\u00ab <em>\u00bbEinen Schritt vorw\u00e4rts\u201c<\/em> .<\/p>\n<p> Lesen Sie den Originalartikel auf InStyle.<\/p>","protected":false},"excerpt":{"rendered":"<p>Am 31. Mai feierte Everly, die Tochter von Channing Tatum und Jenna Dewan, ihren 13. Geburtstag. Zur Feier des Tages postete Dewan eine Reihe von Fotos auf Instagram\u2026<\/p>","protected":false},"author":1,"featured_media":6137,"comment_status":"open","ping_status":"closed","sticky":false,"template":"","format":"standard","meta":{"footnotes":""},"categories":[5],"tags":[],"class_list":["post-6136","post","type-post","status-publish","format-standard","has-post-thumbnail","hentry","category-selebriti","hvn-theme-has-thumbnail"],"_links":{"self":[{"href":"https:\/\/imgist.ru\/de\/wp-json\/wp\/v2\/posts\/6136","targetHints":{"allow":["GET"]}}],"collection":[{"href":"https:\/\/imgist.ru\/de\/wp-json\/wp\/v2\/posts"}],"about":[{"href":"https:\/\/imgist.ru\/de\/wp-json\/wp\/v2\/types\/post"}],"author":[{"embeddable":true,"href":"https:\/\/imgist.ru\/de\/wp-json\/wp\/v2\/users\/1"}],"replies":[{"embeddable":true,"href":"https:\/\/imgist.ru\/de\/wp-json\/wp\/v2\/comments?post=6136"}],"version-history":[{"count":3,"href":"https:\/\/imgist.ru\/de\/wp-json\/wp\/v2\/posts\/6136\/revisions"}],"predecessor-version":[{"id":150037,"href":"https:\/\/imgist.ru\/de\/wp-json\/wp\/v2\/posts\/6136\/revisions\/150037"}],"wp:featuredmedia":[{"embeddable":true,"href":"https:\/\/imgist.ru\/de\/wp-json\/wp\/v2\/media\/6137"}],"wp:attachment":[{"href":"https:\/\/imgist.ru\/de\/wp-json\/wp\/v2\/media?parent=6136"}],"wp:term":[{"taxonomy":"category","embeddable":true,"href":"https:\/\/imgist.ru\/de\/wp-json\/wp\/v2\/categories?post=6136"},{"taxonomy":"post_tag","embeddable":true,"href":"https:\/\/imgist.ru\/de\/wp-json\/wp\/v2\/tags?post=6136"}],"curies":[{"name":"wp","href":"https:\/\/api.w.org\/{rel}","templated":true}]}}