{"id":6423,"date":"2026-06-02T03:18:59","date_gmt":"2026-06-02T00:18:59","guid":{"rendered":"https:\/\/imgist.ru\/sabrina-karpenter-podala-zayavlenie-o-vydache-ohrannogo-ordera-protiv-muzhchiny-kotoryj-neodnokratno-pronikal-na-territoriyu-ee-doma-v-los-andzhelese\/"},"modified":"2026-06-02T03:18:59","modified_gmt":"2026-06-02T00:18:59","slug":"sabrina-carpenter-beantragte-eine-schutzanordnung-gegen-einen-mann-der-wiederholt-unbefugt-ihr-haus-in-los-angeles-betreten-hatte","status":"publish","type":"post","link":"https:\/\/imgist.ru\/de\/sabrina-karpenter-podala-zayavlenie-o-vydache-ohrannogo-ordera-protiv-muzhchiny-kotoryj-neodnokratno-pronikal-na-territoriyu-ee-doma-v-los-andzhelese\/","title":{"rendered":"Sabrina Carpenter beantragte eine Schutzanordnung gegen einen Mann, der wiederholt in ihr Haus in Los Angeles eingebrochen war."},"content":{"rendered":"<p>Die Pops\u00e4ngerin Sabrina Carpenter hat laut Gerichtsakten einen Antrag auf einstweilige Verf\u00fcgung gegen einen 31-j\u00e4hrigen Mann gestellt, den sie f\u00fcr einen Fremden h\u00e4lt und der wiederholt in ihre Wohnung in Los Angeles eingebrochen ist.<\/p>\n<p> Carpenter sagte, sie habe den Angeklagten William Applegate noch nie getroffen und habe auch kein Interesse daran, ihn kennenzulernen.<\/p>\n<p> In ihrer Gerichtsakte beschreibt sie mehrere Vorf\u00e4lle, die am 23. Mai begannen. An diesem Tag durchbrach Applegate offenbar gewaltsam ihren Zaun und erreichte die T\u00fcr, wie Aufnahmen der Ring-T\u00fcrklingel belegen, die der Akte beigef\u00fcgt sind. Carpenter behauptet, er habe versucht, sich gewaltsam Zutritt zu verschaffen, sei aber von ihrem Sicherheitsteam daran gehindert worden. Die Polizei von Los Angeles nahm Applegate daraufhin wegen Hausfriedensbruchs fest.<\/p>\n<p> Laut Carpenter und ihren Anw\u00e4lten kehrte Applegate am n\u00e4chsten Tag zu ihrem Haus zur\u00fcck und verweilte dort etwa zwei Stunden lang in ihrer Einfahrt. Dar\u00fcber hinaus scheint er auch am darauffolgenden Tag wieder bei ihr gewesen zu sein.<\/p>\n<p> Die Schikanen gegen Applegate sollen bereits am 20. April begonnen haben.<\/p>\n<p> Sie beschrieb Applegate als einen wahnhaften Menschen und f\u00fcrchtete, was er tun k\u00f6nnte. Laut dem ermittelnden Kriminalbeamten stellt Applegate aufgrund seiner psychischen Instabilit\u00e4t eine klare Gefahr f\u00fcr Carpenter dar.<\/p>\n<p> Applegate soll am 18. Juni vor Gericht erscheinen.<\/p>\n<p> Der Artikel \u00abSabrina Carpenter beantragt eine einstweilige Verf\u00fcgung gegen einen Mann, der wiederholt in ihr Haus in Los Angeles eingebrochen ist\u00bb erschien zuerst auf Where Is The Buzz | Breaking News, Entertainment, Exclusive Interviews &amp; More.<\/p>","protected":false},"excerpt":{"rendered":"<p>Laut Gerichtsakten hat die Pops\u00e4ngerin Sabrina Carpenter eine einstweilige Verf\u00fcgung gegen einen 31-j\u00e4hrigen Mann beantragt, den sie f\u00fcr einen Fremden h\u00e4lt, der wiederholt in ihr Haus eingedrungen ist.<\/p>","protected":false},"author":1,"featured_media":6424,"comment_status":"open","ping_status":"closed","sticky":false,"template":"","format":"standard","meta":{"footnotes":""},"categories":[5],"tags":[],"class_list":["post-6423","post","type-post","status-publish","format-standard","has-post-thumbnail","hentry","category-selebriti","hvn-theme-has-thumbnail"],"_links":{"self":[{"href":"https:\/\/imgist.ru\/de\/wp-json\/wp\/v2\/posts\/6423","targetHints":{"allow":["GET"]}}],"collection":[{"href":"https:\/\/imgist.ru\/de\/wp-json\/wp\/v2\/posts"}],"about":[{"href":"https:\/\/imgist.ru\/de\/wp-json\/wp\/v2\/types\/post"}],"author":[{"embeddable":true,"href":"https:\/\/imgist.ru\/de\/wp-json\/wp\/v2\/users\/1"}],"replies":[{"embeddable":true,"href":"https:\/\/imgist.ru\/de\/wp-json\/wp\/v2\/comments?post=6423"}],"version-history":[{"count":0,"href":"https:\/\/imgist.ru\/de\/wp-json\/wp\/v2\/posts\/6423\/revisions"}],"wp:featuredmedia":[{"embeddable":true,"href":"https:\/\/imgist.ru\/de\/wp-json\/wp\/v2\/media\/6424"}],"wp:attachment":[{"href":"https:\/\/imgist.ru\/de\/wp-json\/wp\/v2\/media?parent=6423"}],"wp:term":[{"taxonomy":"category","embeddable":true,"href":"https:\/\/imgist.ru\/de\/wp-json\/wp\/v2\/categories?post=6423"},{"taxonomy":"post_tag","embeddable":true,"href":"https:\/\/imgist.ru\/de\/wp-json\/wp\/v2\/tags?post=6423"}],"curies":[{"name":"wp","href":"https:\/\/api.w.org\/{rel}","templated":true}]}}