{"id":6683,"date":"2026-06-02T08:13:46","date_gmt":"2026-06-02T05:13:46","guid":{"rendered":"https:\/\/imgist.ru\/sajmon-kouell-nazval-imya-uchastnika-shou-got-talent-kotoryj-princzipil-nashu-programmu-luchshe-chem-lyuboj-drugoj-konkursant\/"},"modified":"2026-08-29T11:55:41","modified_gmt":"2026-08-29T08:55:41","slug":"sam-kowell-nannte-den-kandidaten-bei-shou-got-talent-der-ein-besseres-programm-als-alle-anderen-kandidaten-prasentierte","status":"publish","type":"post","link":"https:\/\/imgist.ru\/de\/sajmon-kouell-nazval-imya-uchastnika-shou-got-talent-kotoryj-princzipil-nashu-programmu-luchshe-chem-lyuboj-drugoj-konkursant\/","title":{"rendered":"Simon Cowell hat den Kandidaten von \u00abGot Talent\u00bb benannt, der \u00abdie Prinzipien unseres Programms besser verk\u00f6rpert hat als jeder andere Kandidat\u00bb."},"content":{"rendered":"<h3>Grundversorgung<\/h3>\n<ul>\n<li>\n<p> Richter der Show <em>\u00abAmerica&#039;s Got Talent\u00bb<\/em> Simon Cowell erinnert sich an Susan Boyles viralen Auftritt bei ihrem Vorsprechen f\u00fcr die britische Version der Show im Jahr 2009.<\/p>\n<\/li>\n<li>\n<p> Cowell sagte, er sei von der Kandidatin \u00ababsolut\u00bb begeistert.<\/p>\n<\/li>\n<li>\n<p> Staffelpremiere 21 <em>AGT<\/em> findet am Dienstag statt.<\/p>\n<\/li>\n<\/ul>\n<p> Simon Cowell ist Susan Boyle sehr dankbar.<\/p>\n<p> Richter der Show <em>\u00abAmerica&#039;s Got Talent\u00bb<\/em> , bekannt f\u00fcr seine nicht immer angenehmen Umgangsformen, \u00e4u\u00dferte sich k\u00fcrzlich enthusiastisch \u00fcber den S\u00e4nger, der 2009 f\u00fcr die Show vorgesprochen hatte. <em>\u00abBritain&#039;s Got Talent\u00bb<\/em> \u2014 vor den Juroren Cowell, Piers Morgan und Amanda Holden \u2014 mit dem Lied \u00abI Dreamed a Dream\u00bb. Ihre atemberaubende Interpretation des Liedes aus \u00abLes Mis\u00e9rables\u00bb ging schnell viral.<\/p>\n<p> \u00abIch verehre sie absolut\u00bb, sagte Cowell in einem Interview. <em>Extra<\/em> . \u00abSie hat unserer Show mehr Wert verliehen als wahrscheinlich jeder andere Kandidat.\u00bb.<\/p>\n<p> Boyle hat der Reality-Show, die damals erst in ihrer dritten Staffel lief, sicherlich viel Aufmerksamkeit verschafft.<\/p>\n<p> Anfang dieses Monats behauptete Cowell, dass er und die anderen Juroren Boyle bei ihrem ersten Auftritt in der Show schlecht behandelt h\u00e4tten, und bezeichnete sie als \u00abschrecklich\u00bb.<\/p>\n<p> <strong><em>Erhalten Sie t\u00e4glich Unterhaltungsnachrichten, Promi-Updates und Filmempfehlungen mit unserem<\/em><\/strong> <strong><em>EW Dispatch-Newsletter<\/em><\/strong> <strong><em>.<\/em><\/strong><\/p>\n<p> In einem Interview mit einem Nachrichtenmagazin behauptete er, er habe die Kandidatin, die \u00fcber eine unglaubliche Stimme verf\u00fcge, schon vor ihrem Auftritt falsch eingesch\u00e4tzt.<\/p>\n<p> \u00abSusan ist ein ganz normaler Mensch, und ich glaube, ich habe sie aus dem Augenwinkel hinter der B\u00fchne herumalbern sehen, weil ich sie f\u00fcr eine Komikerin, eine Stand-up-Comedian, hielt\u00bb, sagte Cowell. \u00abUnd ja, da war dieser ber\u00fchmte, furchteinfl\u00f6\u00dfende Blick zwischen Piers und mir. Genau so waren wir an dem Tag. Und ich wollte den Leuten zeigen, dass man nicht nach dem \u00c4u\u00dferen urteilen sollte.\u00bb.<\/p>\n<p> Die schottische S\u00e4ngerin belegte in der Staffel den zweiten Platz und nahm anschlie\u00dfend an der Show teil. <em>\u00ab&quot;America&#039;s Got Talent: Die Champions&quot;\u00bb<\/em> . Sie steigerte die Einschaltquoten beider Shows enorm, ganz zu schweigen von Millionen verkaufter Alben und einer Welttournee. Letzte Woche pr\u00e4sentierte sie einen glamour\u00f6sen neuen Look und deutete damit ein weiteres Projekt an.<\/p>\n<p> Sie und Cowell sind inzwischen Freunde geworden: Er nannte sie \u00abdie unglaublichste Person\u00bb und sie sagte, er sei \u00abdie gr\u00f6\u00dfte Inspiration in meiner Karriere\u00bb.<\/p>\n<p> Cowell beginnt die 21. Saison <em>America&#039;s Got Talent\u00ab<\/em> mit einer freundlicheren Haltung. <\/p>\n<p> Susan Boyle bei \u00abBritain\u2019s Got Talent\u00bb. Foto: Ken Mackay\/Shutterstock<\/p>\n<p> Ein Richter, der in der Jury des amerikanischen Gerichts dient <em>AGT-Show<\/em> Zusammen mit Mel B, Howie Mandel und Sofia Vergara verk\u00fcndete er, dass er eine neue Gruppe von Mitgliedern zu sich nach Hause eingeladen habe.<\/p>\n<p> \u00abEs war wirklich toll, am ersten Tag mit jedem Kandidaten etwa 20 bis 30 Minuten zusammensitzen und ihn richtig kennenlernen zu k\u00f6nnen\u00bb, sagte Cowell. \u00abIch habe immer wieder betont: \u201eSie sind hier als mein Gast, essen, trinken, tun Sie, was immer Sie wollen\u201c, so sehr, dass einer der Kandidaten sich offenbar ein Schlafzimmer gesucht und geduscht hat.\u00bb.<\/p>\n<p> Neue Staffel der Serie \u00bb <em>America&#039;s Got Talent\u00bb<\/em> Die Sendung wird am Dienstag um 20:00 Uhr ET\/PT auf NBC ausgestrahlt.<\/p>\n<p> Lesen Sie den Originalartikel in Entertainment Weekly.<\/p>","protected":false},"excerpt":{"rendered":"<p>Wichtige Punkte: \u00abAmerica\u2019s Got Talent\u00bb-Juror Simon Cowell erinnert sich an Susan Boyles viralen Auftritt bei ihrem Vorsprechen f\u00fcr die britische Version der Show im Jahr 2009. Cowell sagte\u2026<\/p>","protected":false},"author":1,"featured_media":6684,"comment_status":"open","ping_status":"closed","sticky":false,"template":"","format":"standard","meta":{"footnotes":""},"categories":[6],"tags":[],"class_list":["post-6683","post","type-post","status-publish","format-standard","has-post-thumbnail","hentry","category-kinoindustriya","hvn-theme-has-thumbnail"],"_links":{"self":[{"href":"https:\/\/imgist.ru\/de\/wp-json\/wp\/v2\/posts\/6683","targetHints":{"allow":["GET"]}}],"collection":[{"href":"https:\/\/imgist.ru\/de\/wp-json\/wp\/v2\/posts"}],"about":[{"href":"https:\/\/imgist.ru\/de\/wp-json\/wp\/v2\/types\/post"}],"author":[{"embeddable":true,"href":"https:\/\/imgist.ru\/de\/wp-json\/wp\/v2\/users\/1"}],"replies":[{"embeddable":true,"href":"https:\/\/imgist.ru\/de\/wp-json\/wp\/v2\/comments?post=6683"}],"version-history":[{"count":1,"href":"https:\/\/imgist.ru\/de\/wp-json\/wp\/v2\/posts\/6683\/revisions"}],"predecessor-version":[{"id":150532,"href":"https:\/\/imgist.ru\/de\/wp-json\/wp\/v2\/posts\/6683\/revisions\/150532"}],"wp:featuredmedia":[{"embeddable":true,"href":"https:\/\/imgist.ru\/de\/wp-json\/wp\/v2\/media\/6684"}],"wp:attachment":[{"href":"https:\/\/imgist.ru\/de\/wp-json\/wp\/v2\/media?parent=6683"}],"wp:term":[{"taxonomy":"category","embeddable":true,"href":"https:\/\/imgist.ru\/de\/wp-json\/wp\/v2\/categories?post=6683"},{"taxonomy":"post_tag","embeddable":true,"href":"https:\/\/imgist.ru\/de\/wp-json\/wp\/v2\/tags?post=6683"}],"curies":[{"name":"wp","href":"https:\/\/api.w.org\/{rel}","templated":true}]}}